{"id":8650,"date":"2024-09-26T18:21:56","date_gmt":"2024-09-26T21:21:56","guid":{"rendered":"https:\/\/focotocantinense.com.br\/?p=8650"},"modified":"2024-09-26T18:22:40","modified_gmt":"2024-09-26T21:22:40","slug":"fetac-oferece-formacao-gratuita-em-artes-cenicas-para-artistas-de-gurupi","status":"publish","type":"post","link":"https:\/\/focotocantinense.com.br\/?p=8650","title":{"rendered":"Fetac oferece forma\u00e7\u00e3o gratuita em artes c\u00eanicas para artistas de Gurupi"},"content":{"rendered":"\n<p>Aten\u00e7\u00e3o, artistas de Gurupi. Est\u00e3o abertas as inscri\u00e7\u00f5es para alunos da primeira turma do N\u00facleo de Forma\u00e7\u00e3o C\u00eanica que comp\u00f5e o Programa de Forma\u00e7\u00e3o Art\u00edstica (Profoart), da Federa\u00e7\u00e3o Tocantinense de Artes C\u00eanicas (Fetac). As inscri\u00e7\u00f5es s\u00e3o gratuitas, podem ser feitas somente at\u00e9 s\u00e1bado, 28, e podem ser realizadas por meio do site da Fetac, no&nbsp; link dispon\u00edvel na Bio e stories do Instagram @fetac.oficial.<\/p>\n\n\n\n<p>Os candidatos ser\u00e3o selecionados por ordem de inscri\u00e7\u00e3o, n\u00e3o sendo necess\u00e1ria experi\u00eancia pr\u00e9via. As aulas em Gurupi ser\u00e3o ministradas pelo diretor e professor Fernando Fran\u00e7a e. Durante 10 meses os alunos ter\u00e3o conhecimentos b\u00e1sicos de teatro, dan\u00e7a, circo e ao final apresentar\u00e3o um espet\u00e1culo c\u00eanico como resultado do processo formativo, com carga hor\u00e1ria de 320 h\/a (entre pr\u00e1tica e estudos remotos).<\/p>\n\n\n\n<p>O Programa de Forma\u00e7\u00e3o Art\u00edstica (Profoart), realizado pela Federa\u00e7\u00e3o Tocantinense de Artes C\u00eanicas (Fetac), faz parte da Rede Nacional de Escolas Livres de Forma\u00e7\u00e3o do Minist\u00e9rio da Cultura, comprometido com a democratiza\u00e7\u00e3o do acesso \u00e0 educa\u00e7\u00e3o art\u00edstica. A iniciativa oferece uma oportunidade \u00fanica para jovens e adultos que desejam ingressar no mundo das artes, com cursos que visam o desenvolvimento de habilidades pr\u00e1ticas e te\u00f3ricas nas artes c\u00eanicas, tamb\u00e9m aplic\u00e1veis em diversas \u00e1reas da vida.<\/p>\n\n\n\n<p><strong>Programa N\u00facleo de Forma\u00e7\u00e3o<\/strong><\/p>\n\n\n\n<p>O N\u00facleo de Forma\u00e7\u00e3o C\u00eanica se desenvolver\u00e1 em 3 polos, sendo Aragua\u00edna, Gurupi e Palmas, para Escolas de Forma\u00e7\u00e3o Art\u00edstica de car\u00e1ter permanente, que desenvolver\u00e3o capacita\u00e7\u00f5es&nbsp; para artistas de todos os n\u00edveis de conhecimento, sendo 40 vagas por munic\u00edpio. Contudo, nos munic\u00edpios de Aragua\u00edna e Palmas as vagas j\u00e1 foram preenchidas.&nbsp;<\/p>\n\n\n\n<p>De acordo com o presidente da Fetac e coordenador geral do Programa, Kak\u00e1 Nogueira, a inten\u00e7\u00e3o \u00e9 alcan\u00e7ar pessoas em diferentes contextos, com aulas presenciais nas tr\u00eas regi\u00f5es do Estado, permitindo uma maior inclus\u00e3o e descentraliza\u00e7\u00e3o da forma\u00e7\u00e3o cultural.<\/p>\n\n\n\n<p><strong>Capacita\u00e7\u00e3o Fomento \u00e0 Cultura<\/strong><\/p>\n\n\n\n<p>O Profoart conta com patroc\u00ednio do programa Olhos d\u2019\u00e1gua, criado para estimular e promover a descentraliza\u00e7\u00e3o dos processos de informa\u00e7\u00e3o no campo art\u00edstico-cultural em todo territ\u00f3rio nacional. A gest\u00e3o do projeto \u00e9 da Federa\u00e7\u00e3o Tocantinense de Artes C\u00eanicas (Fetac), via Minist\u00e9rio da Cultura &#8211; lei n\u00ba12.343, de 02 de dezembro de 2010, ap\u00f3s sele\u00e7\u00e3o em edital que selecionou 70 organiza\u00e7\u00f5es da Sociedade civil em todo o Pa\u00eds.<\/p>\n\n\n\n<figure class=\"wp-block-image size-full\"><img loading=\"lazy\" decoding=\"async\" width=\"780\" height=\"530\" src=\"https:\/\/focotocantinense.com.br\/wp-content\/uploads\/2024\/09\/aaaaaaaaaaaaaaaaaaaaaaaaaaaaaaaaaaaaa.jpeg\" alt=\"\" class=\"wp-image-8651\" srcset=\"https:\/\/focotocantinense.com.br\/wp-content\/uploads\/2024\/09\/aaaaaaaaaaaaaaaaaaaaaaaaaaaaaaaaaaaaa.jpeg 780w, https:\/\/focotocantinense.com.br\/wp-content\/uploads\/2024\/09\/aaaaaaaaaaaaaaaaaaaaaaaaaaaaaaaaaaaaa-300x204.jpeg 300w, https:\/\/focotocantinense.com.br\/wp-content\/uploads\/2024\/09\/aaaaaaaaaaaaaaaaaaaaaaaaaaaaaaaaaaaaa-768x522.jpeg 768w, https:\/\/focotocantinense.com.br\/wp-content\/uploads\/2024\/09\/aaaaaaaaaaaaaaaaaaaaaaaaaaaaaaaaaaaaa-110x75.jpeg 110w\" sizes=\"auto, (max-width: 780px) 100vw, 780px\" \/><\/figure>\n\n\n\n<p><\/p>\n\n\n\n<p><\/p>\n\n\n\n<p><strong>Rede<\/strong><\/p>\n\n\n\n<p>A Rede Nacional de Escolas Livres de Forma\u00e7\u00e3o em Arte e Cultura tem o objetivo de trabalhar com forma\u00e7\u00e3o art\u00edstico e cultural durante um ano com articula\u00e7\u00e3o de Escolas para a troca de experi\u00eancias, debates coletivos e constru\u00e7\u00e3o de conhecimento, com o objetivo de estimular e promover metodologias destinadas \u00e0 constru\u00e7\u00e3o de espa\u00e7os de cria\u00e7\u00e3o, frui\u00e7\u00e3o, reflex\u00e3o art\u00edstica e sociocultural.<\/p>\n\n\n\n<p>A premissa do Edital de Escolas Livres de Forma\u00e7\u00e3o em Arte e Cultura \u00e9 a interface entre arte, cultura e educa\u00e7\u00e3o para forma\u00e7\u00e3o profissional e o desenvolvimento de experi\u00eancias est\u00e9ticas, habilidades para a vida em sociedade, e a redu\u00e7\u00e3o de desigualdades socioecon\u00f4micas e culturais em conson\u00e2ncia com os princ\u00edpios democr\u00e1ticos de direitos humanos.<\/p>\n\n\n\n<p><strong>FICHA T\u00c9CNICA:<\/strong><\/p>\n\n\n\n<p><strong>Realiza\u00e7\u00e3o: <\/strong>Federa\u00e7\u00e3o Tocantinense de Artes C\u00eanicas &#8211; FETAC<\/p>\n\n\n\n<p><strong>Apoio: <\/strong>Minist\u00e9rio da Cultura, Secretaria de Forma\u00e7\u00e3o, Livro e Leitura &#8211; Programa Nacional Escolas Livres de Forma\u00e7\u00e3o em Arte e Cultura &#8211; Olhos D&#8217;agua &#8211; Federa\u00e7\u00e3o Tocantinense de Artes C\u00eanicas &#8211; Fundo Nacional de Cultura.<\/p>\n\n\n\n<p><strong>Coordenador Geral: <\/strong>Kak\u00e1 Nogueira<\/p>\n\n\n\n<p><strong>Coordenadora do Profoart: <\/strong>Bell Gama<\/p>\n\n\n\n<p><strong>Coordenador Geral C\u00eanico: <\/strong>Justino Vettore<\/p>\n\n\n\n<p><strong>Assessora de Imprensa:<\/strong> Cinthia Abreu<\/p>\n\n\n\n<p><strong>Produtor Geral:<\/strong> Osmar Siqueira<\/p>\n\n\n\n<p><strong>Assistente da Coordena\u00e7\u00e3o C\u00eanica<\/strong>: Pedro Macedo<\/p>\n\n\n\n<p><strong>Professores selecionados<\/strong> &#8211; an\u00e1lise curricular: Josely Aquino &#8211; Palmas; Drica Mendon\u00e7a e Fernando Fran\u00e7a \u2013 Gurupi; George Henrique&nbsp;&#8211;&nbsp;Aragua\u00edna<\/p>\n\n\n\n<figure class=\"wp-block-image size-full\"><img loading=\"lazy\" decoding=\"async\" width=\"843\" height=\"251\" src=\"https:\/\/focotocantinense.com.br\/wp-content\/uploads\/2024\/09\/VINI_181_282-1-6.jpg\" alt=\"\" class=\"wp-image-8612\" srcset=\"https:\/\/focotocantinense.com.br\/wp-content\/uploads\/2024\/09\/VINI_181_282-1-6.jpg 843w, https:\/\/focotocantinense.com.br\/wp-content\/uploads\/2024\/09\/VINI_181_282-1-6-300x89.jpg 300w, https:\/\/focotocantinense.com.br\/wp-content\/uploads\/2024\/09\/VINI_181_282-1-6-768x229.jpg 768w\" sizes=\"auto, (max-width: 843px) 100vw, 843px\" \/><\/figure>\n","protected":false},"excerpt":{"rendered":"<p>Aten\u00e7\u00e3o, artistas de Gurupi. Est\u00e3o abertas as inscri\u00e7\u00f5es para alunos da primeira turma do N\u00facleo de Forma\u00e7\u00e3o C\u00eanica que comp\u00f5e o Programa de Forma\u00e7\u00e3o Art\u00edstica (Profoart), da Federa\u00e7\u00e3o Tocantinense de Artes C\u00eanicas (Fetac). As inscri\u00e7\u00f5es s\u00e3o gratuitas, podem ser feitas somente at\u00e9 s\u00e1bado, 28, e podem ser realizadas por meio do site da Fetac, no&nbsp; &hellip;<\/p>\n","protected":false},"author":5,"featured_media":8651,"comment_status":"open","ping_status":"open","sticky":false,"template":"","format":"standard","meta":{"footnotes":""},"categories":[1],"tags":[],"class_list":["post-8650","post","type-post","status-publish","format-standard","has-post-thumbnail","","category-sem-categoria"],"_links":{"self":[{"href":"https:\/\/focotocantinense.com.br\/index.php?rest_route=\/wp\/v2\/posts\/8650","targetHints":{"allow":["GET"]}}],"collection":[{"href":"https:\/\/focotocantinense.com.br\/index.php?rest_route=\/wp\/v2\/posts"}],"about":[{"href":"https:\/\/focotocantinense.com.br\/index.php?rest_route=\/wp\/v2\/types\/post"}],"author":[{"embeddable":true,"href":"https:\/\/focotocantinense.com.br\/index.php?rest_route=\/wp\/v2\/users\/5"}],"replies":[{"embeddable":true,"href":"https:\/\/focotocantinense.com.br\/index.php?rest_route=%2Fwp%2Fv2%2Fcomments&post=8650"}],"version-history":[{"count":2,"href":"https:\/\/focotocantinense.com.br\/index.php?rest_route=\/wp\/v2\/posts\/8650\/revisions"}],"predecessor-version":[{"id":8653,"href":"https:\/\/focotocantinense.com.br\/index.php?rest_route=\/wp\/v2\/posts\/8650\/revisions\/8653"}],"wp:featuredmedia":[{"embeddable":true,"href":"https:\/\/focotocantinense.com.br\/index.php?rest_route=\/wp\/v2\/media\/8651"}],"wp:attachment":[{"href":"https:\/\/focotocantinense.com.br\/index.php?rest_route=%2Fwp%2Fv2%2Fmedia&parent=8650"}],"wp:term":[{"taxonomy":"category","embeddable":true,"href":"https:\/\/focotocantinense.com.br\/index.php?rest_route=%2Fwp%2Fv2%2Fcategories&post=8650"},{"taxonomy":"post_tag","embeddable":true,"href":"https:\/\/focotocantinense.com.br\/index.php?rest_route=%2Fwp%2Fv2%2Ftags&post=8650"}],"curies":[{"name":"wp","href":"https:\/\/api.w.org\/{rel}","templated":true}]}}