{"id":8646,"date":"2024-09-25T18:37:43","date_gmt":"2024-09-25T21:37:43","guid":{"rendered":"https:\/\/focotocantinense.com.br\/?p=8646"},"modified":"2024-09-25T18:37:44","modified_gmt":"2024-09-25T21:37:44","slug":"jornal-primeira-pagina-de-sandra-miranda-noticia-virada-de-seu-desafeto-politico-toinho-andrade-na-corrida-eleitoral-em-porto-nacional","status":"publish","type":"post","link":"https:\/\/focotocantinense.com.br\/?p=8646","title":{"rendered":"Jornal Primeira P\u00e1gina, de Sandra Miranda, noticia virada de seu desafeto pol\u00edtico Toinho Andrade, na corrida eleitoral em Porto Nacional"},"content":{"rendered":"\n<p>O levantamento mostra Toinho com 47% das inten\u00e7\u00f5es de votos, contra 43% do atual prefeito, Ronivon Maciel<\/p>\n\n\n\n<figure class=\"wp-block-image size-full is-resized\"><img loading=\"lazy\" decoding=\"async\" width=\"968\" height=\"592\" src=\"https:\/\/focotocantinense.com.br\/wp-content\/uploads\/2024\/09\/WhatsApp-Image-2024-09-25-at-16.12.55.jpeg\" alt=\"\" class=\"wp-image-8647\" style=\"width:392px;height:auto\" srcset=\"https:\/\/focotocantinense.com.br\/wp-content\/uploads\/2024\/09\/WhatsApp-Image-2024-09-25-at-16.12.55.jpeg 968w, https:\/\/focotocantinense.com.br\/wp-content\/uploads\/2024\/09\/WhatsApp-Image-2024-09-25-at-16.12.55-300x183.jpeg 300w, https:\/\/focotocantinense.com.br\/wp-content\/uploads\/2024\/09\/WhatsApp-Image-2024-09-25-at-16.12.55-768x470.jpeg 768w\" sizes=\"auto, (max-width: 968px) 100vw, 968px\" \/><\/figure>\n\n\n\n<p>\u00c9 press\u00e3o em Porto Nacional! H\u00e1 11 dias das elei\u00e7\u00f5es municipais, o Instituto Voz e Pesquisa Tocantins Eireli (V\u00f3pe) divulgou nesta quarta-feira, 25, mais um levantamento de inten\u00e7\u00f5es de voto, onde os dois principais candidatos, Toinho Andrade e Ronivon Maciel, aparecem em empate t\u00e9cnico, ainda que numericamente o deputado federal esteja em vantagem em rela\u00e7\u00e3o ao atual prefeito, Ronivon Maciel.<\/p>\n\n\n\n<p>A pesquisa foi divulgada pelo Jornal Primeira P\u00e1gina, da jornalista Sandra Miranda, com quem o deputado j\u00e1 trocou farpas publicamente in\u00fameras vezes.<\/p>\n\n\n\n<p>Tendo em vista que a margem de erro da pesquisa \u00e9 de 4,4 pontos percentuais para mais ou para menos, e Toinho Andrade (Republicanos) obt\u00e9m 47% das inten\u00e7\u00f5es de votos contra 43% de Ronivon Maciel (Uni\u00e3o Brasil) h\u00e1 um empate t\u00e9cnico entre os candidatos na lideran\u00e7a quando a mesma \u00e9 considerada.<\/p>\n\n\n\n<p>Nelcir Formehl vem na sequ\u00eancia com 2%, e \u00c1lvaro da A7 aparece com 1%, indecisos somam 5%, disseram votar branco e nulo 2%.<\/p>\n\n\n\n<p>Na compara\u00e7\u00e3o com o levantamento anterior do Instituto V\u00d3PE, feito em agosto, Andrade cresceu 4 pontos percentuais e assumiu a lideran\u00e7a num\u00e9rica da disputa eleitoral pela prefeitura de Porto Nacional. Como a margem de erro da pesquisa \u00e9 de 4,4 pontos percentuais para mais ou para menos, h\u00e1 um empate t\u00e9cnico entre os candidatos na lideran\u00e7a quando a mesma \u00e9 considerada.<\/p>\n\n\n\n<p>Comparando o resultado de hoje, 25 de setembro, com o levantamento anterior do Instituto V\u00d3PE, feito em agosto, Toinho cresceu 4 pontos.<\/p>\n\n\n\n<figure class=\"wp-block-image size-full\"><img loading=\"lazy\" decoding=\"async\" width=\"968\" height=\"592\" src=\"https:\/\/focotocantinense.com.br\/wp-content\/uploads\/2024\/09\/WhatsApp-Image-2024-09-25-at-16.12.55-1.jpeg\" alt=\"\" class=\"wp-image-8648\" srcset=\"https:\/\/focotocantinense.com.br\/wp-content\/uploads\/2024\/09\/WhatsApp-Image-2024-09-25-at-16.12.55-1.jpeg 968w, https:\/\/focotocantinense.com.br\/wp-content\/uploads\/2024\/09\/WhatsApp-Image-2024-09-25-at-16.12.55-1-300x183.jpeg 300w, https:\/\/focotocantinense.com.br\/wp-content\/uploads\/2024\/09\/WhatsApp-Image-2024-09-25-at-16.12.55-1-768x470.jpeg 768w\" sizes=\"auto, (max-width: 968px) 100vw, 968px\" \/><\/figure>\n\n\n\n<p>A pesquisa foi realizada entre os dias 22 a 24 de setembro de 2024, e ouviu 500 eleitores, sendo registrada na Justi\u00e7a Eleitoral sob o n\u00famero TO-08323\/2024. A margem de erro \u00e9 de 4,4 pontos percentuais, para mais ou para menos, e o n\u00edvel de confian\u00e7a \u00e9 de 95%.<\/p>\n","protected":false},"excerpt":{"rendered":"<p>O levantamento mostra Toinho com 47% das inten\u00e7\u00f5es de votos, contra 43% do atual prefeito, Ronivon Maciel \u00c9 press\u00e3o em Porto Nacional! H\u00e1 11 dias das elei\u00e7\u00f5es municipais, o Instituto Voz e Pesquisa Tocantins Eireli (V\u00f3pe) divulgou nesta quarta-feira, 25, mais um levantamento de inten\u00e7\u00f5es de voto, onde os dois principais candidatos, Toinho Andrade e &hellip;<\/p>\n","protected":false},"author":5,"featured_media":8648,"comment_status":"open","ping_status":"open","sticky":false,"template":"","format":"standard","meta":{"footnotes":""},"categories":[1],"tags":[],"class_list":["post-8646","post","type-post","status-publish","format-standard","has-post-thumbnail","","category-sem-categoria"],"_links":{"self":[{"href":"https:\/\/focotocantinense.com.br\/index.php?rest_route=\/wp\/v2\/posts\/8646","targetHints":{"allow":["GET"]}}],"collection":[{"href":"https:\/\/focotocantinense.com.br\/index.php?rest_route=\/wp\/v2\/posts"}],"about":[{"href":"https:\/\/focotocantinense.com.br\/index.php?rest_route=\/wp\/v2\/types\/post"}],"author":[{"embeddable":true,"href":"https:\/\/focotocantinense.com.br\/index.php?rest_route=\/wp\/v2\/users\/5"}],"replies":[{"embeddable":true,"href":"https:\/\/focotocantinense.com.br\/index.php?rest_route=%2Fwp%2Fv2%2Fcomments&post=8646"}],"version-history":[{"count":1,"href":"https:\/\/focotocantinense.com.br\/index.php?rest_route=\/wp\/v2\/posts\/8646\/revisions"}],"predecessor-version":[{"id":8649,"href":"https:\/\/focotocantinense.com.br\/index.php?rest_route=\/wp\/v2\/posts\/8646\/revisions\/8649"}],"wp:featuredmedia":[{"embeddable":true,"href":"https:\/\/focotocantinense.com.br\/index.php?rest_route=\/wp\/v2\/media\/8648"}],"wp:attachment":[{"href":"https:\/\/focotocantinense.com.br\/index.php?rest_route=%2Fwp%2Fv2%2Fmedia&parent=8646"}],"wp:term":[{"taxonomy":"category","embeddable":true,"href":"https:\/\/focotocantinense.com.br\/index.php?rest_route=%2Fwp%2Fv2%2Fcategories&post=8646"},{"taxonomy":"post_tag","embeddable":true,"href":"https:\/\/focotocantinense.com.br\/index.php?rest_route=%2Fwp%2Fv2%2Ftags&post=8646"}],"curies":[{"name":"wp","href":"https:\/\/api.w.org\/{rel}","templated":true}]}}