{"id":8640,"date":"2024-09-25T14:35:35","date_gmt":"2024-09-25T17:35:35","guid":{"rendered":"https:\/\/focotocantinense.com.br\/?p=8640"},"modified":"2024-09-25T14:39:46","modified_gmt":"2024-09-25T17:39:46","slug":"eduardo-fortes-destaca-importancia-das-hortas-comunitarias-e-propoe-mais-projetos-para-acabar-com-a-fome-em-gurupi","status":"publish","type":"post","link":"https:\/\/focotocantinense.com.br\/?p=8640","title":{"rendered":"Eduardo Fortes destaca import\u00e2ncia das Hortas Comunit\u00e1rias e prop\u00f5e mais projetos para acabar com a fome em Gurupi"},"content":{"rendered":"\n<p>A fome ainda \u00e9 uma triste realidade para milhares de fam\u00edlias em Gurupi. Muitas enfrentam a falta de alimentos diariamente, algo que se agravou durante a pandemia, com a comida escassa e muitas vezes inacess\u00edvel. Foi nesse cen\u00e1rio que surgiu o projeto das Hortas Comunit\u00e1rias, idealizado por Eduardo Fortes, um homem que, antes mesmo de entrar na pol\u00edtica, j\u00e1 se dedicava a ajudar quem mais precisava.<\/p>\n\n\n\n<figure class=\"wp-block-image size-large is-resized\"><img loading=\"lazy\" decoding=\"async\" width=\"1024\" height=\"576\" src=\"https:\/\/focotocantinense.com.br\/wp-content\/uploads\/2024\/09\/WhatsApp-Image-2024-09-25-at-13.50.23-1024x576.jpeg\" alt=\"\" class=\"wp-image-8641\" style=\"width:400px;height:auto\" srcset=\"https:\/\/focotocantinense.com.br\/wp-content\/uploads\/2024\/09\/WhatsApp-Image-2024-09-25-at-13.50.23-1024x576.jpeg 1024w, https:\/\/focotocantinense.com.br\/wp-content\/uploads\/2024\/09\/WhatsApp-Image-2024-09-25-at-13.50.23-300x169.jpeg 300w, https:\/\/focotocantinense.com.br\/wp-content\/uploads\/2024\/09\/WhatsApp-Image-2024-09-25-at-13.50.23-768x432.jpeg 768w, https:\/\/focotocantinense.com.br\/wp-content\/uploads\/2024\/09\/WhatsApp-Image-2024-09-25-at-13.50.23-1536x864.jpeg 1536w, https:\/\/focotocantinense.com.br\/wp-content\/uploads\/2024\/09\/WhatsApp-Image-2024-09-25-at-13.50.23-2048x1152.jpeg 2048w\" sizes=\"auto, (max-width: 1024px) 100vw, 1024px\" \/><\/figure>\n\n\n\n<p>O compromisso de Eduardo \u00e9 claro: nenhum gurupiense passar\u00e1 fome. Para isso, ele tem como proposta a amplia\u00e7\u00e3o das hortas comunit\u00e1rias para todos os bairros e escolas municipais de Gurupi. Al\u00e9m disso, vai criar o Mercado Solid\u00e1rio, um projeto que visa permitir que fam\u00edlias cadastradas no Cad\u00danico escolham os itens da cesta b\u00e1sica que mais precisam, respeitando suas necessidades. &#8220;Tudo isso com o objetivo de garantir que todos tenham acesso a alimentos saud\u00e1veis e nutritivos&#8221;, afirma Eduardo.<\/p>\n\n\n\n<figure class=\"wp-block-image size-large is-resized\"><img loading=\"lazy\" decoding=\"async\" width=\"1024\" height=\"576\" src=\"https:\/\/focotocantinense.com.br\/wp-content\/uploads\/2024\/09\/WhatsApp-Image-2024-09-25-at-13.50.34-1024x576.jpeg\" alt=\"\" class=\"wp-image-8642\" style=\"width:414px;height:auto\" srcset=\"https:\/\/focotocantinense.com.br\/wp-content\/uploads\/2024\/09\/WhatsApp-Image-2024-09-25-at-13.50.34-1024x576.jpeg 1024w, https:\/\/focotocantinense.com.br\/wp-content\/uploads\/2024\/09\/WhatsApp-Image-2024-09-25-at-13.50.34-300x169.jpeg 300w, https:\/\/focotocantinense.com.br\/wp-content\/uploads\/2024\/09\/WhatsApp-Image-2024-09-25-at-13.50.34-768x432.jpeg 768w, https:\/\/focotocantinense.com.br\/wp-content\/uploads\/2024\/09\/WhatsApp-Image-2024-09-25-at-13.50.34-1536x864.jpeg 1536w, https:\/\/focotocantinense.com.br\/wp-content\/uploads\/2024\/09\/WhatsApp-Image-2024-09-25-at-13.50.34-2048x1152.jpeg 2048w\" sizes=\"auto, (max-width: 1024px) 100vw, 1024px\" \/><\/figure>\n\n\n\n<p>Eduardo conhece bem o sofrimento da fome. Ele cresceu vendo de perto a necessidade das pessoas e, com o cora\u00e7\u00e3o voltado para o social, decidiu transformar vidas por meio de um projeto simples, mas poderoso: as hortas comunit\u00e1rias. Atualmente, cerca de 14 mil pessoas s\u00e3o beneficiadas mensalmente por essas hortas, n\u00e3o apenas em Gurupi, mas em v\u00e1rias cidades do sul do Tocantins. \u201cCada folha de alface, cenoura e abobrinha colhida representa mais do que alimento \u00e9 dignidade restaurada\u201d, destaca.<\/p>\n\n\n\n<p>M\u00e1rcia Pires Oliveira, moradora beneficiada pelo projeto, relembra um per\u00edodo de grande dificuldade e desabafa: &#8220;A necessidade \u00e9 uma realidade de muitas pessoas. D\u00f3i demais. Teve muita gente que, na pandemia, teve s\u00f3 isso aqui para comer. Era daqui que tirava o sustento,&#8221; agradece.<\/p>\n\n\n\n<p>Mais que combate \u00e0 fome<\/p>\n\n\n\n<p>O projeto das hortas comunit\u00e1rias vai al\u00e9m de combater a fome: promove inclus\u00e3o social e incentiva h\u00e1bitos alimentares saud\u00e1veis. Eduardo Fortes j\u00e1 implantou cinco hortas comunit\u00e1rias em Gurupi e, por meio de emendas parlamentares, garantiu a amplia\u00e7\u00e3o do projeto para mais seis cidades da regi\u00e3o sul do Tocantins. Para Eduardo, as hortas enriquecem a alimenta\u00e7\u00e3o das fam\u00edlias e a educa\u00e7\u00e3o alimentar das crian\u00e7as. \u201cEle \u00e9 um grande homem e tem um cora\u00e7\u00e3o enorme para ajudar as pessoas\u201d, elogia Almerinda Barbosa da Silva, de 71 anos, beneficiada pelas hortas comunit\u00e1rias.<\/p>\n\n\n\n<figure class=\"wp-block-image size-large\"><img loading=\"lazy\" decoding=\"async\" width=\"1024\" height=\"576\" src=\"https:\/\/focotocantinense.com.br\/wp-content\/uploads\/2024\/09\/WhatsApp-Image-2024-09-25-at-13.50.57-1024x576.jpeg\" alt=\"\" class=\"wp-image-8643\" srcset=\"https:\/\/focotocantinense.com.br\/wp-content\/uploads\/2024\/09\/WhatsApp-Image-2024-09-25-at-13.50.57-1024x576.jpeg 1024w, https:\/\/focotocantinense.com.br\/wp-content\/uploads\/2024\/09\/WhatsApp-Image-2024-09-25-at-13.50.57-300x169.jpeg 300w, https:\/\/focotocantinense.com.br\/wp-content\/uploads\/2024\/09\/WhatsApp-Image-2024-09-25-at-13.50.57-768x432.jpeg 768w, https:\/\/focotocantinense.com.br\/wp-content\/uploads\/2024\/09\/WhatsApp-Image-2024-09-25-at-13.50.57-1536x864.jpeg 1536w, https:\/\/focotocantinense.com.br\/wp-content\/uploads\/2024\/09\/WhatsApp-Image-2024-09-25-at-13.50.57-2048x1152.jpeg 2048w\" sizes=\"auto, (max-width: 1024px) 100vw, 1024px\" \/><\/figure>\n\n\n\n<p>Esperan\u00e7a e transforma\u00e7\u00e3o<\/p>\n\n\n\n<p>As hortas comunit\u00e1rias simbolizam mais do que uma solu\u00e7\u00e3o imediata para a fome \u2014 representam esperan\u00e7a e transforma\u00e7\u00e3o para Gurupi e todo o Tocantins. Eduardo Fortes acredita que, com uni\u00e3o, \u00e9 poss\u00edvel mudar vidas. Ele diz estar pronto para liderar a mudan\u00e7a que Gurupi precisa e continuar transformando vidas. &#8220;A fome precisa ser combatida com determina\u00e7\u00e3o, e as fam\u00edlias merecem dignidade e respeito&#8221;, conclui Eduardo Fortes.<\/p>\n\n\n\n<p>Por: Ascom<br>Eduardo Fortes (PSD)<br>Candidato a prefeito de Gurupi<\/p>\n","protected":false},"excerpt":{"rendered":"<p>A fome ainda \u00e9 uma triste realidade para milhares de fam\u00edlias em Gurupi. Muitas enfrentam a falta de alimentos diariamente, algo que se agravou durante a pandemia, com a comida escassa e muitas vezes inacess\u00edvel. Foi nesse cen\u00e1rio que surgiu o projeto das Hortas Comunit\u00e1rias, idealizado por Eduardo Fortes, um homem que, antes mesmo de &hellip;<\/p>\n","protected":false},"author":5,"featured_media":8644,"comment_status":"open","ping_status":"open","sticky":false,"template":"","format":"standard","meta":{"footnotes":""},"categories":[1],"tags":[],"class_list":["post-8640","post","type-post","status-publish","format-standard","has-post-thumbnail","","category-sem-categoria"],"_links":{"self":[{"href":"https:\/\/focotocantinense.com.br\/index.php?rest_route=\/wp\/v2\/posts\/8640","targetHints":{"allow":["GET"]}}],"collection":[{"href":"https:\/\/focotocantinense.com.br\/index.php?rest_route=\/wp\/v2\/posts"}],"about":[{"href":"https:\/\/focotocantinense.com.br\/index.php?rest_route=\/wp\/v2\/types\/post"}],"author":[{"embeddable":true,"href":"https:\/\/focotocantinense.com.br\/index.php?rest_route=\/wp\/v2\/users\/5"}],"replies":[{"embeddable":true,"href":"https:\/\/focotocantinense.com.br\/index.php?rest_route=%2Fwp%2Fv2%2Fcomments&post=8640"}],"version-history":[{"count":1,"href":"https:\/\/focotocantinense.com.br\/index.php?rest_route=\/wp\/v2\/posts\/8640\/revisions"}],"predecessor-version":[{"id":8645,"href":"https:\/\/focotocantinense.com.br\/index.php?rest_route=\/wp\/v2\/posts\/8640\/revisions\/8645"}],"wp:featuredmedia":[{"embeddable":true,"href":"https:\/\/focotocantinense.com.br\/index.php?rest_route=\/wp\/v2\/media\/8644"}],"wp:attachment":[{"href":"https:\/\/focotocantinense.com.br\/index.php?rest_route=%2Fwp%2Fv2%2Fmedia&parent=8640"}],"wp:term":[{"taxonomy":"category","embeddable":true,"href":"https:\/\/focotocantinense.com.br\/index.php?rest_route=%2Fwp%2Fv2%2Fcategories&post=8640"},{"taxonomy":"post_tag","embeddable":true,"href":"https:\/\/focotocantinense.com.br\/index.php?rest_route=%2Fwp%2Fv2%2Ftags&post=8640"}],"curies":[{"name":"wp","href":"https:\/\/api.w.org\/{rel}","templated":true}]}}