{"id":8636,"date":"2024-09-25T11:58:14","date_gmt":"2024-09-25T14:58:14","guid":{"rendered":"https:\/\/focotocantinense.com.br\/?p=8636"},"modified":"2024-09-25T11:59:28","modified_gmt":"2024-09-25T14:59:28","slug":"elenco-do-filme-um-certo-joao-silvino-recebe-preparacao-com-o-diretor-argentino-eduardo-milewicz","status":"publish","type":"post","link":"https:\/\/focotocantinense.com.br\/?p=8636","title":{"rendered":"Elenco do filme \u201cUm Certo Jo\u00e3o Silvino\u201d recebe prepara\u00e7\u00e3o com o diretor argentino Eduardo Milewicz"},"content":{"rendered":"\n<p><\/p>\n\n\n\n<p>Uma iniciativa da produtora \u201cBem-Te-V\u00eddeo Marketing\u201d, o longa-metragem \u201cUm Certo Jo\u00e3o Silvino\u201d, que tem roteiro e dire\u00e7\u00e3o de H\u00e9lio Brito, est\u00e1 com a produ\u00e7\u00e3o a todo vapor. Na segunda-feira, 23, o elenco iniciou a fase de prepara\u00e7\u00e3o, tendo na batuta o renomado diretor argentino Eduardo Milewicz, respons\u00e1vel pela prepara\u00e7\u00e3o de elenco de v\u00e1rias novelas da Rede Globo. A atividade de capacita\u00e7\u00e3o foi ofertada via transmiss\u00e3o online com participa\u00e7\u00e3o do corpo de atores do longa-metragem, da dire\u00e7\u00e3o do filme e de Eduardo Milewicz, incluindo exerc\u00edcios pr\u00e1ticos e orienta\u00e7\u00e3o focadas na interpreta\u00e7\u00e3o cinematogr\u00e1fica. Al\u00e9m dessa aula ao vivo, Eduardo disponibilizou aos atores\/atrizes um conjunto de 50 aulas de interpreta\u00e7\u00e3o gravadas.<\/p>\n\n\n\n<p>A metodologia de Eduardo foi pautada no m\u00e9todo autoral dele chamado de \u201cQuando Acende a C\u00e2mera\u201d, que defende que a aten\u00e7\u00e3o e limpeza de movimentos s\u00e3o ferramentas de interpreta\u00e7\u00e3o, sempre com foco na autenticidade e na profundidade da interpreta\u00e7\u00e3o. \u201cO que precisamos ao atuar \u00e9 a limpeza. Na hora da a\u00e7\u00e3o, se o seu trabalho com a limpeza tiver sido incorporado por treinamento, ser\u00e1 algo percept\u00edvel na tela. O ator tem que limpar-se de personagens antigos, ideias sobre atua\u00e7\u00e3o, t\u00e9cnicas que funcionaram anteriormente. Ele precisa estar limpo e vivo. Afinal, um ator cheio de informa\u00e7\u00e3o pode ser um grande obst\u00e1culo para a c\u00e2mera\u201d, orientou.<\/p>\n\n\n\n<p>O diretor do filme, o cineasta H\u00e9lio Brito, destacou a import\u00e2ncia do trabalho de Milewicz: \u201c\u00c9 uma honra poder contar com o Eduardo como nosso preparador de elenco. Sua experi\u00eancia e metodologia trouxeram uma nova dimens\u00e3o para o processo de atua\u00e7\u00e3o, elevando o n\u00edvel de entrega de cada ator\u201d, expressou. Eduardo Milewicz, que j\u00e1 atua h\u00e1 30 anos na ind\u00fastria audiovisual, tem um vasto curr\u00edculo como diretor, professor e preparador de elenco. H\u00e9lio Brito destacou ainda que o trabalho de Milewicz tem sido fundamental em v\u00e1rias produ\u00e7\u00f5es ao redor do mundo, consolidando sua posi\u00e7\u00e3o como um dos grandes nomes na forma\u00e7\u00e3o de talentos para o cinema.<\/p>\n\n\n\n<figure class=\"wp-block-image size-large\"><img loading=\"lazy\" decoding=\"async\" width=\"1024\" height=\"575\" src=\"https:\/\/focotocantinense.com.br\/wp-content\/uploads\/2024\/09\/IMG_20240923_172335-1024x575.jpeg\" alt=\"\" class=\"wp-image-8637\" srcset=\"https:\/\/focotocantinense.com.br\/wp-content\/uploads\/2024\/09\/IMG_20240923_172335-1024x575.jpeg 1024w, https:\/\/focotocantinense.com.br\/wp-content\/uploads\/2024\/09\/IMG_20240923_172335-300x169.jpeg 300w, https:\/\/focotocantinense.com.br\/wp-content\/uploads\/2024\/09\/IMG_20240923_172335-768x432.jpeg 768w, https:\/\/focotocantinense.com.br\/wp-content\/uploads\/2024\/09\/IMG_20240923_172335-1536x863.jpeg 1536w, https:\/\/focotocantinense.com.br\/wp-content\/uploads\/2024\/09\/IMG_20240923_172335-2048x1151.jpeg 2048w\" sizes=\"auto, (max-width: 1024px) 100vw, 1024px\" \/><\/figure>\n\n\n\n<p><\/p>\n\n\n\n<p><strong>Eduardo Milewicz<\/strong><\/p>\n\n\n\n<p>Com mais quarenta produ\u00e7\u00f5es no Brasil, entre novelas, s\u00e9ries e filmes, o roteirista, preparador de elenco, professor de atua\u00e7\u00e3o e diretor de cinema e televis\u00e3o argentino, Eduardo Milewicz estudou Cinema no CERC, Buenos Aires, Argentina e Literatura em Filosofia e Letras, na UBA. Trabalha em tr\u00eas ind\u00fastrias audiovisuais: Argentina, Espanha e Brasil. Estreou com a s\u00e9rie \u201cDesde Adentro\u201d que, no in\u00edcio dos anos 90, rompeu com os moldes televisivos da \u00e9poca e antecipou uma nova era de conte\u00fado audiovisual. Foi tamb\u00e9m um dos fundadores do Bafici e orientador art\u00edstico de suas primeiras edi\u00e7\u00f5es. Junto com Eduardo Berti, fundou a editora La Compa\u00f1\u00eda. Assessorou o Instituto Sundance. Preparou Wagner Mora em sua primeira temporada de \u201cNarcos\u201d na Netflix. Formou atores, diretores e apresentadores para a TV Globo e tem, no Brasil, mais de quarenta produ\u00e7\u00f5es, entre novelas, s\u00e9ries e filmes.<\/p>\n\n\n\n<p><strong>Sinopse<\/strong><\/p>\n\n\n\n<p>Filme de longa-metragem, misto de document\u00e1rio e fic\u00e7\u00e3o, sendo uma reconstitui\u00e7\u00e3o livre de hist\u00f3ria real ocorrida na hist\u00f3rica e isolada cidade de Natividade\/TO, na virada do ano de 1971 para 1972. \u201cUm Certo Jo\u00e3o Silvino\u201d aborda o impacto da chegada repentina de um jovem viajante \u00e0 pacata Natividade, nos \u00faltimos dias do ano de 1971, e tamb\u00e9m o alvoro\u00e7o que isso causou no cora\u00e7\u00e3o das mo\u00e7as da cidade. Bonito, inteligente e educado, apresenta-se como Jo\u00e3o Silvino Lopes, e aparenta ter vinte e poucos anos. Tornado prisioneiro, torna-se uma atra\u00e7\u00e3o na cidade. Mas dois dias depois amanhece morto, enforcado dentro da cela, e \u00e9 enterrado como indigente. Vinte anos depois (1992), a verdadeira hist\u00f3ria de Jo\u00e3o Silvino Lopes vem \u00e0 tona. Fica-se sabendo que o prisioneiro na verdade era um estudante da USP (Universidade de S\u00e3o Paulo) e lutava contra a Ditadura Militar que comandava o Brasil desde 1964.<\/p>\n\n\n\n<p><strong>Ficha T\u00e9cnica<\/strong><\/p>\n\n\n\n<ul class=\"wp-block-list\">\n<li>Roteiro e Dire\u00e7\u00e3o: H\u00e9lio Brito<\/li>\n\n\n\n<li>Produ\u00e7\u00e3o Executiva: Sandra Alves<\/li>\n\n\n\n<li>Dire\u00e7\u00e3o de Fotografia: Ricardo Nogueli<\/li>\n\n\n\n<li>Dire\u00e7\u00e3o de Arte: \u00c9rika Mariano<\/li>\n\n\n\n<li>Produ\u00e7\u00e3o Musical: Nando Cruz<\/li>\n<\/ul>\n\n\n\n<figure class=\"wp-block-gallery has-nested-images columns-default is-cropped wp-block-gallery-1 is-layout-flex wp-block-gallery-is-layout-flex\">\n<figure class=\"wp-block-image size-large\"><img loading=\"lazy\" decoding=\"async\" width=\"843\" height=\"251\" data-id=\"8624\" src=\"https:\/\/focotocantinense.com.br\/wp-content\/uploads\/2024\/09\/VINI_181_282-1-7.jpg\" alt=\"\" class=\"wp-image-8624\" srcset=\"https:\/\/focotocantinense.com.br\/wp-content\/uploads\/2024\/09\/VINI_181_282-1-7.jpg 843w, https:\/\/focotocantinense.com.br\/wp-content\/uploads\/2024\/09\/VINI_181_282-1-7-300x89.jpg 300w, https:\/\/focotocantinense.com.br\/wp-content\/uploads\/2024\/09\/VINI_181_282-1-7-768x229.jpg 768w\" sizes=\"auto, (max-width: 843px) 100vw, 843px\" \/><\/figure>\n<\/figure>\n","protected":false},"excerpt":{"rendered":"<p>Uma iniciativa da produtora \u201cBem-Te-V\u00eddeo Marketing\u201d, o longa-metragem \u201cUm Certo Jo\u00e3o Silvino\u201d, que tem roteiro e dire\u00e7\u00e3o de H\u00e9lio Brito, est\u00e1 com a produ\u00e7\u00e3o a todo vapor. Na segunda-feira, 23, o elenco iniciou a fase de prepara\u00e7\u00e3o, tendo na batuta o renomado diretor argentino Eduardo Milewicz, respons\u00e1vel pela prepara\u00e7\u00e3o de elenco de v\u00e1rias novelas da &hellip;<\/p>\n","protected":false},"author":5,"featured_media":8637,"comment_status":"open","ping_status":"open","sticky":false,"template":"","format":"standard","meta":{"footnotes":""},"categories":[104],"tags":[],"class_list":["post-8636","post","type-post","status-publish","format-standard","has-post-thumbnail","","category-cultura"],"_links":{"self":[{"href":"https:\/\/focotocantinense.com.br\/index.php?rest_route=\/wp\/v2\/posts\/8636","targetHints":{"allow":["GET"]}}],"collection":[{"href":"https:\/\/focotocantinense.com.br\/index.php?rest_route=\/wp\/v2\/posts"}],"about":[{"href":"https:\/\/focotocantinense.com.br\/index.php?rest_route=\/wp\/v2\/types\/post"}],"author":[{"embeddable":true,"href":"https:\/\/focotocantinense.com.br\/index.php?rest_route=\/wp\/v2\/users\/5"}],"replies":[{"embeddable":true,"href":"https:\/\/focotocantinense.com.br\/index.php?rest_route=%2Fwp%2Fv2%2Fcomments&post=8636"}],"version-history":[{"count":2,"href":"https:\/\/focotocantinense.com.br\/index.php?rest_route=\/wp\/v2\/posts\/8636\/revisions"}],"predecessor-version":[{"id":8639,"href":"https:\/\/focotocantinense.com.br\/index.php?rest_route=\/wp\/v2\/posts\/8636\/revisions\/8639"}],"wp:featuredmedia":[{"embeddable":true,"href":"https:\/\/focotocantinense.com.br\/index.php?rest_route=\/wp\/v2\/media\/8637"}],"wp:attachment":[{"href":"https:\/\/focotocantinense.com.br\/index.php?rest_route=%2Fwp%2Fv2%2Fmedia&parent=8636"}],"wp:term":[{"taxonomy":"category","embeddable":true,"href":"https:\/\/focotocantinense.com.br\/index.php?rest_route=%2Fwp%2Fv2%2Fcategories&post=8636"},{"taxonomy":"post_tag","embeddable":true,"href":"https:\/\/focotocantinense.com.br\/index.php?rest_route=%2Fwp%2Fv2%2Ftags&post=8636"}],"curies":[{"name":"wp","href":"https:\/\/api.w.org\/{rel}","templated":true}]}}