{"id":8622,"date":"2024-09-24T19:48:31","date_gmt":"2024-09-24T22:48:31","guid":{"rendered":"https:\/\/focotocantinense.com.br\/?p=8622"},"modified":"2024-09-24T20:01:08","modified_gmt":"2024-09-24T23:01:08","slug":"2o-seminario-de-politicas-culturais-do-comite-de-cultura-no-tocantins-chega-a-dianopolis","status":"publish","type":"post","link":"https:\/\/focotocantinense.com.br\/?p=8622","title":{"rendered":"2\u00ba Semin\u00e1rio de Pol\u00edticas Culturais do Comit\u00ea de Cultura no Tocantins chega \u00e0 Dian\u00f3polis"},"content":{"rendered":"\n<p>Depois de movimentar a cena local na cidade de Gurupi, o&nbsp; 2\u00ba Semin\u00e1rio de Pol\u00edticas Culturais do Comit\u00ea de Cultura no Tocantins chega a cidade de Dian\u00f3polis nesta quarta e quinta-feira, 25 e 26. A programa\u00e7\u00e3o de abertura acontece de 19 \u00e0s 22 horas, na C\u00e2mara Municipal de Dian\u00f3polis; e ainda roda de conversa, de 8 \u00e0s 12 horas, no Campus da Unitins &#8211; Dian\u00f3polis. A realiza\u00e7\u00e3o \u00e9 do Comit\u00ea de Cultura no Tocantins, sob a coordena\u00e7\u00e3o da Associa\u00e7\u00e3o Gurupiense de Artes\u00e3os (AGA)<\/p>\n\n\n\n<figure class=\"wp-block-image is-resized\"><img decoding=\"async\" src=\"https:\/\/blogger.googleusercontent.com\/img\/b\/R29vZ2xl\/AVvXsEhAtwPK4njJbZUV9ABrxFouIvcAnQdMf9w9jgcAEcTK0dGQJ0HJbWqdwyK2rodF_xEDcJtm9z0er6piQxCXDjKuQjELF4wNEyhbfoQY_-8RGmEsHUQkvjSJgQh6Tz0Esz8SQgBpzuClxgIcz3qCdJHiRjjQ50U4cB822cB3PO0Kz_Q0vrmASLM5S76Qc2r0\/w535-h535\/2%20seminario%20de%20politicas%20culturais.jfif\" alt=\"\" style=\"width:405px;height:auto\"\/><\/figure>\n\n\n\n<p><\/p>\n\n\n\n<p>Durante o evento, ser\u00e3o discutidas as principais linhas de atua\u00e7\u00e3o que ser\u00e3o implementadas pelo Comit\u00ea de Cultura no Tocantins nas regi\u00f5es sul e sudeste do Estado, especialmente sobre o Sistema Nacional de Cultura no contexto do marco regulat\u00f3rio. Al\u00e9m disso, haver\u00e1 apresenta\u00e7\u00e3o cultural local com \u201cSu\u00e7a das Dianas\u201d e exibi\u00e7\u00e3o do curta-metragem \u201cA F\u00f3rmula\u201d, em refer\u00eancia ao Setembro Amarelo. O evento ainda contar\u00e1 com palestra ministrada pelo coordenador do escrit\u00f3rio do Minist\u00e9rio da Cultura no Tocantins, C\u00edcero Bel\u00e9m, sobre o &#8220;Sistema Nacional de Cultura no contexto do marco regulat\u00f3rio\u201d e o coordenador do Comit\u00ea de Cultura no Tocantins, Kak\u00e1 Nogueira, far\u00e1 apresenta\u00e7\u00e3o&nbsp; do Programa Nacional dos Comit\u00eas de Cultura e o papel do Comit\u00ea de Cultura no Tocantins.<\/p>\n\n\n\n<figure class=\"wp-block-image is-resized\"><img decoding=\"async\" src=\"https:\/\/blogger.googleusercontent.com\/img\/b\/R29vZ2xl\/AVvXsEgXszb42dA4Epb93nz9iUqnM2i1DPk-vqNXjYOf_P37s4-B_3QKq0G361NLjEXRY9_QCmhUSSUrlj8htsSKqpFBhphFVnCUqYJ8wr21akavKUquwx9HPDlFvbTivNk5BQgBg-2zSZdWOZKLo8d0giX30KhQnv2QjQcAH4Kat3Ypb4BCXHQpFwUEWobhoiHv\/w506-h218\/2%20%20seminario%20de%20cultura%20%20foto%20letticia%20japiassu.jpeg\" alt=\"\" style=\"width:840px;height:auto\"\/><\/figure>\n\n\n\n<p><em><strong>A primeira edi\u00e7\u00e3o do Semin\u00e1rio de Pol\u00edticas Culturais realizada no audit\u00f3rio do IFTO Campus de Gurupi foi revestido de pleno sucesso.<\/strong><\/em><\/p>\n\n\n\n<p>A inscri\u00e7\u00e3o para esse evento \u00e9 gratuita e podem participar produtores culturais, artistas com atua\u00e7\u00e3o na regi\u00e3o Sudeste do Estado, dirigentes de \u00f3rg\u00e3os p\u00fablicos de cultura, bem como, estudantes e representantes de entidades educacionais e o p\u00fablico em geral. O evento contar\u00e1 com acessibilidade em LIBRAS, e espera tamb\u00e9m poder contribuir com informa\u00e7\u00e3o e forma\u00e7\u00e3o para esse p\u00fablico.\u00a0<\/p>\n\n\n\n<figure class=\"wp-block-image is-resized\"><a href=\"https:\/\/blogger.googleusercontent.com\/img\/b\/R29vZ2xl\/AVvXsEiMI2BMz0FIxy5L5AzL1hT91SpG1zRHFABJacU0hGL4lSvwg2E9JdHEui8rkcFmiBGQwaVp9HOuW16hyphenhyphen0a559LtB0GDE0pp-hxeufrVQ2hy-8u5JC4Wh528NGbweioQu1jNhmfvBzP1AJBPbniq9itRFXK2waATarirRODIn1_4kFn4GYyIx1uBkkD0T5jb\/s4032\/MARIA%20DO%20SOCORRO%20E%20ZACARIAS%20MARTINS.jpeg\"><img decoding=\"async\" src=\"https:\/\/blogger.googleusercontent.com\/img\/b\/R29vZ2xl\/AVvXsEiMI2BMz0FIxy5L5AzL1hT91SpG1zRHFABJacU0hGL4lSvwg2E9JdHEui8rkcFmiBGQwaVp9HOuW16hyphenhyphen0a559LtB0GDE0pp-hxeufrVQ2hy-8u5JC4Wh528NGbweioQu1jNhmfvBzP1AJBPbniq9itRFXK2waATarirRODIn1_4kFn4GYyIx1uBkkD0T5jb\/w427-h569\/MARIA%20DO%20SOCORRO%20E%20ZACARIAS%20MARTINS.jpeg\" alt=\"\" style=\"width:840px;height:auto\"\/><\/a><\/figure>\n\n\n\n<p><strong><em>Zacarias Martins, Assessor de Imprensa e &nbsp;Maria do Socorro de Sousa, Coordenadora Regional do Comit\u00ea de Cultura para as regi\u00f5es&nbsp; sul&nbsp; e sudeste do Tocantins<\/em><\/strong><\/p>\n\n\n\n<p><strong>Planejamento<\/strong><\/p>\n\n\n\n<p>De acordo com Maria do Socorro de Sousa, coordenadora regional do Comit\u00ea de Cultura para as regi\u00f5es&nbsp; sul&nbsp; e sudeste do Tocantins,&nbsp; esse semin\u00e1rio busca&nbsp; levar&nbsp; informa\u00e7\u00f5es que atendem os objetivos e metas das pol\u00edticas nacionais de cultura, por meio dos comit\u00eas, especialmente, aquelas&nbsp; relacionadas \u00e0&nbsp; democratiza\u00e7\u00e3o do acesso \u00e0s pol\u00edticas p\u00fablicas de cultura no \u00e2mbito nacional,&nbsp; e a import\u00e2ncia do Sistema Nacional de Cultura (SNC) como agregador de rela\u00e7\u00f5es com os estados e munic\u00edpios, tendo foco no desenvolvimento da cultura em todo territ\u00f3rio nacional. \u201cTrata-se de uma relevante iniciativa que tem por objetivo ampliar o acesso \u00e0s pol\u00edticas p\u00fablicas de cultura, fortalecendo a democracia e a participa\u00e7\u00e3o popular e cidad\u00e3 no \u00e2mbito das pol\u00edticas socioculturais e do Sistema Nacional de Cultura (SNC), concluiu Socorro.<\/p>\n\n\n\n<figure class=\"wp-block-image is-resized\"><a href=\"https:\/\/blogger.googleusercontent.com\/img\/b\/R29vZ2xl\/AVvXsEg7XWOFoyGiFcl_nctYme9hYuw-oetTGwhlC60G9N9OQtPUmvi4Md3HIqKueKyd746lFQFhfg69OGbdutfKex8UOGbLalskBneAknk1NvXTrX0KYebl54ifoCp56g3EN2XaOtHGbUTy_5mm_tTnBxW0iWZtszGABDsXzdm9HuhMUa2hBWTr_PFR0nIP3KLC\/s835\/1%20FOTO%20PRINCIPAL%20EZEMI%20NUNES.jpeg\"><img decoding=\"async\" src=\"https:\/\/blogger.googleusercontent.com\/img\/b\/R29vZ2xl\/AVvXsEg7XWOFoyGiFcl_nctYme9hYuw-oetTGwhlC60G9N9OQtPUmvi4Md3HIqKueKyd746lFQFhfg69OGbdutfKex8UOGbLalskBneAknk1NvXTrX0KYebl54ifoCp56g3EN2XaOtHGbUTy_5mm_tTnBxW0iWZtszGABDsXzdm9HuhMUa2hBWTr_PFR0nIP3KLC\/w457-h267\/1%20FOTO%20PRINCIPAL%20EZEMI%20NUNES.jpeg\" alt=\"\" style=\"width:840px;height:auto\"\/><\/a><\/figure>\n\n\n\n<p><strong><em>A equipe gestora do Comit\u00ea de Cultura no Tocantins para as regi\u00f5es sul e sudeste j\u00e1 est\u00e1 finalizando os preparativos para o evento que ser\u00e1 realizado em Dian\u00f3polis.<\/em><\/strong><\/p>\n\n\n\n<p><strong>Sobre o Comit\u00ea<\/strong><\/p>\n\n\n\n<p>O Comit\u00ea de Cultura no Tocantins \u00e9 integrante do Programa Nacional dos Comit\u00eas de Cultura (PNCC) por meio da Secretaria dos Comit\u00eas de Cultura &#8211; Minist\u00e9rio da Cultura (Minc), e&nbsp; j\u00e1 desenvolve a\u00e7\u00f5es h\u00e1 mais de dois meses e atua em todo o Estado, buscando descentralizar as a\u00e7\u00f5es culturais e estimular a produ\u00e7\u00e3o art\u00edstica em todas as regi\u00f5es. Ele \u00e9 coordenado pela Federa\u00e7\u00e3o Tocantinense de Artes C\u00eanicas do Tocantins (Fetac), presidida por Kak\u00e1 Nogueira, ator, produtor e coordenador geral do Comit\u00ea.&nbsp; O Comit\u00ea conta com a colabora\u00e7\u00e3o em rede da Associa\u00e7\u00e3o Gurupiense de Artes\u00e3os (AGA) e do Instituto Social e Cultural Araguaia (Isca). O Comit\u00ea do Tocantins ficou em 1\u00b0 lugar no Brasil na sele\u00e7\u00e3o realizada em 2023 pelo MinC e ter\u00e1 a\u00e7\u00f5es coordenadas pela Fetac por 24 meses.<\/p>\n\n\n\n<p><\/p>\n\n\n\n<figure class=\"wp-block-image size-full\"><img loading=\"lazy\" decoding=\"async\" width=\"843\" height=\"251\" src=\"https:\/\/focotocantinense.com.br\/wp-content\/uploads\/2024\/09\/VINI_181_282-1-7.jpg\" alt=\"\" class=\"wp-image-8624\" srcset=\"https:\/\/focotocantinense.com.br\/wp-content\/uploads\/2024\/09\/VINI_181_282-1-7.jpg 843w, https:\/\/focotocantinense.com.br\/wp-content\/uploads\/2024\/09\/VINI_181_282-1-7-300x89.jpg 300w, https:\/\/focotocantinense.com.br\/wp-content\/uploads\/2024\/09\/VINI_181_282-1-7-768x229.jpg 768w\" sizes=\"auto, (max-width: 843px) 100vw, 843px\" \/><\/figure>\n","protected":false},"excerpt":{"rendered":"<p>Depois de movimentar a cena local na cidade de Gurupi, o&nbsp; 2\u00ba Semin\u00e1rio de Pol\u00edticas Culturais do Comit\u00ea de Cultura no Tocantins chega a cidade de Dian\u00f3polis nesta quarta e quinta-feira, 25 e 26. A programa\u00e7\u00e3o de abertura acontece de 19 \u00e0s 22 horas, na C\u00e2mara Municipal de Dian\u00f3polis; e ainda roda de conversa, de &hellip;<\/p>\n","protected":false},"author":5,"featured_media":8623,"comment_status":"open","ping_status":"open","sticky":false,"template":"","format":"standard","meta":{"footnotes":""},"categories":[54],"tags":[],"class_list":["post-8622","post","type-post","status-publish","format-standard","has-post-thumbnail","","category-dianopolis"],"_links":{"self":[{"href":"https:\/\/focotocantinense.com.br\/index.php?rest_route=\/wp\/v2\/posts\/8622","targetHints":{"allow":["GET"]}}],"collection":[{"href":"https:\/\/focotocantinense.com.br\/index.php?rest_route=\/wp\/v2\/posts"}],"about":[{"href":"https:\/\/focotocantinense.com.br\/index.php?rest_route=\/wp\/v2\/types\/post"}],"author":[{"embeddable":true,"href":"https:\/\/focotocantinense.com.br\/index.php?rest_route=\/wp\/v2\/users\/5"}],"replies":[{"embeddable":true,"href":"https:\/\/focotocantinense.com.br\/index.php?rest_route=%2Fwp%2Fv2%2Fcomments&post=8622"}],"version-history":[{"count":8,"href":"https:\/\/focotocantinense.com.br\/index.php?rest_route=\/wp\/v2\/posts\/8622\/revisions"}],"predecessor-version":[{"id":8635,"href":"https:\/\/focotocantinense.com.br\/index.php?rest_route=\/wp\/v2\/posts\/8622\/revisions\/8635"}],"wp:featuredmedia":[{"embeddable":true,"href":"https:\/\/focotocantinense.com.br\/index.php?rest_route=\/wp\/v2\/media\/8623"}],"wp:attachment":[{"href":"https:\/\/focotocantinense.com.br\/index.php?rest_route=%2Fwp%2Fv2%2Fmedia&parent=8622"}],"wp:term":[{"taxonomy":"category","embeddable":true,"href":"https:\/\/focotocantinense.com.br\/index.php?rest_route=%2Fwp%2Fv2%2Fcategories&post=8622"},{"taxonomy":"post_tag","embeddable":true,"href":"https:\/\/focotocantinense.com.br\/index.php?rest_route=%2Fwp%2Fv2%2Ftags&post=8622"}],"curies":[{"name":"wp","href":"https:\/\/api.w.org\/{rel}","templated":true}]}}