{"id":862,"date":"2021-03-06T10:09:59","date_gmt":"2021-03-06T13:09:59","guid":{"rendered":"http:\/\/focotocantinense.com.br\/?p=862"},"modified":"2021-03-06T10:51:08","modified_gmt":"2021-03-06T13:51:08","slug":"vereadora-dona-norah-defende-uma-uti-emergencial-para-lagoa-da-confusao","status":"publish","type":"post","link":"https:\/\/focotocantinense.com.br\/?p=862","title":{"rendered":"Vereadora Dona Norah defende uma UTI emergencial para Lagoa da Confus\u00e3o"},"content":{"rendered":"\n<figure class=\"wp-block-image size-large\"><img loading=\"lazy\" decoding=\"async\" width=\"698\" height=\"506\" src=\"http:\/\/focotocantinense.com.br\/wp-content\/uploads\/2021\/03\/image-2.png\" alt=\"\" class=\"wp-image-867\" srcset=\"https:\/\/focotocantinense.com.br\/wp-content\/uploads\/2021\/03\/image-2.png 698w, https:\/\/focotocantinense.com.br\/wp-content\/uploads\/2021\/03\/image-2-300x217.png 300w\" sizes=\"auto, (max-width: 698px) 100vw, 698px\" \/><\/figure>\n\n\n\n<p><strong>Por Zacarias Martins<\/strong><\/p>\n\n\n\n<p>A vereadora Dona Norah (SD) apresentou requerimento endere\u00e7ado ao prefeito de Lagoa da Confus\u00e3o, Thiago Carlos, onde solicita para que seja providenciada, em regime de urg\u00eancia, a cria\u00e7\u00e3o de uma ou duas salas no Hospital<em> Municipal Bartolomeu<\/em>&nbsp;Bandeira&nbsp;<em>Barros<\/em><em>, para&nbsp; serem <\/em>&nbsp;&nbsp;transformadas em UTI emergencial, visando&nbsp; o atendimento a pacientes &nbsp;com Covid 19.<\/p>\n\n\n\n<p>A vereadora explica que tomou essa iniciativa devido a incid\u00eancia de casos positivos e&nbsp; os hospitais &nbsp;que s\u00e3o refer\u00eancia para Lagoa da Confus\u00e3o, como &nbsp;Para\u00edso do Tocantins, Palmas, Gurupi e &nbsp;Porto Nacional estarem todos lotados. \u201cSe &nbsp;Lagoa da Confus\u00e3o &nbsp;vier a ter casos graves j\u00e1 estaremos prevenidos. Sugiro que sejam&nbsp; utilizados recursos recebidos da Covid-19 e complementado, &nbsp;se preciso for,&nbsp; com recursos do munic\u00edpio\u201d, argumentou a vereadora.<\/p>\n","protected":false},"excerpt":{"rendered":"<p>Por Zacarias Martins A vereadora Dona Norah (SD) apresentou requerimento endere\u00e7ado ao prefeito de Lagoa da Confus\u00e3o, Thiago Carlos, onde solicita para que seja providenciada, em regime de urg\u00eancia, a cria\u00e7\u00e3o de uma ou duas salas no Hospital Municipal Bartolomeu&nbsp;Bandeira&nbsp;Barros, para&nbsp; serem &nbsp;&nbsp;transformadas em UTI emergencial, visando&nbsp; o atendimento a pacientes &nbsp;com Covid 19. A &hellip;<\/p>\n","protected":false},"author":5,"featured_media":865,"comment_status":"open","ping_status":"open","sticky":false,"template":"","format":"standard","meta":{"footnotes":""},"categories":[71,1],"tags":[],"class_list":["post-862","post","type-post","status-publish","format-standard","has-post-thumbnail","","category-lagoa-da-confusao","category-sem-categoria"],"_links":{"self":[{"href":"https:\/\/focotocantinense.com.br\/index.php?rest_route=\/wp\/v2\/posts\/862","targetHints":{"allow":["GET"]}}],"collection":[{"href":"https:\/\/focotocantinense.com.br\/index.php?rest_route=\/wp\/v2\/posts"}],"about":[{"href":"https:\/\/focotocantinense.com.br\/index.php?rest_route=\/wp\/v2\/types\/post"}],"author":[{"embeddable":true,"href":"https:\/\/focotocantinense.com.br\/index.php?rest_route=\/wp\/v2\/users\/5"}],"replies":[{"embeddable":true,"href":"https:\/\/focotocantinense.com.br\/index.php?rest_route=%2Fwp%2Fv2%2Fcomments&post=862"}],"version-history":[{"count":2,"href":"https:\/\/focotocantinense.com.br\/index.php?rest_route=\/wp\/v2\/posts\/862\/revisions"}],"predecessor-version":[{"id":868,"href":"https:\/\/focotocantinense.com.br\/index.php?rest_route=\/wp\/v2\/posts\/862\/revisions\/868"}],"wp:featuredmedia":[{"embeddable":true,"href":"https:\/\/focotocantinense.com.br\/index.php?rest_route=\/wp\/v2\/media\/865"}],"wp:attachment":[{"href":"https:\/\/focotocantinense.com.br\/index.php?rest_route=%2Fwp%2Fv2%2Fmedia&parent=862"}],"wp:term":[{"taxonomy":"category","embeddable":true,"href":"https:\/\/focotocantinense.com.br\/index.php?rest_route=%2Fwp%2Fv2%2Fcategories&post=862"},{"taxonomy":"post_tag","embeddable":true,"href":"https:\/\/focotocantinense.com.br\/index.php?rest_route=%2Fwp%2Fv2%2Ftags&post=862"}],"curies":[{"name":"wp","href":"https:\/\/api.w.org\/{rel}","templated":true}]}}