{"id":8616,"date":"2024-09-24T08:35:25","date_gmt":"2024-09-24T11:35:25","guid":{"rendered":"https:\/\/focotocantinense.com.br\/?p=8616"},"modified":"2024-09-24T08:36:50","modified_gmt":"2024-09-24T11:36:50","slug":"eduardo-fortes-e-juarez-moreira-intensificam-campanha-com-caminhada-no-setor-sol-nascente","status":"publish","type":"post","link":"https:\/\/focotocantinense.com.br\/?p=8616","title":{"rendered":"Eduardo Fortes e Juarez Moreira intensificam campanha com caminhada no setor Sol Nascente"},"content":{"rendered":"\n<p>A duas semanas das elei\u00e7\u00f5es, o candidato a prefeito de Gurupi, Eduardo Fortes, ao lado de seu vice, Juarez Moreira, segue com a campanha em ritmo acelerado. Nesta segunda-feira, 23, Fortes e Moreira participaram de uma caminhada no setor Sol Nascente, refor\u00e7ando suas propostas e dialogando com eleitores.<\/p>\n\n\n\n<p><\/p>\n\n\n\n<figure class=\"wp-block-image size-large is-resized\"><img loading=\"lazy\" decoding=\"async\" width=\"1024\" height=\"683\" src=\"https:\/\/focotocantinense.com.br\/wp-content\/uploads\/2024\/09\/WhatsApp-Image-2024-09-24-at-07.36.14-1024x683.jpeg\" alt=\"\" class=\"wp-image-8617\" style=\"width:371px;height:auto\" srcset=\"https:\/\/focotocantinense.com.br\/wp-content\/uploads\/2024\/09\/WhatsApp-Image-2024-09-24-at-07.36.14-1024x683.jpeg 1024w, https:\/\/focotocantinense.com.br\/wp-content\/uploads\/2024\/09\/WhatsApp-Image-2024-09-24-at-07.36.14-300x200.jpeg 300w, https:\/\/focotocantinense.com.br\/wp-content\/uploads\/2024\/09\/WhatsApp-Image-2024-09-24-at-07.36.14-768x512.jpeg 768w, https:\/\/focotocantinense.com.br\/wp-content\/uploads\/2024\/09\/WhatsApp-Image-2024-09-24-at-07.36.14-1536x1024.jpeg 1536w, https:\/\/focotocantinense.com.br\/wp-content\/uploads\/2024\/09\/WhatsApp-Image-2024-09-24-at-07.36.14-2048x1365.jpeg 2048w\" sizes=\"auto, (max-width: 1024px) 100vw, 1024px\" \/><\/figure>\n\n\n\n<p><\/p>\n\n\n\n<p>A caminhada, marcada pela presen\u00e7a de um grande n\u00famero de apoiadores, demonstrou a intensidade que a candidatura do 55 pretende manter nesta reta final. Fortes tem como foco levar suas ideias a todos os cantos da cidade, buscando garantir a aten\u00e7\u00e3o das comunidades locais nas \u00faltimas semanas de campanha.<\/p>\n\n\n\n<p><\/p>\n\n\n\n<figure class=\"wp-block-image size-large is-resized\"><img loading=\"lazy\" decoding=\"async\" width=\"1024\" height=\"576\" src=\"https:\/\/focotocantinense.com.br\/wp-content\/uploads\/2024\/09\/WhatsApp-Image-2024-09-24-at-07.36.51-1-1024x576.jpeg\" alt=\"\" class=\"wp-image-8620\" style=\"width:363px;height:auto\" srcset=\"https:\/\/focotocantinense.com.br\/wp-content\/uploads\/2024\/09\/WhatsApp-Image-2024-09-24-at-07.36.51-1-1024x576.jpeg 1024w, https:\/\/focotocantinense.com.br\/wp-content\/uploads\/2024\/09\/WhatsApp-Image-2024-09-24-at-07.36.51-1-300x169.jpeg 300w, https:\/\/focotocantinense.com.br\/wp-content\/uploads\/2024\/09\/WhatsApp-Image-2024-09-24-at-07.36.51-1-768x432.jpeg 768w, https:\/\/focotocantinense.com.br\/wp-content\/uploads\/2024\/09\/WhatsApp-Image-2024-09-24-at-07.36.51-1-1536x864.jpeg 1536w, https:\/\/focotocantinense.com.br\/wp-content\/uploads\/2024\/09\/WhatsApp-Image-2024-09-24-at-07.36.51-1-2048x1152.jpeg 2048w\" sizes=\"auto, (max-width: 1024px) 100vw, 1024px\" \/><\/figure>\n\n\n\n<figure class=\"wp-block-image size-large\"><img loading=\"lazy\" decoding=\"async\" width=\"1024\" height=\"576\" src=\"https:\/\/focotocantinense.com.br\/wp-content\/uploads\/2024\/09\/WhatsApp-Image-2024-09-24-at-07.36.33-1024x576.jpeg\" alt=\"\" class=\"wp-image-8618\" srcset=\"https:\/\/focotocantinense.com.br\/wp-content\/uploads\/2024\/09\/WhatsApp-Image-2024-09-24-at-07.36.33-1024x576.jpeg 1024w, https:\/\/focotocantinense.com.br\/wp-content\/uploads\/2024\/09\/WhatsApp-Image-2024-09-24-at-07.36.33-300x169.jpeg 300w, https:\/\/focotocantinense.com.br\/wp-content\/uploads\/2024\/09\/WhatsApp-Image-2024-09-24-at-07.36.33-768x432.jpeg 768w, https:\/\/focotocantinense.com.br\/wp-content\/uploads\/2024\/09\/WhatsApp-Image-2024-09-24-at-07.36.33-1536x864.jpeg 1536w, https:\/\/focotocantinense.com.br\/wp-content\/uploads\/2024\/09\/WhatsApp-Image-2024-09-24-at-07.36.33-2048x1152.jpeg 2048w\" sizes=\"auto, (max-width: 1024px) 100vw, 1024px\" \/><\/figure>\n\n\n\n<p>Por: Ascom<br>Eduardo Fortes (PSD)<br>Candidato a prefeito de Gurupi<br>Fotos: Marcos Amorim<\/p>\n","protected":false},"excerpt":{"rendered":"<p>A duas semanas das elei\u00e7\u00f5es, o candidato a prefeito de Gurupi, Eduardo Fortes, ao lado de seu vice, Juarez Moreira, segue com a campanha em ritmo acelerado. Nesta segunda-feira, 23, Fortes e Moreira participaram de uma caminhada no setor Sol Nascente, refor\u00e7ando suas propostas e dialogando com eleitores. A caminhada, marcada pela presen\u00e7a de um &hellip;<\/p>\n","protected":false},"author":5,"featured_media":8617,"comment_status":"open","ping_status":"open","sticky":false,"template":"","format":"standard","meta":{"footnotes":""},"categories":[1],"tags":[],"class_list":["post-8616","post","type-post","status-publish","format-standard","has-post-thumbnail","","category-sem-categoria"],"_links":{"self":[{"href":"https:\/\/focotocantinense.com.br\/index.php?rest_route=\/wp\/v2\/posts\/8616","targetHints":{"allow":["GET"]}}],"collection":[{"href":"https:\/\/focotocantinense.com.br\/index.php?rest_route=\/wp\/v2\/posts"}],"about":[{"href":"https:\/\/focotocantinense.com.br\/index.php?rest_route=\/wp\/v2\/types\/post"}],"author":[{"embeddable":true,"href":"https:\/\/focotocantinense.com.br\/index.php?rest_route=\/wp\/v2\/users\/5"}],"replies":[{"embeddable":true,"href":"https:\/\/focotocantinense.com.br\/index.php?rest_route=%2Fwp%2Fv2%2Fcomments&post=8616"}],"version-history":[{"count":2,"href":"https:\/\/focotocantinense.com.br\/index.php?rest_route=\/wp\/v2\/posts\/8616\/revisions"}],"predecessor-version":[{"id":8621,"href":"https:\/\/focotocantinense.com.br\/index.php?rest_route=\/wp\/v2\/posts\/8616\/revisions\/8621"}],"wp:featuredmedia":[{"embeddable":true,"href":"https:\/\/focotocantinense.com.br\/index.php?rest_route=\/wp\/v2\/media\/8617"}],"wp:attachment":[{"href":"https:\/\/focotocantinense.com.br\/index.php?rest_route=%2Fwp%2Fv2%2Fmedia&parent=8616"}],"wp:term":[{"taxonomy":"category","embeddable":true,"href":"https:\/\/focotocantinense.com.br\/index.php?rest_route=%2Fwp%2Fv2%2Fcategories&post=8616"},{"taxonomy":"post_tag","embeddable":true,"href":"https:\/\/focotocantinense.com.br\/index.php?rest_route=%2Fwp%2Fv2%2Ftags&post=8616"}],"curies":[{"name":"wp","href":"https:\/\/api.w.org\/{rel}","templated":true}]}}