{"id":8610,"date":"2024-09-23T12:46:34","date_gmt":"2024-09-23T15:46:34","guid":{"rendered":"https:\/\/focotocantinense.com.br\/?p=8610"},"modified":"2024-09-23T12:48:27","modified_gmt":"2024-09-23T15:48:27","slug":"estudante-do-colegio-estadual-professora-oneides-de-palmeiropolis-se-destaca-no-i-concurso-estadual-de-redacao","status":"publish","type":"post","link":"https:\/\/focotocantinense.com.br\/?p=8610","title":{"rendered":"Estudante do Col\u00e9gio Estadual Professora Oneides, de Palmeir\u00f3polis, se destaca no I Concurso Estadual de Reda\u00e7\u00e3o"},"content":{"rendered":"\n<p><strong>Por Zacarias Martins<\/strong><\/p>\n\n\n\n<p>A estudante Diulha Mariana Garcia, do Col\u00e9gio Estadual Professora Oneides Rosa de Moura, de Palmeir\u00f3polis, obteve a segunda coloca\u00e7\u00e3o no I Concurso Estadual de Reda\u00e7\u00e3o 2024, sobre Seguran\u00e7a no Tr\u00e2nsito, voltado para estudantes do Ensino M\u00e9dio da rede estadual, promovido pelo Governo do Tocantins, por meio da Secretaria de Estado da Educa\u00e7\u00e3o (Seduc) e o Departamento Estadual de Tr\u00e2nsito do Tocantins (Detran). Como premia\u00e7\u00e3o, ela ganhou uma viagem para Serras Gerais.<\/p>\n\n\n\n<p>Com o tema \u201cPaz no Tr\u00e2nsito Come\u00e7a por Voc\u00ea\u201d, a primeira edi\u00e7\u00e3o da competi\u00e7\u00e3o teve como objetivo promover a educa\u00e7\u00e3o de um tr\u00e2nsito mais seguro e estimular a reflex\u00e3o sobre a seguran\u00e7a vi\u00e1ria nos jovens.<\/p>\n\n\n\n<figure class=\"wp-block-image size-large is-resized\"><img loading=\"lazy\" decoding=\"async\" width=\"1024\" height=\"768\" src=\"https:\/\/focotocantinense.com.br\/wp-content\/uploads\/2024\/09\/bbbbbbb-1024x768.jpeg\" alt=\"\" class=\"wp-image-8611\" style=\"width:406px;height:auto\" srcset=\"https:\/\/focotocantinense.com.br\/wp-content\/uploads\/2024\/09\/bbbbbbb-1024x768.jpeg 1024w, https:\/\/focotocantinense.com.br\/wp-content\/uploads\/2024\/09\/bbbbbbb-300x225.jpeg 300w, https:\/\/focotocantinense.com.br\/wp-content\/uploads\/2024\/09\/bbbbbbb-768x576.jpeg 768w, https:\/\/focotocantinense.com.br\/wp-content\/uploads\/2024\/09\/bbbbbbb-1536x1152.jpeg 1536w, https:\/\/focotocantinense.com.br\/wp-content\/uploads\/2024\/09\/bbbbbbb.jpeg 1600w\" sizes=\"auto, (max-width: 1024px) 100vw, 1024px\" \/><\/figure>\n\n\n\n<p><em><strong>A estudante Diulha Mariana e o professor Ramon Diego, seu grande incentivador nos estudos.<\/strong><\/em><\/p>\n\n\n\n<p><strong>Comemora\u00e7\u00e3o<\/strong><br>Ao comemorar essa conquista, Diulha Mariana afirmou que o seu sonho \u00e9 cursar Direito em uma universidade p\u00fablica, fazendo quest\u00e3o de destacar que o professor Ramon Diego tem contribu\u00eddo com esse processo com ensino de reda\u00e7\u00e3o. A concretiza\u00e7\u00e3o desse sonho agora se aproxima, pois o ano letivo est\u00e1 em sua reta final. Diulha est\u00e1 concluindo o Ensino M\u00e9dio no Col\u00e9gio Estadual Professora Oneides Rosa de Moura, escola da qual, segundo ela, se orgulha muito.<\/p>\n\n\n\n<p><br><strong>Incentivador<\/strong><br>O professor de Portugu\u00eas e grande incentivador da estudante, Ramon Diego Viana, refor\u00e7a a import\u00e2ncia de incentivar o protagonismo estudantil, tal como o reconhecimento dos estudantes diante das conquistas nos concurso internos e externos de Reda\u00e7\u00e3o. \u201cEstou muito feliz com o ganho da Diulha, ela demonstra envolvimento com as propostas e \u00e9 uma excelente aluna, precisamos dar visibilidade e aplaudir sempre nossos estudantes diante de suas conquistas. Como professor orientador pude intercambiar saberes e ela se comprometeu em receb\u00ea-los \u2013 estou realizado como profissional\u201d, comemorou o professor Ramon..<\/p>\n\n\n\n<p><strong>Bons resultados<\/strong><br>De acordo com o professor, h\u00e1 uma a\u00e7\u00e3o proposta no Projeto Pol\u00edtico Pedag\u00f3gico (PPP) da unidade escolar, envolvendo a participa\u00e7\u00e3o dos estudantes em concursos de reda\u00e7\u00e3o. Ele garante que incentivar o envolvimento dos estudantes com a escrita e com a participa\u00e7\u00e3o nos concursos, possibilita bons resultados nas provas discursivas, como no Exame Nacional do Ensino M\u00e9dio (ENEM) e demais vestibulares. Por fim, o professor reafirma estar feliz, pois seu trabalho reverberou bons resultados.<\/p>\n\n\n\n<p><\/p>\n\n\n\n<figure class=\"wp-block-image size-full\"><img loading=\"lazy\" decoding=\"async\" width=\"843\" height=\"251\" src=\"https:\/\/focotocantinense.com.br\/wp-content\/uploads\/2024\/09\/VINI_181_282-1-6.jpg\" alt=\"\" class=\"wp-image-8612\" srcset=\"https:\/\/focotocantinense.com.br\/wp-content\/uploads\/2024\/09\/VINI_181_282-1-6.jpg 843w, https:\/\/focotocantinense.com.br\/wp-content\/uploads\/2024\/09\/VINI_181_282-1-6-300x89.jpg 300w, https:\/\/focotocantinense.com.br\/wp-content\/uploads\/2024\/09\/VINI_181_282-1-6-768x229.jpg 768w\" sizes=\"auto, (max-width: 843px) 100vw, 843px\" \/><\/figure>\n","protected":false},"excerpt":{"rendered":"<p>Por Zacarias Martins A estudante Diulha Mariana Garcia, do Col\u00e9gio Estadual Professora Oneides Rosa de Moura, de Palmeir\u00f3polis, obteve a segunda coloca\u00e7\u00e3o no I Concurso Estadual de Reda\u00e7\u00e3o 2024, sobre Seguran\u00e7a no Tr\u00e2nsito, voltado para estudantes do Ensino M\u00e9dio da rede estadual, promovido pelo Governo do Tocantins, por meio da Secretaria de Estado da Educa\u00e7\u00e3o &hellip;<\/p>\n","protected":false},"author":5,"featured_media":8611,"comment_status":"open","ping_status":"open","sticky":false,"template":"","format":"standard","meta":{"footnotes":""},"categories":[62,1],"tags":[],"class_list":["post-8610","post","type-post","status-publish","format-standard","has-post-thumbnail","","category-palmeiropolis","category-sem-categoria"],"_links":{"self":[{"href":"https:\/\/focotocantinense.com.br\/index.php?rest_route=\/wp\/v2\/posts\/8610","targetHints":{"allow":["GET"]}}],"collection":[{"href":"https:\/\/focotocantinense.com.br\/index.php?rest_route=\/wp\/v2\/posts"}],"about":[{"href":"https:\/\/focotocantinense.com.br\/index.php?rest_route=\/wp\/v2\/types\/post"}],"author":[{"embeddable":true,"href":"https:\/\/focotocantinense.com.br\/index.php?rest_route=\/wp\/v2\/users\/5"}],"replies":[{"embeddable":true,"href":"https:\/\/focotocantinense.com.br\/index.php?rest_route=%2Fwp%2Fv2%2Fcomments&post=8610"}],"version-history":[{"count":2,"href":"https:\/\/focotocantinense.com.br\/index.php?rest_route=\/wp\/v2\/posts\/8610\/revisions"}],"predecessor-version":[{"id":8614,"href":"https:\/\/focotocantinense.com.br\/index.php?rest_route=\/wp\/v2\/posts\/8610\/revisions\/8614"}],"wp:featuredmedia":[{"embeddable":true,"href":"https:\/\/focotocantinense.com.br\/index.php?rest_route=\/wp\/v2\/media\/8611"}],"wp:attachment":[{"href":"https:\/\/focotocantinense.com.br\/index.php?rest_route=%2Fwp%2Fv2%2Fmedia&parent=8610"}],"wp:term":[{"taxonomy":"category","embeddable":true,"href":"https:\/\/focotocantinense.com.br\/index.php?rest_route=%2Fwp%2Fv2%2Fcategories&post=8610"},{"taxonomy":"post_tag","embeddable":true,"href":"https:\/\/focotocantinense.com.br\/index.php?rest_route=%2Fwp%2Fv2%2Ftags&post=8610"}],"curies":[{"name":"wp","href":"https:\/\/api.w.org\/{rel}","templated":true}]}}