{"id":8605,"date":"2024-09-23T10:00:58","date_gmt":"2024-09-23T13:00:58","guid":{"rendered":"https:\/\/focotocantinense.com.br\/?p=8605"},"modified":"2024-09-23T10:00:59","modified_gmt":"2024-09-23T13:00:59","slug":"na-caomiauda-eduardo-fortes-comemora-os-recursos-para-obra-da-upa-veterinaria-e-defende-mais-cuidados-para-os-pets-de-gurupi","status":"publish","type":"post","link":"https:\/\/focotocantinense.com.br\/?p=8605","title":{"rendered":"Na &#8216;C\u00e3omiauda&#8217; Eduardo Fortes comemora os recursos para obra da UPA Veterin\u00e1ria e defende mais cuidados para os Pets de Gurupi"},"content":{"rendered":"\n<p>Em uma programa\u00e7\u00e3o especial na agenda de campanha, o candidato a prefeito Eduardo Fortes realizou no final da tarde deste domingo, 22, a &#8216;C\u00e3omiauda do 55&#8243;. V\u00e1rios tutores de pets levaram seus animais para juntos somarem for\u00e7as ao lado de Fortes e ouvir suas propostas pela causa animal.<\/p>\n\n\n\n<figure class=\"wp-block-image size-large is-resized\"><img loading=\"lazy\" decoding=\"async\" width=\"1024\" height=\"576\" src=\"https:\/\/focotocantinense.com.br\/wp-content\/uploads\/2024\/09\/WhatsApp-Image-2024-09-23-at-08.19.56-1024x576.jpeg\" alt=\"\" class=\"wp-image-8606\" style=\"width:385px;height:auto\" srcset=\"https:\/\/focotocantinense.com.br\/wp-content\/uploads\/2024\/09\/WhatsApp-Image-2024-09-23-at-08.19.56-1024x576.jpeg 1024w, https:\/\/focotocantinense.com.br\/wp-content\/uploads\/2024\/09\/WhatsApp-Image-2024-09-23-at-08.19.56-300x169.jpeg 300w, https:\/\/focotocantinense.com.br\/wp-content\/uploads\/2024\/09\/WhatsApp-Image-2024-09-23-at-08.19.56-768x432.jpeg 768w, https:\/\/focotocantinense.com.br\/wp-content\/uploads\/2024\/09\/WhatsApp-Image-2024-09-23-at-08.19.56-1536x864.jpeg 1536w, https:\/\/focotocantinense.com.br\/wp-content\/uploads\/2024\/09\/WhatsApp-Image-2024-09-23-at-08.19.56-2048x1152.jpeg 2048w\" sizes=\"auto, (max-width: 1024px) 100vw, 1024px\" \/><\/figure>\n\n\n\n<p>Durante o evento, o candidato destacou a import\u00e2ncia de cuidar da sa\u00fade animal, mencionando a cria\u00e7\u00e3o da UPA Veterin\u00e1ria em Gurupi, com previs\u00e3o de in\u00edcio das obras em outubro desse ano. Segundo ele, j\u00e1 foram arrecadados R$ 1,5 milh\u00e3o por meio de emendas parlamentares para o projeto.<\/p>\n\n\n\n<p>Segundo o vendedor, Murilo Ribeiro, acompanhado pelo seu pet, relatou que a UPA ser\u00e1 fundamental para quem n\u00e3o pode pagar por consultas veterin\u00e1rias: \u201cA UPA Veterin\u00e1ria vai dar mais alcance a pessoas que n\u00e3o t\u00eam, por exemplo, uma condi\u00e7\u00e3o. A consulta veterin\u00e1ria \u00e9 muito cara. Ent\u00e3o, essa a\u00e7\u00e3o dele vai favorecer muitas pessoas carentes e tamb\u00e9m pessoas que prezam por atendimento de qualidade para seua nimalzinho\u201d, comentou.<\/p>\n\n\n\n<p>J\u00e1 Gabriela Lima elogiou oevento, destacando a chance de conhecer v\u00e1rias ra\u00e7as de cachorros e em aten\u00e7\u00e3o do candidato com a causa animal: \u201cEu achei bem legal a ideia porque eu consegui v\u00e1rias ra\u00e7as que eu nunca tinha visto. O Eduardo tem essas ideias diferentes para Gurupi e ainda luta pelos animais\u201d, declarou.<\/p>\n\n\n\n<figure class=\"wp-block-image size-large is-resized\"><img loading=\"lazy\" decoding=\"async\" width=\"1024\" height=\"649\" src=\"https:\/\/focotocantinense.com.br\/wp-content\/uploads\/2024\/09\/WhatsApp-Image-2024-09-23-at-08.20.40-1024x649.jpeg\" alt=\"\" class=\"wp-image-8607\" style=\"width:840px;height:auto\" srcset=\"https:\/\/focotocantinense.com.br\/wp-content\/uploads\/2024\/09\/WhatsApp-Image-2024-09-23-at-08.20.40-1024x649.jpeg 1024w, https:\/\/focotocantinense.com.br\/wp-content\/uploads\/2024\/09\/WhatsApp-Image-2024-09-23-at-08.20.40-300x190.jpeg 300w, https:\/\/focotocantinense.com.br\/wp-content\/uploads\/2024\/09\/WhatsApp-Image-2024-09-23-at-08.20.40-768x487.jpeg 768w, https:\/\/focotocantinense.com.br\/wp-content\/uploads\/2024\/09\/WhatsApp-Image-2024-09-23-at-08.20.40-1536x973.jpeg 1536w, https:\/\/focotocantinense.com.br\/wp-content\/uploads\/2024\/09\/WhatsApp-Image-2024-09-23-at-08.20.40-2048x1297.jpeg 2048w\" sizes=\"auto, (max-width: 1024px) 100vw, 1024px\" \/><\/figure>\n\n\n\n<p>Eduardo tamb\u00e9m mencionou a import\u00e2ncia de parcerias com ONGs e o setor privado para oferecer tratamentos de Calazar gratuitos, al\u00e9m do fortalecimento de iniciativas de castra\u00e7\u00e3o animal em Gurupi. A C\u00e3omiauda foi uma oportunidade para os gurupienses conhecerem as propostas de Eduardo Fortes e ainda trazerem seus pets para participar.<\/p>\n\n\n\n<p>Por: Ascom<br>Eduardo Fortes (PSD)<br>Candidato a prefeito deGurupi<br>Fotos: Marcos Amorim<\/p>\n","protected":false},"excerpt":{"rendered":"<p>Em uma programa\u00e7\u00e3o especial na agenda de campanha, o candidato a prefeito Eduardo Fortes realizou no final da tarde deste domingo, 22, a &#8216;C\u00e3omiauda do 55&#8243;. V\u00e1rios tutores de pets levaram seus animais para juntos somarem for\u00e7as ao lado de Fortes e ouvir suas propostas pela causa animal. Durante o evento, o candidato destacou a &hellip;<\/p>\n","protected":false},"author":5,"featured_media":8608,"comment_status":"open","ping_status":"open","sticky":false,"template":"","format":"standard","meta":{"footnotes":""},"categories":[1],"tags":[],"class_list":["post-8605","post","type-post","status-publish","format-standard","has-post-thumbnail","","category-sem-categoria"],"_links":{"self":[{"href":"https:\/\/focotocantinense.com.br\/index.php?rest_route=\/wp\/v2\/posts\/8605","targetHints":{"allow":["GET"]}}],"collection":[{"href":"https:\/\/focotocantinense.com.br\/index.php?rest_route=\/wp\/v2\/posts"}],"about":[{"href":"https:\/\/focotocantinense.com.br\/index.php?rest_route=\/wp\/v2\/types\/post"}],"author":[{"embeddable":true,"href":"https:\/\/focotocantinense.com.br\/index.php?rest_route=\/wp\/v2\/users\/5"}],"replies":[{"embeddable":true,"href":"https:\/\/focotocantinense.com.br\/index.php?rest_route=%2Fwp%2Fv2%2Fcomments&post=8605"}],"version-history":[{"count":1,"href":"https:\/\/focotocantinense.com.br\/index.php?rest_route=\/wp\/v2\/posts\/8605\/revisions"}],"predecessor-version":[{"id":8609,"href":"https:\/\/focotocantinense.com.br\/index.php?rest_route=\/wp\/v2\/posts\/8605\/revisions\/8609"}],"wp:featuredmedia":[{"embeddable":true,"href":"https:\/\/focotocantinense.com.br\/index.php?rest_route=\/wp\/v2\/media\/8608"}],"wp:attachment":[{"href":"https:\/\/focotocantinense.com.br\/index.php?rest_route=%2Fwp%2Fv2%2Fmedia&parent=8605"}],"wp:term":[{"taxonomy":"category","embeddable":true,"href":"https:\/\/focotocantinense.com.br\/index.php?rest_route=%2Fwp%2Fv2%2Fcategories&post=8605"},{"taxonomy":"post_tag","embeddable":true,"href":"https:\/\/focotocantinense.com.br\/index.php?rest_route=%2Fwp%2Fv2%2Ftags&post=8605"}],"curies":[{"name":"wp","href":"https:\/\/api.w.org\/{rel}","templated":true}]}}