{"id":8584,"date":"2024-09-19T18:45:54","date_gmt":"2024-09-19T21:45:54","guid":{"rendered":"https:\/\/focotocantinense.com.br\/?p=8584"},"modified":"2024-09-19T19:12:16","modified_gmt":"2024-09-19T22:12:16","slug":"seminario-de-cultura-movimenta-gurupi-e-regiao","status":"publish","type":"post","link":"https:\/\/focotocantinense.com.br\/?p=8584","title":{"rendered":"Semin\u00e1rio de Cultura movimenta Gurupi e regi\u00e3o"},"content":{"rendered":"\n<p><strong><em>Por Zacarias Martins<\/em><\/strong><\/p>\n\n\n\n<p>Prossegue durante todo o dia desta quinta-feira, 19, a movimentada programa\u00e7\u00e3o do 1\u00ba Semin\u00e1rio de Pol\u00edticas Culturais,\u00a0 promovido pelo\u00a0 Comit\u00ea de Cultura no Tocantins e que est\u00e1 sendo realizado no Anfiteatro do Instituto Federal do Tocantins (IFTO), campus de Gurupi.<\/p>\n\n\n\n<p>A abertura do evento aconteceu ontem \u00e0 noite, com v\u00e1rias apresenta\u00e7\u00f5es art\u00edsticas, sess\u00e3o de pajelan\u00e7a com a lideran\u00e7a ind\u00edgena Mar\u00edlia P\u00f5kw\u00fdj Ribeiro Krah\u00f4, al\u00e9m de apresenta\u00e7\u00e3o musical com o cantor Santos, palestra com o psic\u00f3logo Hugo Alves&nbsp; e&nbsp; contou&nbsp; ainda,&nbsp; com a presen\u00e7a de v\u00e1rias autoridades, al\u00e9m dos produtores culturais, gestores de cultura e estudantes das regi\u00f5es sul e sudeste do Estado.<\/p>\n\n\n\n<p>A coordenadora regional do Comit\u00ea de Cultura para as regi\u00f5es sul e sudeste no Tocantins, Maria do Socorro de Sousa, explicou que&nbsp; esse semin\u00e1rio atingiu plenamente o seu objetivo que foi o de&nbsp; &nbsp;levar&nbsp; &nbsp;informa\u00e7\u00f5es sobre&nbsp; as metas pactuadas entre a Fetac &#8211; Federa\u00e7\u00e3o Tocantinense de Artes C\u00eanicas e Minist\u00e9rio da Cultura, especialmente, aquelas relacionadas \u00e0&nbsp; democratiza\u00e7\u00e3o do acesso \u00e0s pol\u00edticas p\u00fablicas de cultura no \u00e2mbito nacional,&nbsp; e a import\u00e2ncia do Sistema Nacional de Cultura (SNC) como agregador de rela\u00e7\u00f5es com os estados e munic\u00edpios, tendo foco no desenvolvimento da cultura em todo territ\u00f3rio nacional.<\/p>\n\n\n\n<p><strong><br>Import\u00e2ncia<\/strong><\/p>\n\n\n\n<p>J\u00e1 o presidente da Fetac \u2013 Federa\u00e7\u00e3o Tocantinense de Artes C\u00eanicas, e coordenador Geral do Comit\u00ea de Cultura no Tocantins, Kak\u00e1 Nogueira, destaca que a realiza\u00e7\u00e3o desse semin\u00e1rio \u00e9 de grande import\u00e2ncia para Gurupi e as demais cidades que comp\u00f5em as regi\u00f5es sul e sudeste do Estado. \u201c\u00c9 mais uma forma de integrar, fortalecer e unir a equipe que comp\u00f5e esse comit\u00ea, vez que ser\u00e3o desenvolvidas a\u00e7\u00f5es no decorrer&nbsp; de 24 meses consecutivos, expandindo as pol\u00edticas p\u00fablicas culturais em todas essas localidades\u201d, declarou.<\/p>\n\n\n\n<p><strong>Participa\u00e7\u00f5es<\/strong><\/p>\n\n\n\n<p>Al\u00e9m de Kak\u00e1 Nogueira e C\u00edcero Bel\u00e9m, tamb\u00e9m participaram da abertura do 1\u00ba Semin\u00e1rio de Pol\u00edticas Culturais no Tocantins, a secret\u00e1ria de Cultura de Gurupi, Liliane Pagliarini,&nbsp; o representante da&nbsp; &nbsp;Secult &#8211; Secretaria de Cultura do Estado, professor Du Oliveira, o assessor de Projetos e Parcerias do Comit\u00ea de Cultura no Tocantins, Nival Correia, o coordenador do Curso de Licenciatura em Teatro do IFTO, professor Andr\u00e9 Moura, a&nbsp; diretora do Campus da UFT de Gurupi, Nil\u00e9ia Cristina da Silva, bem como, a&nbsp; coordenadora do Comit\u00ea de Cultura no Tocantins nas regi\u00f5es sul e sudeste, Maria do Socorro de Sousa Barros e sua equipe gestora, estudantes e gestores de cultura da regi\u00e3o.<\/p>\n\n\n\n<p><strong>Sobre o Comit\u00ea<\/strong><\/p>\n\n\n\n<p>O Comit\u00ea de Cultura no Tocantins \u00e9 fruto de uma parceria entre a Federa\u00e7\u00e3o Tocantinense de Artes C\u00eanicas (FETAC), Associa\u00e7\u00e3o Gurupiense de&nbsp; Artes\u00e3os (AGA), e o&nbsp; Instituto Social Cultural Araguaia (ISCA). Al\u00e9m da sede que fica em Palmas, sob a com a coordena\u00e7\u00e3o geral de Kak\u00e1 Nogueira, Wanderson Ramos e&nbsp; de uma equipe gestora,&nbsp; o \u00f3rg\u00e3o&nbsp; que&nbsp; integra o Programa Nacional de Comit\u00eas de Cultura do Minist\u00e9rio da Cultura, conta com&nbsp; representa\u00e7\u00e3o em Gurupi, com atua\u00e7\u00e3o para as regi\u00f5es sul e sudeste, bem como,&nbsp; em Aragua\u00edna, com atua\u00e7\u00e3o em todo o norte do Tocantins.<\/p>\n\n\n\n<figure class=\"wp-block-image is-resized\"><img decoding=\"async\" src=\"https:\/\/blogger.googleusercontent.com\/img\/b\/R29vZ2xl\/AVvXsEihRAyrQQRfPDIH3TS3N93xpSs54wbUnvh1lBGh0979MmVww9SATEci_8j9zf0JgkNvuiW-LGjM_YzWr4Q8PG4vxBFG1XEAjP6DfiX9OWBeASBf-F6z_MnNe6F1f05GnbkruVk0blSY_R4PpXgNgZPpvrnS5aeqnfcwDPDAPke-940huBZhshoJ3CYuPX1T\/w500-h256\/1%20-%20Participantes%20da%20abertura%20do%201%C2%BA%20Semin%C3%A1rio%20de%20Cultura%20no%20Tocantins%20%20-%20Foto%20Lett%C3%ADcia%20Japiassu.jpeg\" alt=\"\" style=\"width:840px;height:auto\"\/><\/figure>\n\n\n\n<p><\/p>\n\n\n\n<figure class=\"wp-block-image size-full\"><img loading=\"lazy\" decoding=\"async\" width=\"843\" height=\"251\" src=\"https:\/\/focotocantinense.com.br\/wp-content\/uploads\/2024\/09\/VINI_181_282-1-5.jpg\" alt=\"\" class=\"wp-image-8557\" srcset=\"https:\/\/focotocantinense.com.br\/wp-content\/uploads\/2024\/09\/VINI_181_282-1-5.jpg 843w, https:\/\/focotocantinense.com.br\/wp-content\/uploads\/2024\/09\/VINI_181_282-1-5-300x89.jpg 300w, https:\/\/focotocantinense.com.br\/wp-content\/uploads\/2024\/09\/VINI_181_282-1-5-768x229.jpg 768w\" sizes=\"auto, (max-width: 843px) 100vw, 843px\" \/><\/figure>\n\n\n\n<p><\/p>\n","protected":false},"excerpt":{"rendered":"<p>Por Zacarias Martins Prossegue durante todo o dia desta quinta-feira, 19, a movimentada programa\u00e7\u00e3o do 1\u00ba Semin\u00e1rio de Pol\u00edticas Culturais,\u00a0 promovido pelo\u00a0 Comit\u00ea de Cultura no Tocantins e que est\u00e1 sendo realizado no Anfiteatro do Instituto Federal do Tocantins (IFTO), campus de Gurupi. A abertura do evento aconteceu ontem \u00e0 noite, com v\u00e1rias apresenta\u00e7\u00f5es art\u00edsticas, &hellip;<\/p>\n","protected":false},"author":5,"featured_media":8585,"comment_status":"open","ping_status":"open","sticky":false,"template":"","format":"standard","meta":{"footnotes":""},"categories":[104,38],"tags":[],"class_list":["post-8584","post","type-post","status-publish","format-standard","has-post-thumbnail","","category-cultura","category-gurupi"],"_links":{"self":[{"href":"https:\/\/focotocantinense.com.br\/index.php?rest_route=\/wp\/v2\/posts\/8584","targetHints":{"allow":["GET"]}}],"collection":[{"href":"https:\/\/focotocantinense.com.br\/index.php?rest_route=\/wp\/v2\/posts"}],"about":[{"href":"https:\/\/focotocantinense.com.br\/index.php?rest_route=\/wp\/v2\/types\/post"}],"author":[{"embeddable":true,"href":"https:\/\/focotocantinense.com.br\/index.php?rest_route=\/wp\/v2\/users\/5"}],"replies":[{"embeddable":true,"href":"https:\/\/focotocantinense.com.br\/index.php?rest_route=%2Fwp%2Fv2%2Fcomments&post=8584"}],"version-history":[{"count":13,"href":"https:\/\/focotocantinense.com.br\/index.php?rest_route=\/wp\/v2\/posts\/8584\/revisions"}],"predecessor-version":[{"id":8604,"href":"https:\/\/focotocantinense.com.br\/index.php?rest_route=\/wp\/v2\/posts\/8584\/revisions\/8604"}],"wp:featuredmedia":[{"embeddable":true,"href":"https:\/\/focotocantinense.com.br\/index.php?rest_route=\/wp\/v2\/media\/8585"}],"wp:attachment":[{"href":"https:\/\/focotocantinense.com.br\/index.php?rest_route=%2Fwp%2Fv2%2Fmedia&parent=8584"}],"wp:term":[{"taxonomy":"category","embeddable":true,"href":"https:\/\/focotocantinense.com.br\/index.php?rest_route=%2Fwp%2Fv2%2Fcategories&post=8584"},{"taxonomy":"post_tag","embeddable":true,"href":"https:\/\/focotocantinense.com.br\/index.php?rest_route=%2Fwp%2Fv2%2Ftags&post=8584"}],"curies":[{"name":"wp","href":"https:\/\/api.w.org\/{rel}","templated":true}]}}