{"id":8573,"date":"2024-09-17T20:05:30","date_gmt":"2024-09-17T23:05:30","guid":{"rendered":"https:\/\/focotocantinense.com.br\/?p=8573"},"modified":"2024-09-17T20:10:56","modified_gmt":"2024-09-17T23:10:56","slug":"telas-em-cena-recebe-diretor-de-noites-alienigenas-e-programador-da-downtown-filmes","status":"publish","type":"post","link":"https:\/\/focotocantinense.com.br\/?p=8573","title":{"rendered":"Telas em Cena recebe diretor de Noites Alien\u00edgenas e programador da Downtown Filmes"},"content":{"rendered":"\n<p>Com foco na forma\u00e7\u00e3o cinematogr\u00e1fica e em eventos de mercado, o projeto Telas em Cena nesta 3\u00aa edi\u00e7\u00e3o recebe o premiado diretor S\u00e9rgio de Carvalho, de Noites Alien\u00edgenas; Alexandre Lopes programador da Downtown Filmes e Sandro Vales do departamento de trade da distribuidora para um bate-papo sobre premia\u00e7\u00e3o e distribui\u00e7\u00e3o de filmes brasileiros. O evento acontece no pr\u00f3ximo dia 20 de setembro, \u00e0s 19h15 no Cine Cultura Sala Sinhozinho, com entrada gratuita.<\/p>\n\n\n\n<p><strong>3\u00ba Edi\u00e7\u00e3o do Telas em Cena<\/strong><\/p>\n\n\n\n<p>Nesta edi\u00e7\u00e3o foram convidados cineastas, produtores, atrizes e atores, distribuidoras de filmes para mostrar um panorama das mais recentes produ\u00e7\u00f5es nacionais e seus desafios. Todas as sess\u00f5es e bate-papos ser\u00e3o realizados no Cine Cultura Sala Sinhozinho, uma parceria entre Funda\u00e7\u00e3o Cultural de Palmas e Instituto Social do Tocantins.<\/p>\n\n\n\n<p>O projeto \u00e9 uma realiza\u00e7\u00e3o do Instituto Social do Tocantins, por meio do edital Audiovisual Tocantins 2023, lan\u00e7ado pelo Governo do Tocantins, por meio da Secretaria da Cultura (Secult), com recursos da Lei Paulo Gustavo.<\/p>\n\n\n\n<p><strong>Convidados<\/strong><\/p>\n\n\n\n<p><strong>S\u00e9rgio de Carvalho<\/strong>&nbsp;\u00e9 o diretor do longa-metragem &#8220;Noites Alien\u00edgenas&#8221;, que foi o grande vencedor do 50\u00ba Festival de Gramado, al\u00e9m de receber diversos pr\u00eamios em outros festivais. Formado em Cinema pela Universidade Est\u00e1cio de S\u00e1, no Rio de Janeiro, mudou-se para o Acre, na Amaz\u00f4nia brasileira, h\u00e1 mais de 20 anos, onde fundou a Saci Filmes. Sua produtora \u00e9 focada em produ\u00e7\u00f5es que celebram e refletem a identidade amaz\u00f4nica e de seus povos.<\/p>\n\n\n\n<figure class=\"wp-block-image size-large\"><img loading=\"lazy\" decoding=\"async\" width=\"1024\" height=\"445\" src=\"https:\/\/focotocantinense.com.br\/wp-content\/uploads\/2024\/09\/CINE-CULTURA-1-1024x445.jpeg\" alt=\"\" class=\"wp-image-8574\" srcset=\"https:\/\/focotocantinense.com.br\/wp-content\/uploads\/2024\/09\/CINE-CULTURA-1-1024x445.jpeg 1024w, https:\/\/focotocantinense.com.br\/wp-content\/uploads\/2024\/09\/CINE-CULTURA-1-300x130.jpeg 300w, https:\/\/focotocantinense.com.br\/wp-content\/uploads\/2024\/09\/CINE-CULTURA-1-768x334.jpeg 768w, https:\/\/focotocantinense.com.br\/wp-content\/uploads\/2024\/09\/CINE-CULTURA-1.jpeg 1035w\" sizes=\"auto, (max-width: 1024px) 100vw, 1024px\" \/><\/figure>\n\n\n\n<p><\/p>\n\n\n\n<p>Al\u00e9m de &#8220;Noites Alien\u00edgenas&#8221;, S\u00e9rgio dirigiu o document\u00e1rio &#8220;Empate&#8221;, que retrata os companheiros do l\u00edder seringueiro Chico Mendes. Tamb\u00e9m produziu &#8220;Bimi Shu Ikaya&#8221;, um document\u00e1rio dirigido por Isaka e Gilson Huni Kuin, que foi premiado como melhor filme no F\u00f3rum Doc de Belo Horizonte e no Festival do Cinema Livre em Bras\u00edlia. No campo das s\u00e9ries de TV, ele \u00e9 respons\u00e1vel por &#8220;Nokun Txai &#8211; Nossos Txais&#8221;, que explora as culturas ind\u00edgenas do Acre; &#8220;O Olhar Que Vem de Dentro&#8221;, focada nas religi\u00f5es brasileiras sob a perspectiva infantil; e &#8220;Alimentando a Alma&#8221;, que une culin\u00e1ria e espiritualidade.<\/p>\n\n\n\n<p>S\u00e9rgio tamb\u00e9m \u00e9 o idealizador e diretor art\u00edstico do Festival Internacional Pachamama \u2013 Cinema de Fronteira desde 2010, com foco no cinema latino-americano. Al\u00e9m disso, ele tem contribu\u00eddo com a produ\u00e7\u00e3o de curtas-metragens em anima\u00e7\u00e3o, como &#8220;Awara Nane Putane &#8211; Uma Hist\u00f3ria do Cip\u00f3&#8221;, baseado em um mito de cria\u00e7\u00e3o da cultura Yawanawa, e &#8220;Saba&#8221;, que conta a hist\u00f3ria de um seringueiro em defesa da floresta.<\/p>\n\n\n\n<p><strong>Alexandre Lopes<\/strong>, iniciou sua trajet\u00f3ria profissional na Downtown Filmes em 2014, integrando a equipe de programa\u00e7\u00e3o. Atualmente, ocupa o cargo de gerente de programa\u00e7\u00e3o, sendo respons\u00e1vel por todo o departamento.<\/p>\n\n\n\n<p>Ao longo de sua carreira participou da distribui\u00e7\u00e3o de in\u00fameros sucessos do cinema nacional, destacando-se: &#8220;Minha Vida em Marte&#8221;, &#8220;De Pernas Pro &nbsp;Ar 2&#8221;, &#8220;Minha M\u00e3e \u00e9 uma Pe\u00e7a 2 e 3&#8221;, &#8220;At\u00e9 Que a Sorte nos Separe 2 e 3&#8221;, \u201cMussum, O Filmis\u201d, &#8220;Os Farofeiros 1 e 2&#8221;, entre outros. Recentemente, lan\u00e7ado em mar\u00e7o de 2024, o filme \u201cOs Farofeiros 2\u201d atingiu quase dois milh\u00f5es de espectadores, posicionando-se como o 2\u00ba filme nacional mais assistido do ano at\u00e9 o momento.<\/p>\n\n\n\n<p>Sob sua gest\u00e3o, o filme &#8220;Minha M\u00e3e \u00e9 uma Pe\u00e7a 3&#8221; alcan\u00e7ou a maior bilheteria da hist\u00f3ria do cinema brasileiro, com uma arrecada\u00e7\u00e3o de mais de 181 milh\u00f5es de reais, e foi lan\u00e7ado em mais de 2.100 salas com p\u00fablico de quase 12 milh\u00f5es de pessoas.<\/p>\n\n\n\n<p>A Downtown Filmes, onde atua, lidera o ranking de distribuidoras de produ\u00e7\u00f5es nacionais, sendo respons\u00e1vel por mais de 50% dos ingressos de filmes brasileiros vendidos no pa\u00eds.<\/p>\n\n\n\n<p>\u201cReceber o S\u00e9rgio de Carvalho e Alexandre Lopes para um bate-papo sobre premia\u00e7\u00e3o, produ\u00e7\u00e3o e distribui\u00e7\u00e3o de filmes no Brasil, sem d\u00favidas \u00e9 uma grande oportunidade para aqueles que est\u00e3o pensando em como alcan\u00e7ar o p\u00fablico com suas produ\u00e7\u00f5es. O Telas em Cena vem contribuir de forma consider\u00e1vel neste processo de forma\u00e7\u00e3o para o audiovisual tocantinense. \u201d Fala do idealizador do Telas em Cena, Nival Correia.<\/p>\n\n\n\n<figure class=\"wp-block-image size-full\"><img loading=\"lazy\" decoding=\"async\" width=\"843\" height=\"251\" src=\"https:\/\/focotocantinense.com.br\/wp-content\/uploads\/2024\/09\/VINI_181_282-1-5.jpg\" alt=\"\" class=\"wp-image-8557\" srcset=\"https:\/\/focotocantinense.com.br\/wp-content\/uploads\/2024\/09\/VINI_181_282-1-5.jpg 843w, https:\/\/focotocantinense.com.br\/wp-content\/uploads\/2024\/09\/VINI_181_282-1-5-300x89.jpg 300w, https:\/\/focotocantinense.com.br\/wp-content\/uploads\/2024\/09\/VINI_181_282-1-5-768x229.jpg 768w\" sizes=\"auto, (max-width: 843px) 100vw, 843px\" \/><\/figure>\n","protected":false},"excerpt":{"rendered":"<p>Com foco na forma\u00e7\u00e3o cinematogr\u00e1fica e em eventos de mercado, o projeto Telas em Cena nesta 3\u00aa edi\u00e7\u00e3o recebe o premiado diretor S\u00e9rgio de Carvalho, de Noites Alien\u00edgenas; Alexandre Lopes programador da Downtown Filmes e Sandro Vales do departamento de trade da distribuidora para um bate-papo sobre premia\u00e7\u00e3o e distribui\u00e7\u00e3o de filmes brasileiros. O evento &hellip;<\/p>\n","protected":false},"author":5,"featured_media":8574,"comment_status":"open","ping_status":"open","sticky":false,"template":"","format":"standard","meta":{"footnotes":""},"categories":[1],"tags":[],"class_list":["post-8573","post","type-post","status-publish","format-standard","has-post-thumbnail","","category-sem-categoria"],"_links":{"self":[{"href":"https:\/\/focotocantinense.com.br\/index.php?rest_route=\/wp\/v2\/posts\/8573","targetHints":{"allow":["GET"]}}],"collection":[{"href":"https:\/\/focotocantinense.com.br\/index.php?rest_route=\/wp\/v2\/posts"}],"about":[{"href":"https:\/\/focotocantinense.com.br\/index.php?rest_route=\/wp\/v2\/types\/post"}],"author":[{"embeddable":true,"href":"https:\/\/focotocantinense.com.br\/index.php?rest_route=\/wp\/v2\/users\/5"}],"replies":[{"embeddable":true,"href":"https:\/\/focotocantinense.com.br\/index.php?rest_route=%2Fwp%2Fv2%2Fcomments&post=8573"}],"version-history":[{"count":6,"href":"https:\/\/focotocantinense.com.br\/index.php?rest_route=\/wp\/v2\/posts\/8573\/revisions"}],"predecessor-version":[{"id":8580,"href":"https:\/\/focotocantinense.com.br\/index.php?rest_route=\/wp\/v2\/posts\/8573\/revisions\/8580"}],"wp:featuredmedia":[{"embeddable":true,"href":"https:\/\/focotocantinense.com.br\/index.php?rest_route=\/wp\/v2\/media\/8574"}],"wp:attachment":[{"href":"https:\/\/focotocantinense.com.br\/index.php?rest_route=%2Fwp%2Fv2%2Fmedia&parent=8573"}],"wp:term":[{"taxonomy":"category","embeddable":true,"href":"https:\/\/focotocantinense.com.br\/index.php?rest_route=%2Fwp%2Fv2%2Fcategories&post=8573"},{"taxonomy":"post_tag","embeddable":true,"href":"https:\/\/focotocantinense.com.br\/index.php?rest_route=%2Fwp%2Fv2%2Ftags&post=8573"}],"curies":[{"name":"wp","href":"https:\/\/api.w.org\/{rel}","templated":true}]}}