{"id":8567,"date":"2024-09-17T18:33:03","date_gmt":"2024-09-17T21:33:03","guid":{"rendered":"https:\/\/focotocantinense.com.br\/?p=8567"},"modified":"2024-09-17T18:33:56","modified_gmt":"2024-09-17T21:33:56","slug":"registro-historicos-de-tocantinopolis-na-obra-do-escritor-joao-joviano-de-medeiros-neto","status":"publish","type":"post","link":"https:\/\/focotocantinense.com.br\/?p=8567","title":{"rendered":"Registro hist\u00f3ricos de Tocantin\u00f3polis na obra do escritor Jo\u00e3o Joviano de Medeiros Neto"},"content":{"rendered":"\n<p><strong><em>Por Zacarias Martins<\/em><\/strong><\/p>\n\n\n\n<p>Numa publica\u00e7\u00e3o da Ideia Editora, o escritor Jo\u00e3o Joviano de Medeiros Neto, traz \u00e0 lume o livro \u201c<strong><em>Tocantin\u00f3polis \u2013 Suas ruas, pra\u00e7as e algo mais<\/em><\/strong>&#8230;\u201d, onde o autor nos apresenta importantes registros hist\u00f3ricos desta cidade localizada na regi\u00e3o conhecida como Bico do Papagaio, no extremo norte do Estado do Tocantins.&nbsp;<\/p>\n\n\n\n<p><strong>Curiosidades<\/strong><\/p>\n\n\n\n<p>Ao fazer uma breve an\u00e1lise desse trabalho do autor, a professora Ione Dias de Oliveira, destaca algumas curiosidades na obra de Joviano, como a revela\u00e7\u00e3o de espa\u00e7os constru\u00eddos e que tamb\u00e9m contam hist\u00f3rias interessantes que muitas vezes, as pessoas que nasceram e escolheram morar em Tocantin\u00f3polis desconhecem.&nbsp; Como o surgimento de determinadas ruas, pra\u00e7as e o memorial urbano, al\u00e9m de fatos que repercutiram na imprensa nacional e que constituem um quadro comparativo das imagens de ontem e de hoje.<\/p>\n\n\n\n<figure class=\"wp-block-image size-large is-resized\"><img loading=\"lazy\" decoding=\"async\" width=\"1024\" height=\"576\" src=\"https:\/\/focotocantinense.com.br\/wp-content\/uploads\/2024\/09\/Escritor-Joao-Joviano-de-Medeiros-Neto-Foto-Divulgacao-1024x576.jpeg\" alt=\"\" class=\"wp-image-8568\" style=\"width:392px;height:auto\" srcset=\"https:\/\/focotocantinense.com.br\/wp-content\/uploads\/2024\/09\/Escritor-Joao-Joviano-de-Medeiros-Neto-Foto-Divulgacao-1024x576.jpeg 1024w, https:\/\/focotocantinense.com.br\/wp-content\/uploads\/2024\/09\/Escritor-Joao-Joviano-de-Medeiros-Neto-Foto-Divulgacao-300x169.jpeg 300w, https:\/\/focotocantinense.com.br\/wp-content\/uploads\/2024\/09\/Escritor-Joao-Joviano-de-Medeiros-Neto-Foto-Divulgacao-768x432.jpeg 768w, https:\/\/focotocantinense.com.br\/wp-content\/uploads\/2024\/09\/Escritor-Joao-Joviano-de-Medeiros-Neto-Foto-Divulgacao.jpeg 1280w\" sizes=\"auto, (max-width: 1024px) 100vw, 1024px\" \/><\/figure>\n\n\n\n<p><\/p>\n\n\n\n<p><strong>Sobre o autor<\/strong><\/p>\n\n\n\n<p>Jo\u00e3o Joviano de Medeiros Neto \u00e9 paraibano de Campina Grande. \u00c9 bi\u00f3logo, tendo atuado como bi\u00f3logo junto a projetos desenvolvidos pelo e Minist\u00e9rio do Meio Ambiente e na doc\u00eancia, ainda pelo Estado da Para\u00edba. Veio para o Tocantins em 1999, onde ingressou na Secretaria Estadual da Educa\u00e7\u00e3o (Seduc), para trabalhar no norte do Estado. No in\u00edcio de 2006, em Tocantin\u00f3polis, passa a atuar como supervisor pedag\u00f3gico ind\u00edgena.&nbsp; E foi nessa cidade que lhe despertou o interesse em fazer esse compilado de registros hist\u00f3ricos. Atualmente, \u00e9 professor na Escola Estadual Professor Giuliano Moretti<\/p>\n\n\n\n<figure class=\"wp-block-image size-full\"><img loading=\"lazy\" decoding=\"async\" width=\"843\" height=\"251\" src=\"https:\/\/focotocantinense.com.br\/wp-content\/uploads\/2024\/09\/VINI_181_282-1-5.jpg\" alt=\"\" class=\"wp-image-8557\" srcset=\"https:\/\/focotocantinense.com.br\/wp-content\/uploads\/2024\/09\/VINI_181_282-1-5.jpg 843w, https:\/\/focotocantinense.com.br\/wp-content\/uploads\/2024\/09\/VINI_181_282-1-5-300x89.jpg 300w, https:\/\/focotocantinense.com.br\/wp-content\/uploads\/2024\/09\/VINI_181_282-1-5-768x229.jpg 768w\" sizes=\"auto, (max-width: 843px) 100vw, 843px\" \/><\/figure>\n","protected":false},"excerpt":{"rendered":"<p>Por Zacarias Martins Numa publica\u00e7\u00e3o da Ideia Editora, o escritor Jo\u00e3o Joviano de Medeiros Neto, traz \u00e0 lume o livro \u201cTocantin\u00f3polis \u2013 Suas ruas, pra\u00e7as e algo mais&#8230;\u201d, onde o autor nos apresenta importantes registros hist\u00f3ricos desta cidade localizada na regi\u00e3o conhecida como Bico do Papagaio, no extremo norte do Estado do Tocantins.&nbsp; Curiosidades Ao &hellip;<\/p>\n","protected":false},"author":5,"featured_media":8568,"comment_status":"open","ping_status":"open","sticky":false,"template":"","format":"standard","meta":{"footnotes":""},"categories":[1,87],"tags":[],"class_list":["post-8567","post","type-post","status-publish","format-standard","has-post-thumbnail","","category-sem-categoria","category-tocantinopolis"],"_links":{"self":[{"href":"https:\/\/focotocantinense.com.br\/index.php?rest_route=\/wp\/v2\/posts\/8567","targetHints":{"allow":["GET"]}}],"collection":[{"href":"https:\/\/focotocantinense.com.br\/index.php?rest_route=\/wp\/v2\/posts"}],"about":[{"href":"https:\/\/focotocantinense.com.br\/index.php?rest_route=\/wp\/v2\/types\/post"}],"author":[{"embeddable":true,"href":"https:\/\/focotocantinense.com.br\/index.php?rest_route=\/wp\/v2\/users\/5"}],"replies":[{"embeddable":true,"href":"https:\/\/focotocantinense.com.br\/index.php?rest_route=%2Fwp%2Fv2%2Fcomments&post=8567"}],"version-history":[{"count":2,"href":"https:\/\/focotocantinense.com.br\/index.php?rest_route=\/wp\/v2\/posts\/8567\/revisions"}],"predecessor-version":[{"id":8570,"href":"https:\/\/focotocantinense.com.br\/index.php?rest_route=\/wp\/v2\/posts\/8567\/revisions\/8570"}],"wp:featuredmedia":[{"embeddable":true,"href":"https:\/\/focotocantinense.com.br\/index.php?rest_route=\/wp\/v2\/media\/8568"}],"wp:attachment":[{"href":"https:\/\/focotocantinense.com.br\/index.php?rest_route=%2Fwp%2Fv2%2Fmedia&parent=8567"}],"wp:term":[{"taxonomy":"category","embeddable":true,"href":"https:\/\/focotocantinense.com.br\/index.php?rest_route=%2Fwp%2Fv2%2Fcategories&post=8567"},{"taxonomy":"post_tag","embeddable":true,"href":"https:\/\/focotocantinense.com.br\/index.php?rest_route=%2Fwp%2Fv2%2Ftags&post=8567"}],"curies":[{"name":"wp","href":"https:\/\/api.w.org\/{rel}","templated":true}]}}