{"id":856,"date":"2021-03-05T22:21:01","date_gmt":"2021-03-06T01:21:01","guid":{"rendered":"http:\/\/focotocantinense.com.br\/?p=856"},"modified":"2021-03-05T22:25:14","modified_gmt":"2021-03-06T01:25:14","slug":"projeto-do-vereador-delegado-tiago-visa-beneficiar-pessoas-com-deficiencia-auditiva-em-tocantinopolis","status":"publish","type":"post","link":"https:\/\/focotocantinense.com.br\/?p=856","title":{"rendered":"Projeto do vereador Delegado Tiago visa beneficiar pessoas com defici\u00eancia auditiva em Tocantin\u00f3polis"},"content":{"rendered":"\n<figure class=\"wp-block-image is-resized\"><img loading=\"lazy\" decoding=\"async\" src=\"https:\/\/www.n1to.com.br\/img\/cache\/800x400\/80\/crop\/Imagem-56ad65fcbc2af6a5cd7be91d66ed620f.jpg\" alt=\"\" width=\"578\" height=\"289\"\/><\/figure>\n\n\n\n<p><strong>Zacarias Martins<\/strong><\/p>\n\n\n\n<p>Por Zacarias Martins<\/p>\n\n\n\n<p>A falta de um int\u00e9rprete que ajude os surdos limita a inclus\u00e3o social e tr\u00e1s, em alguns casos, at\u00e9 constrangimentos \u00e0queles que precisam de algum atendimento e n\u00e3o s\u00e3o compreendidos porque n\u00e3o h\u00e1 uma pessoa que os entenda. Eles t\u00eam muita dificuldade e s\u00f3 conseguem resolver devido \u00e0 ajuda de amigos ou quando pagam algu\u00e9m que tenha o curso de Libras para ajud\u00e1-los a se comunicarem melhor em locais p\u00fablicos.<\/p>\n\n\n\n<p>Esses foram os principais motivos que levaram o &nbsp;vereador&nbsp; Delegado Tiago Daniel (PTB), a apresentar um Projeto Lei na C\u00e2mara Municipal de Tocantin\u00f3polis, onde fica autorizado ao Executivo &nbsp;que disponibilize&nbsp; Int\u00e9rprete de Libras (L\u00edngua Brasileira de Sinais) em eventos municipais de grande fluxo de pessoas.<\/p>\n\n\n\n<p>Pelo&nbsp; Projeto, o&nbsp; int\u00e9rprete n\u00e3o precisa, necessariamente, pertencer ao quadro de funcion\u00e1rios do Executivo, mas poder\u00e1 ser contratado para prestar servi\u00e7os nos eventos municipais de grande fluxo de pessoas, quando for necess\u00e1rio.<\/p>\n\n\n\n<p>De acordo com o&nbsp; parlamentar,&nbsp; o projeto visa&nbsp;&nbsp;&nbsp; beneficiar aquelas pessoas com&nbsp; dificuldade ou perda auditiva,&nbsp; quando necessitarem usar locais com grande fluxo de pessoas, assegurando inclusive a elas o direito a trabalhar nesses locais, pois, na maioria das vezes, se veem marginalizadas pela dificuldade de interagir no ambiente visitado e de trabalho.&nbsp; \u201cPor isso o objetivo da proposta \u00e9 garantir um atendimento de qualidade a pessoas surdas por meio de servi\u00e7os de tradu\u00e7\u00e3o e interpreta\u00e7\u00e3o\u201d, destacou.&nbsp; &nbsp; &nbsp; &nbsp; &nbsp; &nbsp; &nbsp; &nbsp; &nbsp; &nbsp; &nbsp; &nbsp; &nbsp; &nbsp; &nbsp; &nbsp; &nbsp; &nbsp; &nbsp; &nbsp; &nbsp; &nbsp; &nbsp; &nbsp; &nbsp; &nbsp; &nbsp; &nbsp; &nbsp; &nbsp; &nbsp; &nbsp; &nbsp; &nbsp; &nbsp; &nbsp; &nbsp; &nbsp; &nbsp; &nbsp; &nbsp; &nbsp; &nbsp;&nbsp;<\/p>\n\n\n\n<p>\u201cPara garantirmos o direito de todos os cidad\u00e3os, n\u00e3o basta ter somente os pr\u00e9dios as cadeiras escolares, os conte\u00fados e os professores\u201d, afirmou o vereador Delegado Tiago Daniel,&nbsp; lembrando que a L\u00edngua Brasileira de Sinais (Libras) \u00e9 uma l\u00edngua, um idioma oficial do Brasil, com estruturas e regras pr\u00f3prias. \u201cA linguagem \u00e9 parte integrante no desenvolvimento do ser humano. A falta dela tem graves consequ\u00eancias para o indiv\u00edduo no que se refere ao seu desenvolvimento emocional, social e intelectual\u201d, asseverou o vereador.<\/p>\n","protected":false},"excerpt":{"rendered":"<p>Zacarias Martins Por Zacarias Martins A falta de um int\u00e9rprete que ajude os surdos limita a inclus\u00e3o social e tr\u00e1s, em alguns casos, at\u00e9 constrangimentos \u00e0queles que precisam de algum atendimento e n\u00e3o s\u00e3o compreendidos porque n\u00e3o h\u00e1 uma pessoa que os entenda. Eles t\u00eam muita dificuldade e s\u00f3 conseguem resolver devido \u00e0 ajuda de &hellip;<\/p>\n","protected":false},"author":5,"featured_media":857,"comment_status":"open","ping_status":"open","sticky":false,"template":"","format":"standard","meta":{"footnotes":""},"categories":[87],"tags":[],"class_list":["post-856","post","type-post","status-publish","format-standard","has-post-thumbnail","","category-tocantinopolis"],"_links":{"self":[{"href":"https:\/\/focotocantinense.com.br\/index.php?rest_route=\/wp\/v2\/posts\/856","targetHints":{"allow":["GET"]}}],"collection":[{"href":"https:\/\/focotocantinense.com.br\/index.php?rest_route=\/wp\/v2\/posts"}],"about":[{"href":"https:\/\/focotocantinense.com.br\/index.php?rest_route=\/wp\/v2\/types\/post"}],"author":[{"embeddable":true,"href":"https:\/\/focotocantinense.com.br\/index.php?rest_route=\/wp\/v2\/users\/5"}],"replies":[{"embeddable":true,"href":"https:\/\/focotocantinense.com.br\/index.php?rest_route=%2Fwp%2Fv2%2Fcomments&post=856"}],"version-history":[{"count":3,"href":"https:\/\/focotocantinense.com.br\/index.php?rest_route=\/wp\/v2\/posts\/856\/revisions"}],"predecessor-version":[{"id":861,"href":"https:\/\/focotocantinense.com.br\/index.php?rest_route=\/wp\/v2\/posts\/856\/revisions\/861"}],"wp:featuredmedia":[{"embeddable":true,"href":"https:\/\/focotocantinense.com.br\/index.php?rest_route=\/wp\/v2\/media\/857"}],"wp:attachment":[{"href":"https:\/\/focotocantinense.com.br\/index.php?rest_route=%2Fwp%2Fv2%2Fmedia&parent=856"}],"wp:term":[{"taxonomy":"category","embeddable":true,"href":"https:\/\/focotocantinense.com.br\/index.php?rest_route=%2Fwp%2Fv2%2Fcategories&post=856"},{"taxonomy":"post_tag","embeddable":true,"href":"https:\/\/focotocantinense.com.br\/index.php?rest_route=%2Fwp%2Fv2%2Ftags&post=856"}],"curies":[{"name":"wp","href":"https:\/\/api.w.org\/{rel}","templated":true}]}}