{"id":8538,"date":"2024-09-15T16:19:15","date_gmt":"2024-09-15T19:19:15","guid":{"rendered":"https:\/\/focotocantinense.com.br\/?p=8538"},"modified":"2024-09-15T16:29:48","modified_gmt":"2024-09-15T19:29:48","slug":"gurupi-vai-sediar-o-1o-seminario-de-politicas-culturais-promovido-pelo-comite-de-cultura-no-tocantins","status":"publish","type":"post","link":"https:\/\/focotocantinense.com.br\/?p=8538","title":{"rendered":"Gurupi vai sediar o 1\u00ba Semin\u00e1rio de Pol\u00edticas Culturais promovido pelo Comit\u00ea de Cultura no Tocantins"},"content":{"rendered":"\n<p>Na pr\u00f3xima quarta-feira, 18,&nbsp;e na quinta, 19, ser\u00e1 realizado no Anfiteatro do Instituto Federal de Educa\u00e7\u00e3o (IFTO), campus de Gurupi,&nbsp;o 1\u00ba Semin\u00e1rio de Pol\u00edticas Culturais do Comit\u00ea de Cultura no Tocantins &#8211; Regi\u00e3o Sul.<\/p>\n\n\n\n<p>A abertura oficial do evento que espera um p\u00fablico de 100 pessoas, est\u00e1 prevista para acontecer \u00e0s 19 horas e seguir\u00e1 com uma movimentada programa\u00e7\u00e3o. Logo na abertura haver\u00e1 apresenta\u00e7\u00e3o art\u00edstica, com performance ind\u00edgena e musical, palestra com enfoque no Sistema Nacional de Cultura no contexto do marco regulat\u00f3rio, com o Coordenador do Escrit\u00f3rio de Representa\u00e7\u00e3o do Minist\u00e9rio da Cultura no Tocantins, C\u00edcero Bel\u00e9m. A abertura tamb\u00e9m contar\u00e1 com a apresenta\u00e7\u00e3o formal do Comit\u00ea de Cultura no Tocantins, pelo Coordenador Geral, Kak\u00e1 Nogueira, contar\u00e1, ainda, com cerim\u00f4nia de assinatura de Termos de parcerias entre importantes institui\u00e7\u00f5es, como IFTO e UFT. &nbsp;&nbsp;O evento seguir\u00e1 dia 19 com uma roda de conversa com gestores e artistas regionais, palestra, realiza\u00e7\u00e3o de apresenta\u00e7\u00f5es art\u00edsticas, bem como, a exibi\u00e7\u00e3o de um curta-metragem.<\/p>\n\n\n\n<p>A inscri\u00e7\u00e3o para esse evento \u00e9 gratuita e podem participar produtores culturais, artistas com atua\u00e7\u00e3o na regi\u00e3o sul do Estado, dirigentes de \u00f3rg\u00e3os p\u00fablicos de cultura, bem como, estudantes e representantes de entidades educacionais e o p\u00fablico em geral. A produ\u00e7\u00e3o informa que o evento contar\u00e1 com acessibilidade em LIBRAS, e espera tamb\u00e9m poder contribuir com informa\u00e7\u00e3o e forma\u00e7\u00e3o para esse p\u00fablico.<\/p>\n\n\n\n<p><strong>Planejamento<\/strong><\/p>\n\n\n\n<p>Para discutir as principais linhas de atua\u00e7\u00e3o que ser\u00e3o implementadas pelo&nbsp;Comit\u00ea de Cultura no Tocantins nas regi\u00f5es sul e sudeste do Estado, aconteceu pela manh\u00e3 deste s\u00e1bado, 15, uma reuni\u00e3o com os colaboradores &nbsp;da AGA &#8211; &nbsp;OSC executante.<\/p>\n\n\n\n<p>De acordo com Maria do Socorro de Sousa, &nbsp;coordenadora regional do Comit\u00ea de Cultura para as regi\u00f5es &nbsp;&nbsp;sul &nbsp;e sudeste do Tocantins, &nbsp;esse semin\u00e1rio busca &nbsp;&nbsp;levar &nbsp;&nbsp;informa\u00e7\u00f5es que atendem os objetivos e metas das pol\u00edticas nacionais de cultura, por meio dos comit\u00eas, especialmente, aquelas&nbsp; relacionadas \u00e0 &nbsp;democratiza\u00e7\u00e3o do acesso \u00e0s pol\u00edticas p\u00fablicas de cultura no \u00e2mbito nacional, &nbsp;e a import\u00e2ncia do Sistema Nacional de Cultura (SNC) como agregador de rela\u00e7\u00f5es com os estados e munic\u00edpios, tendo foco no desenvolvimento da cultura em todo territ\u00f3rio nacional.<\/p>\n\n\n\n<p>\u201cTrata-se de uma relevante iniciativa que tem por objetivo ampliar o acesso \u00e0s pol\u00edticas p\u00fablicas de cultura, fortalecendo a democracia e a participa\u00e7\u00e3o popular e cidad\u00e3 no \u00e2mbito das pol\u00edticas socioculturais e do Sistema Nacional de Cultura (SNC), concluiu Socorro.<\/p>\n\n\n\n<p><strong>Sobre o Comit\u00ea<\/strong><\/p>\n\n\n\n<p>O Comit\u00ea de Cultura no Tocantins \u00e9 integrante do Programa Nacional dos Comit\u00eas de Cultura (PNCC) por meio da Secretaria dos Comit\u00eas de Cultura &#8211; Minist\u00e9rio da Cultura (Minc), e &nbsp;j\u00e1 desenvolve a\u00e7\u00f5es h\u00e1 mais de dois meses e atua em todo o Estado, buscando descentralizar as a\u00e7\u00f5es culturais e estimular a produ\u00e7\u00e3o art\u00edstica em todas as regi\u00f5es. Ele \u00e9 coordenado pela Federa\u00e7\u00e3o Tocantinense de Artes C\u00eanicas do Tocantins (Fetac), presidida por Kak\u00e1 Nogueira, ator, produtor e coordenador geral do&nbsp;Comit\u00ea.&nbsp; O&nbsp;Comit\u00ea&nbsp;conta com a colabora\u00e7\u00e3o em rede da Associa\u00e7\u00e3o Gurupiense de Artes\u00e3os (AGA) e do Instituto Social e Cultural Araguaia (Isca). O&nbsp;Comit\u00ea&nbsp;do Tocantins ficou em 1\u00b0 lugar no Brasil na sele\u00e7\u00e3o realizada em 2023 pelo MinC e ter\u00e1 a\u00e7\u00f5es coordenadas pela Fetac&nbsp;por&nbsp;24&nbsp;meses.<\/p>\n\n\n\n<figure class=\"wp-block-image size-full\"><img loading=\"lazy\" decoding=\"async\" width=\"843\" height=\"251\" src=\"https:\/\/focotocantinense.com.br\/wp-content\/uploads\/2024\/09\/VINI_181_282-1-4.jpg\" alt=\"\" class=\"wp-image-8541\" srcset=\"https:\/\/focotocantinense.com.br\/wp-content\/uploads\/2024\/09\/VINI_181_282-1-4.jpg 843w, https:\/\/focotocantinense.com.br\/wp-content\/uploads\/2024\/09\/VINI_181_282-1-4-300x89.jpg 300w, https:\/\/focotocantinense.com.br\/wp-content\/uploads\/2024\/09\/VINI_181_282-1-4-768x229.jpg 768w\" sizes=\"auto, (max-width: 843px) 100vw, 843px\" \/><\/figure>\n","protected":false},"excerpt":{"rendered":"<p>Na pr\u00f3xima quarta-feira, 18,&nbsp;e na quinta, 19, ser\u00e1 realizado no Anfiteatro do Instituto Federal de Educa\u00e7\u00e3o (IFTO), campus de Gurupi,&nbsp;o 1\u00ba Semin\u00e1rio de Pol\u00edticas Culturais do Comit\u00ea de Cultura no Tocantins &#8211; Regi\u00e3o Sul. A abertura oficial do evento que espera um p\u00fablico de 100 pessoas, est\u00e1 prevista para acontecer \u00e0s 19 horas e seguir\u00e1 &hellip;<\/p>\n","protected":false},"author":5,"featured_media":8539,"comment_status":"open","ping_status":"open","sticky":false,"template":"","format":"standard","meta":{"footnotes":""},"categories":[1],"tags":[],"class_list":["post-8538","post","type-post","status-publish","format-standard","has-post-thumbnail","","category-sem-categoria"],"_links":{"self":[{"href":"https:\/\/focotocantinense.com.br\/index.php?rest_route=\/wp\/v2\/posts\/8538","targetHints":{"allow":["GET"]}}],"collection":[{"href":"https:\/\/focotocantinense.com.br\/index.php?rest_route=\/wp\/v2\/posts"}],"about":[{"href":"https:\/\/focotocantinense.com.br\/index.php?rest_route=\/wp\/v2\/types\/post"}],"author":[{"embeddable":true,"href":"https:\/\/focotocantinense.com.br\/index.php?rest_route=\/wp\/v2\/users\/5"}],"replies":[{"embeddable":true,"href":"https:\/\/focotocantinense.com.br\/index.php?rest_route=%2Fwp%2Fv2%2Fcomments&post=8538"}],"version-history":[{"count":2,"href":"https:\/\/focotocantinense.com.br\/index.php?rest_route=\/wp\/v2\/posts\/8538\/revisions"}],"predecessor-version":[{"id":8548,"href":"https:\/\/focotocantinense.com.br\/index.php?rest_route=\/wp\/v2\/posts\/8538\/revisions\/8548"}],"wp:featuredmedia":[{"embeddable":true,"href":"https:\/\/focotocantinense.com.br\/index.php?rest_route=\/wp\/v2\/media\/8539"}],"wp:attachment":[{"href":"https:\/\/focotocantinense.com.br\/index.php?rest_route=%2Fwp%2Fv2%2Fmedia&parent=8538"}],"wp:term":[{"taxonomy":"category","embeddable":true,"href":"https:\/\/focotocantinense.com.br\/index.php?rest_route=%2Fwp%2Fv2%2Fcategories&post=8538"},{"taxonomy":"post_tag","embeddable":true,"href":"https:\/\/focotocantinense.com.br\/index.php?rest_route=%2Fwp%2Fv2%2Ftags&post=8538"}],"curies":[{"name":"wp","href":"https:\/\/api.w.org\/{rel}","templated":true}]}}