{"id":8531,"date":"2024-09-13T09:29:54","date_gmt":"2024-09-13T12:29:54","guid":{"rendered":"https:\/\/focotocantinense.com.br\/?p=8531"},"modified":"2024-09-13T09:35:08","modified_gmt":"2024-09-13T12:35:08","slug":"em-comicio-lotado-toinho-andrade-garante-que-realizara-uma-revolucao-administrativa-e-social-em-porto-nacional","status":"publish","type":"post","link":"https:\/\/focotocantinense.com.br\/?p=8531","title":{"rendered":"Em com\u00edcio lotado, Toinho Andrade garante que realizar\u00e1 uma revolu\u00e7\u00e3o administrativa e social em Porto Nacional"},"content":{"rendered":"\n<p>\u201cA popula\u00e7\u00e3o portuense merece liberdade e um governo mais honesto\u201d, destacou o candidato a prefeito<\/p>\n\n\n\n<p>Nesta quinta-feira, 12, a Coliga\u00e7\u00e3o Porto Para Todos, liderada pelo candidato a prefeito de Porto Nacional, Toinho Andrade (Republicanos), e seu vice, Soares Filho (PP), promoveu um grande com\u00edcio no setor Jardim Municipal. Uma verdadeira multid\u00e3o se reuniu para acompanhar a programa\u00e7\u00e3o que foi uma verdadeira festa da democracia.<\/p>\n\n\n\n<figure class=\"wp-block-image size-large is-resized\"><img loading=\"lazy\" decoding=\"async\" width=\"1024\" height=\"682\" src=\"https:\/\/focotocantinense.com.br\/wp-content\/uploads\/2024\/09\/WhatsApp-Image-2024-09-13-at-08.27.11-1-1024x682.jpeg\" alt=\"\" class=\"wp-image-8532\" style=\"width:351px;height:auto\" srcset=\"https:\/\/focotocantinense.com.br\/wp-content\/uploads\/2024\/09\/WhatsApp-Image-2024-09-13-at-08.27.11-1-1024x682.jpeg 1024w, https:\/\/focotocantinense.com.br\/wp-content\/uploads\/2024\/09\/WhatsApp-Image-2024-09-13-at-08.27.11-1-300x200.jpeg 300w, https:\/\/focotocantinense.com.br\/wp-content\/uploads\/2024\/09\/WhatsApp-Image-2024-09-13-at-08.27.11-1-768x512.jpeg 768w, https:\/\/focotocantinense.com.br\/wp-content\/uploads\/2024\/09\/WhatsApp-Image-2024-09-13-at-08.27.11-1-1536x1024.jpeg 1536w, https:\/\/focotocantinense.com.br\/wp-content\/uploads\/2024\/09\/WhatsApp-Image-2024-09-13-at-08.27.11-1-2048x1365.jpeg 2048w, https:\/\/focotocantinense.com.br\/wp-content\/uploads\/2024\/09\/WhatsApp-Image-2024-09-13-at-08.27.11-1-310x205.jpeg 310w\" sizes=\"auto, (max-width: 1024px) 100vw, 1024px\" \/><\/figure>\n\n\n\n<p>Marcaram presen\u00e7a no evento o deputado federal, Vicentinho J\u00fanior, o deputado estadual, Cleiton Cardoso, os ex-prefeitos, F\u00e1bio Martins, Tereza Martins, Vicentinho Alves e Otoniel Andrade, al\u00e9m dos candidatos a vereadores e dos apoiadores que fizeram uma linda festa.<\/p>\n\n\n\n<p>Na oportunidade, Toinho voltou a garantir que ir\u00e1 construir um Hospital Municipal em Luzimangues, revitalizar a Orla de Porto Nacional, garantir o pagamento dos direitos adquiridos dos servidores, criar a Secretaria da Mulher, Secretaria da Juventude, ofertar cursos de capacita\u00e7\u00e3o profissional para a juventude, dentre outras propostas que est\u00e3o inclusas em seu plano de governo.<\/p>\n\n\n\n<figure class=\"wp-block-image size-large is-resized\"><img loading=\"lazy\" decoding=\"async\" width=\"1024\" height=\"682\" src=\"https:\/\/focotocantinense.com.br\/wp-content\/uploads\/2024\/09\/WhatsApp-Image-2024-09-13-at-08.27.12-1024x682.jpeg\" alt=\"\" class=\"wp-image-8533\" style=\"width:359px;height:auto\" srcset=\"https:\/\/focotocantinense.com.br\/wp-content\/uploads\/2024\/09\/WhatsApp-Image-2024-09-13-at-08.27.12-1024x682.jpeg 1024w, https:\/\/focotocantinense.com.br\/wp-content\/uploads\/2024\/09\/WhatsApp-Image-2024-09-13-at-08.27.12-300x200.jpeg 300w, https:\/\/focotocantinense.com.br\/wp-content\/uploads\/2024\/09\/WhatsApp-Image-2024-09-13-at-08.27.12-768x512.jpeg 768w, https:\/\/focotocantinense.com.br\/wp-content\/uploads\/2024\/09\/WhatsApp-Image-2024-09-13-at-08.27.12-1536x1024.jpeg 1536w, https:\/\/focotocantinense.com.br\/wp-content\/uploads\/2024\/09\/WhatsApp-Image-2024-09-13-at-08.27.12-2048x1365.jpeg 2048w, https:\/\/focotocantinense.com.br\/wp-content\/uploads\/2024\/09\/WhatsApp-Image-2024-09-13-at-08.27.12-310x205.jpeg 310w\" sizes=\"auto, (max-width: 1024px) 100vw, 1024px\" \/><\/figure>\n\n\n\n<p>Por fim, Toinho pediu uma oportunidade para mostrar seu compromisso e fazer a popula\u00e7\u00e3o portuense sorrir novamente.<\/p>\n\n\n\n<p>\u201cN\u00f3s temos o apoio do povo, \u00e9 n\u00e3o h\u00e1 pesquisa melhor que essa. Enquanto os advers\u00e1rios n\u00e3o tem plano de governo, apenas projeto de poder pol\u00edtico, n\u00f3s temos o melhor time para garantir a retomada do progresso em Porto Nacional. Em nossa gest\u00e3o n\u00e3o haver\u00e1 persegui\u00e7\u00e3o \u00e0 popula\u00e7\u00e3o nem aos servidores, isso tem que acabar. Dia 6 de outubro, votem conscientes, votem pensando na transforma\u00e7\u00e3o que nossa cidade precisa para sair desse cen\u00e1rio de atraso em que se encontra\u201d, concluiu.<\/p>\n\n\n\n<p>Assessoria de Imprensa \u2013 Deputado Federal Antonio Andrade<\/p>\n","protected":false},"excerpt":{"rendered":"<p>\u201cA popula\u00e7\u00e3o portuense merece liberdade e um governo mais honesto\u201d, destacou o candidato a prefeito Nesta quinta-feira, 12, a Coliga\u00e7\u00e3o Porto Para Todos, liderada pelo candidato a prefeito de Porto Nacional, Toinho Andrade (Republicanos), e seu vice, Soares Filho (PP), promoveu um grande com\u00edcio no setor Jardim Municipal. Uma verdadeira multid\u00e3o se reuniu para acompanhar &hellip;<\/p>\n","protected":false},"author":5,"featured_media":8534,"comment_status":"open","ping_status":"open","sticky":false,"template":"","format":"standard","meta":{"footnotes":""},"categories":[1],"tags":[],"class_list":["post-8531","post","type-post","status-publish","format-standard","has-post-thumbnail","","category-sem-categoria"],"_links":{"self":[{"href":"https:\/\/focotocantinense.com.br\/index.php?rest_route=\/wp\/v2\/posts\/8531","targetHints":{"allow":["GET"]}}],"collection":[{"href":"https:\/\/focotocantinense.com.br\/index.php?rest_route=\/wp\/v2\/posts"}],"about":[{"href":"https:\/\/focotocantinense.com.br\/index.php?rest_route=\/wp\/v2\/types\/post"}],"author":[{"embeddable":true,"href":"https:\/\/focotocantinense.com.br\/index.php?rest_route=\/wp\/v2\/users\/5"}],"replies":[{"embeddable":true,"href":"https:\/\/focotocantinense.com.br\/index.php?rest_route=%2Fwp%2Fv2%2Fcomments&post=8531"}],"version-history":[{"count":3,"href":"https:\/\/focotocantinense.com.br\/index.php?rest_route=\/wp\/v2\/posts\/8531\/revisions"}],"predecessor-version":[{"id":8537,"href":"https:\/\/focotocantinense.com.br\/index.php?rest_route=\/wp\/v2\/posts\/8531\/revisions\/8537"}],"wp:featuredmedia":[{"embeddable":true,"href":"https:\/\/focotocantinense.com.br\/index.php?rest_route=\/wp\/v2\/media\/8534"}],"wp:attachment":[{"href":"https:\/\/focotocantinense.com.br\/index.php?rest_route=%2Fwp%2Fv2%2Fmedia&parent=8531"}],"wp:term":[{"taxonomy":"category","embeddable":true,"href":"https:\/\/focotocantinense.com.br\/index.php?rest_route=%2Fwp%2Fv2%2Fcategories&post=8531"},{"taxonomy":"post_tag","embeddable":true,"href":"https:\/\/focotocantinense.com.br\/index.php?rest_route=%2Fwp%2Fv2%2Ftags&post=8531"}],"curies":[{"name":"wp","href":"https:\/\/api.w.org\/{rel}","templated":true}]}}