{"id":8526,"date":"2024-09-13T09:13:29","date_gmt":"2024-09-13T12:13:29","guid":{"rendered":"https:\/\/focotocantinense.com.br\/?p=8526"},"modified":"2024-09-13T09:13:30","modified_gmt":"2024-09-13T12:13:30","slug":"voto-consciente-e-compromisso-com-o-povo-eduardo-fortes-fala-aos-eleitores-na-grande-reuniao-no-joao-lisboa-da-cruz","status":"publish","type":"post","link":"https:\/\/focotocantinense.com.br\/?p=8526","title":{"rendered":"Voto Consciente e Compromisso com o Povo: Eduardo Fortes fala aos eleitores na grande reuni\u00e3o no Jo\u00e3o Lisboa da Cruz"},"content":{"rendered":"\n<p>A coliga\u00e7\u00e3o \u2018A For\u00e7a Que Vem do Povo\u2019, dos candidatos a prefeito Eduardo Fortes e a vice Juarez Moreira, atraiu mais de 2 mil pessoas na grande reuni\u00e3o pol\u00edtica na noite desta quinta-feira, 12, no bairro Jo\u00e3o Lisboa da Cruz. A reuni\u00e3o contou com uma participa\u00e7\u00e3o maci\u00e7a de moradores dos bairros Jo\u00e3o Lisboa da Cruz, Vila Independ\u00eancia, Medeiros e Pedroso, que compareceram para manifestar apoio e ouvir as propostas dos candidatos, que buscam renovar o cen\u00e1rio pol\u00edtico local.<\/p>\n\n\n\n<figure class=\"wp-block-image size-large is-resized\"><img loading=\"lazy\" decoding=\"async\" width=\"732\" height=\"1024\" src=\"https:\/\/focotocantinense.com.br\/wp-content\/uploads\/2024\/09\/WhatsApp-Image-2024-09-13-at-08.47.48-732x1024.jpeg\" alt=\"\" class=\"wp-image-8527\" style=\"width:347px;height:auto\" srcset=\"https:\/\/focotocantinense.com.br\/wp-content\/uploads\/2024\/09\/WhatsApp-Image-2024-09-13-at-08.47.48-732x1024.jpeg 732w, https:\/\/focotocantinense.com.br\/wp-content\/uploads\/2024\/09\/WhatsApp-Image-2024-09-13-at-08.47.48-214x300.jpeg 214w, https:\/\/focotocantinense.com.br\/wp-content\/uploads\/2024\/09\/WhatsApp-Image-2024-09-13-at-08.47.48-768x1075.jpeg 768w, https:\/\/focotocantinense.com.br\/wp-content\/uploads\/2024\/09\/WhatsApp-Image-2024-09-13-at-08.47.48-1097x1536.jpeg 1097w, https:\/\/focotocantinense.com.br\/wp-content\/uploads\/2024\/09\/WhatsApp-Image-2024-09-13-at-08.47.48-1463x2048.jpeg 1463w, https:\/\/focotocantinense.com.br\/wp-content\/uploads\/2024\/09\/WhatsApp-Image-2024-09-13-at-08.47.48-scaled.jpeg 1829w\" sizes=\"auto, (max-width: 732px) 100vw, 732px\" \/><\/figure>\n\n\n\n<p>Receptividade dos moradores<\/p>\n\n\n\n<p>A presen\u00e7a dos candidatos foi bem recebida com pelos moradores, que elogiaram as propostas e o trabalho de Fortes. Andr\u00e9ia Gomes, residente do Jo\u00e3o Lisboa da Cruz, expressou confian\u00e7a nas promessas do candidato: \u201cAs propostas dele s\u00e3o \u00f3timas, e ele faz n\u00e3o s\u00f3 pelo nosso setor, mas por todos. Acredito que ele vai mudar a nossa realidade, que precisa de melhorias\u201d, afirmou.<\/p>\n\n\n\n<p>Jaime Bonfim, 61 anos, morador do Residencial Madrid, atravessou a cidade para prestigiar a reuni\u00e3o. \u201cEu vim ver meu prefeito. Ele, al\u00e9m de nos ajudar com as verduras, est\u00e1 presente junto a comunidade. Eu e minha fam\u00edlia votamos nele porque ele diz que faz, e ele faz\u201d, declarou.<\/p>\n\n\n\n<p>A jovem Mayara de Oliveira, de 19 anos, moradora do setor Pedroso, destacou o comprometimento de Eduardo Fortes com a juventude: \u201cEle acredita em n\u00f3s, e eu gosto das propostas dele. Acho importante ele lembrar da gente\u201d, explicou, destacando o importante papel de Fortes da vida dos jovens.<\/p>\n\n\n\n<p>Discursos<\/p>\n\n\n\n<p>Al\u00e9m da presen\u00e7a dos candidatos a vereador pela coliga\u00e7\u00e3o, a grande reuni\u00e3o contou a presen\u00e7a do vice-governador, Laurez Moreira, Deputado Estadual, Gutierres Torquato e empres\u00e1rio Oswaldo Stival.<br>O deputado estadual Gutierres Torquato elogiou Eduardo Fortes, lembrando da trajet\u00f3ria e do impacto positivo das suas a\u00e7\u00f5es no bairro Jo\u00e3o Lisboa da Cruz, onde mant\u00e9m uma horta comunit\u00e1ria. Torquato, firme apoiador de Fortes, relembrou aos moradores da parceria firmada dos parlamentares da bancada federal e estadual para o futuro governo de Eduardo Fortes. \u201cO compromisso de trazer tr\u00eas mil unidades habitacionais para Gurupi&#8221; disse.<\/p>\n\n\n\n<figure class=\"wp-block-image size-large\"><img loading=\"lazy\" decoding=\"async\" width=\"731\" height=\"1024\" src=\"https:\/\/focotocantinense.com.br\/wp-content\/uploads\/2024\/09\/WhatsApp-Image-2024-09-13-at-08.47.43-731x1024.jpeg\" alt=\"\" class=\"wp-image-8528\" srcset=\"https:\/\/focotocantinense.com.br\/wp-content\/uploads\/2024\/09\/WhatsApp-Image-2024-09-13-at-08.47.43-731x1024.jpeg 731w, https:\/\/focotocantinense.com.br\/wp-content\/uploads\/2024\/09\/WhatsApp-Image-2024-09-13-at-08.47.43-214x300.jpeg 214w, https:\/\/focotocantinense.com.br\/wp-content\/uploads\/2024\/09\/WhatsApp-Image-2024-09-13-at-08.47.43-768x1075.jpeg 768w, https:\/\/focotocantinense.com.br\/wp-content\/uploads\/2024\/09\/WhatsApp-Image-2024-09-13-at-08.47.43-1097x1536.jpeg 1097w, https:\/\/focotocantinense.com.br\/wp-content\/uploads\/2024\/09\/WhatsApp-Image-2024-09-13-at-08.47.43-1463x2048.jpeg 1463w, https:\/\/focotocantinense.com.br\/wp-content\/uploads\/2024\/09\/WhatsApp-Image-2024-09-13-at-08.47.43-scaled.jpeg 1828w\" sizes=\"auto, (max-width: 731px) 100vw, 731px\" \/><\/figure>\n\n\n\n<p>Juarez Moreira, candidato a vice, ressaltou a dedica\u00e7\u00e3o de Fortes, mesmo sem mandato. \u201cEduardo \u00e9 a esperan\u00e7a do povo de Gurupi. Ele nunca desistiu dos seus projetos e sempre esteve ao lado da popula\u00e7\u00e3o. Vamos juntos com a for\u00e7a do 55, a for\u00e7a que vem do povo\u201d, conclamou Juarez.<\/p>\n\n\n\n<p>No palanque, o vice-governador Laurez Moreira destacou as obras realizadas em Gurupi \u2077durante sua gest\u00e3o e refor\u00e7ou o apoio a Eduardo Fortes. Ele lembrou de obras importantes, como a pavimenta\u00e7\u00e3o da Vila Independ\u00eancia e a constru\u00e7\u00e3o de unidades de sa\u00fade e creches na regi\u00e3o, ressaltando a import\u00e2ncia de ter um prefeito comprometido com o bem-estar da popula\u00e7\u00e3o.<\/p>\n\n\n\n<p>Voto Consciente<\/p>\n\n\n\n<p>Em seu discurso, o candidato a prefeito, Eduardo Fortes, falou sobre a import\u00e2ncia do voto consciente. Fortes alertou que um voto mal pensado pode resultar em um mandato insatisfat\u00f3rio, lembrando que os eleitores s\u00e3o respons\u00e1veis por avaliar e penalizar os pol\u00edticos que n\u00e3o cumprem suas promessas. Ele incentivou aos eleitores para analisar cuidadosamente seu voto e a escolher candidatos que demonstram verdadeiro compromisso em trabalhar para o povo, refor\u00e7ando a necessidade de uma an\u00e1lise criteriosa sobre quem merece a confian\u00e7a da comunidade.<\/p>\n\n\n\n<p>\u201cA pol\u00edtica tem que ser feita todos os dias. As pessoas t\u00eam problemas di\u00e1rios, e o pol\u00edtico tem que estar presente de domingo a domingo\u201d, destacou Fortes.<\/p>\n\n\n\n<p>O candidato tamb\u00e9m aproveitou para responder \u00e0s cr\u00edticas de advers\u00e1rios, afirmando que sua liga\u00e7\u00e3o com o povo de Gurupi \u00e9 forte. \u201cPodem me chamar de alface, couve ou beterraba, podem me atingir, mas n\u00e3o mexam com o povo de Gurupi. Eu estou aqui para defender voc\u00eas\u201d, finalizou Eduardo Fortes.<\/p>\n\n\n\n<p>Por: Ascom<br>Fotos: Marcos Amorim e Marcos Veloso<\/p>\n","protected":false},"excerpt":{"rendered":"<p>A coliga\u00e7\u00e3o \u2018A For\u00e7a Que Vem do Povo\u2019, dos candidatos a prefeito Eduardo Fortes e a vice Juarez Moreira, atraiu mais de 2 mil pessoas na grande reuni\u00e3o pol\u00edtica na noite desta quinta-feira, 12, no bairro Jo\u00e3o Lisboa da Cruz. A reuni\u00e3o contou com uma participa\u00e7\u00e3o maci\u00e7a de moradores dos bairros Jo\u00e3o Lisboa da Cruz, &hellip;<\/p>\n","protected":false},"author":5,"featured_media":8529,"comment_status":"open","ping_status":"open","sticky":false,"template":"","format":"standard","meta":{"footnotes":""},"categories":[1],"tags":[],"class_list":["post-8526","post","type-post","status-publish","format-standard","has-post-thumbnail","","category-sem-categoria"],"_links":{"self":[{"href":"https:\/\/focotocantinense.com.br\/index.php?rest_route=\/wp\/v2\/posts\/8526","targetHints":{"allow":["GET"]}}],"collection":[{"href":"https:\/\/focotocantinense.com.br\/index.php?rest_route=\/wp\/v2\/posts"}],"about":[{"href":"https:\/\/focotocantinense.com.br\/index.php?rest_route=\/wp\/v2\/types\/post"}],"author":[{"embeddable":true,"href":"https:\/\/focotocantinense.com.br\/index.php?rest_route=\/wp\/v2\/users\/5"}],"replies":[{"embeddable":true,"href":"https:\/\/focotocantinense.com.br\/index.php?rest_route=%2Fwp%2Fv2%2Fcomments&post=8526"}],"version-history":[{"count":1,"href":"https:\/\/focotocantinense.com.br\/index.php?rest_route=\/wp\/v2\/posts\/8526\/revisions"}],"predecessor-version":[{"id":8530,"href":"https:\/\/focotocantinense.com.br\/index.php?rest_route=\/wp\/v2\/posts\/8526\/revisions\/8530"}],"wp:featuredmedia":[{"embeddable":true,"href":"https:\/\/focotocantinense.com.br\/index.php?rest_route=\/wp\/v2\/media\/8529"}],"wp:attachment":[{"href":"https:\/\/focotocantinense.com.br\/index.php?rest_route=%2Fwp%2Fv2%2Fmedia&parent=8526"}],"wp:term":[{"taxonomy":"category","embeddable":true,"href":"https:\/\/focotocantinense.com.br\/index.php?rest_route=%2Fwp%2Fv2%2Fcategories&post=8526"},{"taxonomy":"post_tag","embeddable":true,"href":"https:\/\/focotocantinense.com.br\/index.php?rest_route=%2Fwp%2Fv2%2Ftags&post=8526"}],"curies":[{"name":"wp","href":"https:\/\/api.w.org\/{rel}","templated":true}]}}