{"id":8520,"date":"2024-09-12T22:46:05","date_gmt":"2024-09-13T01:46:05","guid":{"rendered":"https:\/\/focotocantinense.com.br\/?p=8520"},"modified":"2024-09-12T22:47:16","modified_gmt":"2024-09-13T01:47:16","slug":"aluno-de-escola-municipal-de-tocantinia-ganha-em-primeiro-lugar-no-parajets-e-se-classifica-para-etapa-nacional","status":"publish","type":"post","link":"https:\/\/focotocantinense.com.br\/?p=8520","title":{"rendered":"Aluno de escola municipal de Tocant\u00ednia ganha em primeiro lugar no Parajets e se classifica para etapa nacional"},"content":{"rendered":"\n<p><strong>Por Zacarias Martins<\/strong><\/p>\n\n\n\n<p>Na quarta-feira, 11, em Palmas, o medalhista de ouro nas Paraolimp\u00edadas Escolares 2023, Marcos Felipe Rodrigues, aluno da Escola Municipal Benvindo Souza Luz, localizada no Assentamento \u00c1gua Fria II, no munic\u00edpio de Tocant\u00ednia, ganhou o primeiro lugar na &nbsp;&nbsp;edi\u00e7\u00e3o &nbsp;estadual dos &nbsp;Jogos Estudantis Paradesportivos do&nbsp;<em>Tocantins<\/em>&nbsp;&nbsp;(Parajets), promovidos pela Secretaria de Estado da Educa\u00e7\u00e3o (Seduc). O feito foi comemorado com entusiasmo pelo Coordenador de Esportes&nbsp; da Secretaria Municipal de Educa\u00e7\u00e3o (Semed),&nbsp; Domingos Miranda, um dos grandes incentivadores do atleta.<\/p>\n\n\n\n<p>&nbsp;\u2060O atleta de 15 anos e que cursa o &nbsp;nono ano&nbsp; do ensino fundamental participou &nbsp;da competi\u00e7\u00e3o na&nbsp; categoria de atletismo, com &nbsp;lan\u00e7amento de club.&nbsp; Ele estava acompanhado&nbsp;&nbsp; por sua treinadora, a educadora f\u00edsica Railane Nonata dos Santos, que comemorou mais essa importante conquista em sua vida.<\/p>\n\n\n\n<p>Com esse resultado, Marcos Felipe garantiu a &nbsp;classifica\u00e7\u00e3o para a fase nacional da competi\u00e7\u00e3o e segue em busca do bicampeonato, tendo o apoio da torcida da popula\u00e7\u00e3o n\u00e3o s\u00f3 de Tocant\u00ednia,&nbsp;mas tamb\u00e9m, de todo o Tocantins.<\/p>\n\n\n\n<figure class=\"wp-block-image size-large is-resized\"><img loading=\"lazy\" decoding=\"async\" width=\"727\" height=\"1024\" src=\"https:\/\/focotocantinense.com.br\/wp-content\/uploads\/2024\/09\/TOCANINIA-727x1024.jpeg\" alt=\"\" class=\"wp-image-8521\" style=\"width:383px;height:auto\" srcset=\"https:\/\/focotocantinense.com.br\/wp-content\/uploads\/2024\/09\/TOCANINIA-727x1024.jpeg 727w, https:\/\/focotocantinense.com.br\/wp-content\/uploads\/2024\/09\/TOCANINIA-213x300.jpeg 213w, https:\/\/focotocantinense.com.br\/wp-content\/uploads\/2024\/09\/TOCANINIA-768x1082.jpeg 768w, https:\/\/focotocantinense.com.br\/wp-content\/uploads\/2024\/09\/TOCANINIA-1091x1536.jpeg 1091w, https:\/\/focotocantinense.com.br\/wp-content\/uploads\/2024\/09\/TOCANINIA.jpeg 1136w\" sizes=\"auto, (max-width: 727px) 100vw, 727px\" \/><\/figure>\n","protected":false},"excerpt":{"rendered":"<p>Por Zacarias Martins Na quarta-feira, 11, em Palmas, o medalhista de ouro nas Paraolimp\u00edadas Escolares 2023, Marcos Felipe Rodrigues, aluno da Escola Municipal Benvindo Souza Luz, localizada no Assentamento \u00c1gua Fria II, no munic\u00edpio de Tocant\u00ednia, ganhou o primeiro lugar na &nbsp;&nbsp;edi\u00e7\u00e3o &nbsp;estadual dos &nbsp;Jogos Estudantis Paradesportivos do&nbsp;Tocantins&nbsp;&nbsp;(Parajets), promovidos pela Secretaria de Estado da Educa\u00e7\u00e3o &hellip;<\/p>\n","protected":false},"author":5,"featured_media":8521,"comment_status":"open","ping_status":"open","sticky":false,"template":"","format":"standard","meta":{"footnotes":""},"categories":[1],"tags":[],"class_list":["post-8520","post","type-post","status-publish","format-standard","has-post-thumbnail","","category-sem-categoria"],"_links":{"self":[{"href":"https:\/\/focotocantinense.com.br\/index.php?rest_route=\/wp\/v2\/posts\/8520","targetHints":{"allow":["GET"]}}],"collection":[{"href":"https:\/\/focotocantinense.com.br\/index.php?rest_route=\/wp\/v2\/posts"}],"about":[{"href":"https:\/\/focotocantinense.com.br\/index.php?rest_route=\/wp\/v2\/types\/post"}],"author":[{"embeddable":true,"href":"https:\/\/focotocantinense.com.br\/index.php?rest_route=\/wp\/v2\/users\/5"}],"replies":[{"embeddable":true,"href":"https:\/\/focotocantinense.com.br\/index.php?rest_route=%2Fwp%2Fv2%2Fcomments&post=8520"}],"version-history":[{"count":3,"href":"https:\/\/focotocantinense.com.br\/index.php?rest_route=\/wp\/v2\/posts\/8520\/revisions"}],"predecessor-version":[{"id":8524,"href":"https:\/\/focotocantinense.com.br\/index.php?rest_route=\/wp\/v2\/posts\/8520\/revisions\/8524"}],"wp:featuredmedia":[{"embeddable":true,"href":"https:\/\/focotocantinense.com.br\/index.php?rest_route=\/wp\/v2\/media\/8521"}],"wp:attachment":[{"href":"https:\/\/focotocantinense.com.br\/index.php?rest_route=%2Fwp%2Fv2%2Fmedia&parent=8520"}],"wp:term":[{"taxonomy":"category","embeddable":true,"href":"https:\/\/focotocantinense.com.br\/index.php?rest_route=%2Fwp%2Fv2%2Fcategories&post=8520"},{"taxonomy":"post_tag","embeddable":true,"href":"https:\/\/focotocantinense.com.br\/index.php?rest_route=%2Fwp%2Fv2%2Ftags&post=8520"}],"curies":[{"name":"wp","href":"https:\/\/api.w.org\/{rel}","templated":true}]}}