{"id":8508,"date":"2024-09-12T21:21:55","date_gmt":"2024-09-13T00:21:55","guid":{"rendered":"https:\/\/focotocantinense.com.br\/?p=8508"},"modified":"2024-09-12T21:28:51","modified_gmt":"2024-09-13T00:28:51","slug":"roda-de-conversa-com-o-poeta-zacarias-martins-movimenta-colegio-estadual-em-palmeiropolis","status":"publish","type":"post","link":"https:\/\/focotocantinense.com.br\/?p=8508","title":{"rendered":"Roda de conversa com o poeta Zacarias Martins movimenta col\u00e9gio estadual em Palmeir\u00f3polis"},"content":{"rendered":"\n<p><br>Nesta quarta-feira, 11 de setembro, o Col\u00e9gio Estadual Professora Oneides Rosa de Moura, em Palmeir\u00f3polis, foi o palco de um evento liter\u00e1rio inesquec\u00edvel: o Dia D da Leitura, que foi abrilhantado com a presen\u00e7a de um convidado muito especial, o festejado poeta e jornalista tocantinense Zacarias Martins, que trouxe a sua j\u00e1 tradicional Roda de Conversa Liter\u00e1ria.<\/p>\n\n\n\n<figure class=\"wp-block-image size-large is-resized\"><img loading=\"lazy\" decoding=\"async\" width=\"1024\" height=\"457\" src=\"https:\/\/focotocantinense.com.br\/wp-content\/uploads\/2024\/09\/ZACA-PRINXIPAL-1024x457.jpg\" alt=\"\" class=\"wp-image-8511\" style=\"width:402px;height:auto\" srcset=\"https:\/\/focotocantinense.com.br\/wp-content\/uploads\/2024\/09\/ZACA-PRINXIPAL-1024x457.jpg 1024w, https:\/\/focotocantinense.com.br\/wp-content\/uploads\/2024\/09\/ZACA-PRINXIPAL-300x134.jpg 300w, https:\/\/focotocantinense.com.br\/wp-content\/uploads\/2024\/09\/ZACA-PRINXIPAL-768x343.jpg 768w, https:\/\/focotocantinense.com.br\/wp-content\/uploads\/2024\/09\/ZACA-PRINXIPAL.jpg 1195w\" sizes=\"auto, (max-width: 1024px) 100vw, 1024px\" \/><\/figure>\n\n\n\n<p><\/p>\n\n\n\n<p>Organizado pela dedicada equipe de linguagens, liderada pelos professores de L\u00edngua Portuguesa, Ramon Diego, Alexsandra Mendes e Fabiane Gomes, com apoio especial da gestora da unidade escolar, Narla Cristina, o evento se transformou num marco na promo\u00e7\u00e3o da leitura e da cultura entre os alunos.<\/p>\n\n\n\n<p><strong>Sobre o palestrante<\/strong><br>Zacarias Martins, escritor tocantinense de grande prest\u00edgio, tem se destacado por sua capacidade de conectar-se diretamente com o p\u00fablico jovem, abordando temas contempor\u00e2neos e relevantes para a realidade dos estudantes. Sua obra \u00e9 marcada por uma linguagem acess\u00edvel e envolvente, que desperta o interesse e a curiosidade dos leitores.<\/p>\n\n\n\n<figure class=\"wp-block-image size-large is-resized\"><img loading=\"lazy\" decoding=\"async\" width=\"768\" height=\"1024\" src=\"https:\/\/focotocantinense.com.br\/wp-content\/uploads\/2024\/09\/zzzzzzzzzzz-768x1024.jpeg\" alt=\"\" class=\"wp-image-8513\" style=\"width:834px;height:auto\" srcset=\"https:\/\/focotocantinense.com.br\/wp-content\/uploads\/2024\/09\/zzzzzzzzzzz-768x1024.jpeg 768w, https:\/\/focotocantinense.com.br\/wp-content\/uploads\/2024\/09\/zzzzzzzzzzz-225x300.jpeg 225w, https:\/\/focotocantinense.com.br\/wp-content\/uploads\/2024\/09\/zzzzzzzzzzz.jpeg 960w\" sizes=\"auto, (max-width: 768px) 100vw, 768px\" \/><\/figure>\n\n\n\n<p><\/p>\n\n\n\n<p>O professor de L\u00edngua Portuguesa, Ramon Diego fez quest\u00e3o de destacar que, al\u00e9m dessas qualidades, Zacarias Martins tem um hist\u00f3rico de participa\u00e7\u00e3o ativa em eventos educacionais e culturais na regi\u00e3o, o que refor\u00e7a seu compromisso com a forma\u00e7\u00e3o de novos leitores e escritores. \u201cA presen\u00e7a de Zacarias Martins no Dia D da Leitura foi uma oportunidade \u00fanica que proporcionou aos nossos alunos interagir com um autor que compreende suas viv\u00eancias e desafios\u201d, asseverou o professor.<\/p>\n\n\n\n<figure class=\"wp-block-image size-full is-resized\"><img loading=\"lazy\" decoding=\"async\" width=\"628\" height=\"431\" src=\"https:\/\/focotocantinense.com.br\/wp-content\/uploads\/2024\/09\/2-ZACA-1.jpg\" alt=\"\" class=\"wp-image-8517\" style=\"width:840px;height:auto\" srcset=\"https:\/\/focotocantinense.com.br\/wp-content\/uploads\/2024\/09\/2-ZACA-1.jpg 628w, https:\/\/focotocantinense.com.br\/wp-content\/uploads\/2024\/09\/2-ZACA-1-300x206.jpg 300w, https:\/\/focotocantinense.com.br\/wp-content\/uploads\/2024\/09\/2-ZACA-1-110x75.jpg 110w\" sizes=\"auto, (max-width: 628px) 100vw, 628px\" \/><\/figure>\n\n\n\n<p><strong>Incentivando a leitura<\/strong><br>A gestora da unidade escolar, Narla Cristina, disse que o Dia D da Leitura atingiu o seu principal objetivo que \u00e9 incentivar o h\u00e1bito da leitura entre os estudantes, promovendo o contato direto com autores e obras liter\u00e1rias de qualidade. \u201cA presen\u00e7a de Zacarias Martins em nosso Col\u00e9gio, oportunizou inspirar os alunos a explorarem o universo da literatura, mostrando que a leitura pode ser uma atividade prazerosa e enriquecedora\u201d. Concluiu.<\/p>\n\n\n\n<p><\/p>\n\n\n\n<figure class=\"wp-block-image size-full\"><img loading=\"lazy\" decoding=\"async\" width=\"843\" height=\"251\" src=\"https:\/\/focotocantinense.com.br\/wp-content\/uploads\/2024\/09\/VINI_181_282-1-3.jpg\" alt=\"\" class=\"wp-image-8518\" srcset=\"https:\/\/focotocantinense.com.br\/wp-content\/uploads\/2024\/09\/VINI_181_282-1-3.jpg 843w, https:\/\/focotocantinense.com.br\/wp-content\/uploads\/2024\/09\/VINI_181_282-1-3-300x89.jpg 300w, https:\/\/focotocantinense.com.br\/wp-content\/uploads\/2024\/09\/VINI_181_282-1-3-768x229.jpg 768w\" sizes=\"auto, (max-width: 843px) 100vw, 843px\" \/><\/figure>\n","protected":false},"excerpt":{"rendered":"<p>Nesta quarta-feira, 11 de setembro, o Col\u00e9gio Estadual Professora Oneides Rosa de Moura, em Palmeir\u00f3polis, foi o palco de um evento liter\u00e1rio inesquec\u00edvel: o Dia D da Leitura, que foi abrilhantado com a presen\u00e7a de um convidado muito especial, o festejado poeta e jornalista tocantinense Zacarias Martins, que trouxe a sua j\u00e1 tradicional Roda de &hellip;<\/p>\n","protected":false},"author":5,"featured_media":8509,"comment_status":"open","ping_status":"open","sticky":false,"template":"","format":"standard","meta":{"footnotes":""},"categories":[62,1],"tags":[],"class_list":["post-8508","post","type-post","status-publish","format-standard","has-post-thumbnail","","category-palmeiropolis","category-sem-categoria"],"_links":{"self":[{"href":"https:\/\/focotocantinense.com.br\/index.php?rest_route=\/wp\/v2\/posts\/8508","targetHints":{"allow":["GET"]}}],"collection":[{"href":"https:\/\/focotocantinense.com.br\/index.php?rest_route=\/wp\/v2\/posts"}],"about":[{"href":"https:\/\/focotocantinense.com.br\/index.php?rest_route=\/wp\/v2\/types\/post"}],"author":[{"embeddable":true,"href":"https:\/\/focotocantinense.com.br\/index.php?rest_route=\/wp\/v2\/users\/5"}],"replies":[{"embeddable":true,"href":"https:\/\/focotocantinense.com.br\/index.php?rest_route=%2Fwp%2Fv2%2Fcomments&post=8508"}],"version-history":[{"count":5,"href":"https:\/\/focotocantinense.com.br\/index.php?rest_route=\/wp\/v2\/posts\/8508\/revisions"}],"predecessor-version":[{"id":8519,"href":"https:\/\/focotocantinense.com.br\/index.php?rest_route=\/wp\/v2\/posts\/8508\/revisions\/8519"}],"wp:featuredmedia":[{"embeddable":true,"href":"https:\/\/focotocantinense.com.br\/index.php?rest_route=\/wp\/v2\/media\/8509"}],"wp:attachment":[{"href":"https:\/\/focotocantinense.com.br\/index.php?rest_route=%2Fwp%2Fv2%2Fmedia&parent=8508"}],"wp:term":[{"taxonomy":"category","embeddable":true,"href":"https:\/\/focotocantinense.com.br\/index.php?rest_route=%2Fwp%2Fv2%2Fcategories&post=8508"},{"taxonomy":"post_tag","embeddable":true,"href":"https:\/\/focotocantinense.com.br\/index.php?rest_route=%2Fwp%2Fv2%2Ftags&post=8508"}],"curies":[{"name":"wp","href":"https:\/\/api.w.org\/{rel}","templated":true}]}}