{"id":8502,"date":"2024-09-11T09:58:33","date_gmt":"2024-09-11T12:58:33","guid":{"rendered":"https:\/\/focotocantinense.com.br\/?p=8502"},"modified":"2024-09-11T09:58:34","modified_gmt":"2024-09-11T12:58:34","slug":"eduardo-fortes-lamenta-a-situacao-do-ccz-durante-caminhada-no-bairro-pedroso","status":"publish","type":"post","link":"https:\/\/focotocantinense.com.br\/?p=8502","title":{"rendered":"Eduardo Fortes lamenta a situa\u00e7\u00e3o do CCZ durante caminhada no bairro Pedroso"},"content":{"rendered":"\n<p><\/p>\n\n\n\n<p>Ap\u00f3s percorrer o Jardim Medeiros, os candidatos a prefeito de Gurupi, Eduardo Fortes, e seu vice, Juarez Moreira, continuaram a caminhada nesta ter\u00e7a-feira, 10, no bairro Pedroso. Durante o trajeto, ao passar em frente ao Centro de Controle de Zoonoses (CCZ), Eduardo Fortes criticou a situa\u00e7\u00e3o do \u00f3rg\u00e3o e relembrou as a\u00e7\u00f5es realizadas durante a gest\u00e3o anterior.<\/p>\n\n\n\n<figure class=\"wp-block-image size-large is-resized\"><img loading=\"lazy\" decoding=\"async\" width=\"1024\" height=\"683\" src=\"https:\/\/focotocantinense.com.br\/wp-content\/uploads\/2024\/09\/WhatsApp-Image-2024-09-11-at-06.34.53-1024x683.jpeg\" alt=\"\" class=\"wp-image-8505\" style=\"width:394px;height:auto\" srcset=\"https:\/\/focotocantinense.com.br\/wp-content\/uploads\/2024\/09\/WhatsApp-Image-2024-09-11-at-06.34.53-1024x683.jpeg 1024w, https:\/\/focotocantinense.com.br\/wp-content\/uploads\/2024\/09\/WhatsApp-Image-2024-09-11-at-06.34.53-300x200.jpeg 300w, https:\/\/focotocantinense.com.br\/wp-content\/uploads\/2024\/09\/WhatsApp-Image-2024-09-11-at-06.34.53-768x512.jpeg 768w, https:\/\/focotocantinense.com.br\/wp-content\/uploads\/2024\/09\/WhatsApp-Image-2024-09-11-at-06.34.53-1536x1024.jpeg 1536w, https:\/\/focotocantinense.com.br\/wp-content\/uploads\/2024\/09\/WhatsApp-Image-2024-09-11-at-06.34.53-2048x1365.jpeg 2048w\" sizes=\"auto, (max-width: 1024px) 100vw, 1024px\" \/><\/figure>\n\n\n\n<p>\u201cO CCZ est\u00e1 prec\u00e1rio, sem estrutura adequada para atender a comunidade gurupiense. Vamos colocar o CCZ para funcionar e oferecer seguran\u00e7a aos servidores. Quem vai cuidar da causa animal em Gurupi sou eu, porque sempre defendi essa bandeira no estado como deputado estadual\u201d, afirmou Fortes, destacando que o Castra M\u00f3vel, entregue na gest\u00e3o passada, j\u00e1 n\u00e3o circula mais pelos bairros realizando castra\u00e7\u00f5es gratuitas.<\/p>\n\n\n\n<p>Juarez Moreira, candidato a vice, tamb\u00e9m fez cr\u00edticas \u00e0 atual gest\u00e3o: \u201cN\u00e3o adianta trabalhar s\u00f3 no fim do mandato e querer fazer obra eleitoreira. O povo de Gurupi est\u00e1 junto com Eduardo para fazer uma gest\u00e3o como Gurupi era antes\u201d, finalizou.<\/p>\n\n\n\n<p>Por: Ascom<br>Eduardo Fortes (PSD)<br>Candidato a prefeito de Gurupi<br>Fotos: Marcos Amorim<\/p>\n","protected":false},"excerpt":{"rendered":"<p>Ap\u00f3s percorrer o Jardim Medeiros, os candidatos a prefeito de Gurupi, Eduardo Fortes, e seu vice, Juarez Moreira, continuaram a caminhada nesta ter\u00e7a-feira, 10, no bairro Pedroso. Durante o trajeto, ao passar em frente ao Centro de Controle de Zoonoses (CCZ), Eduardo Fortes criticou a situa\u00e7\u00e3o do \u00f3rg\u00e3o e relembrou as a\u00e7\u00f5es realizadas durante a &hellip;<\/p>\n","protected":false},"author":5,"featured_media":8504,"comment_status":"open","ping_status":"open","sticky":false,"template":"","format":"standard","meta":{"footnotes":""},"categories":[1],"tags":[],"class_list":["post-8502","post","type-post","status-publish","format-standard","has-post-thumbnail","","category-sem-categoria"],"_links":{"self":[{"href":"https:\/\/focotocantinense.com.br\/index.php?rest_route=\/wp\/v2\/posts\/8502","targetHints":{"allow":["GET"]}}],"collection":[{"href":"https:\/\/focotocantinense.com.br\/index.php?rest_route=\/wp\/v2\/posts"}],"about":[{"href":"https:\/\/focotocantinense.com.br\/index.php?rest_route=\/wp\/v2\/types\/post"}],"author":[{"embeddable":true,"href":"https:\/\/focotocantinense.com.br\/index.php?rest_route=\/wp\/v2\/users\/5"}],"replies":[{"embeddable":true,"href":"https:\/\/focotocantinense.com.br\/index.php?rest_route=%2Fwp%2Fv2%2Fcomments&post=8502"}],"version-history":[{"count":1,"href":"https:\/\/focotocantinense.com.br\/index.php?rest_route=\/wp\/v2\/posts\/8502\/revisions"}],"predecessor-version":[{"id":8506,"href":"https:\/\/focotocantinense.com.br\/index.php?rest_route=\/wp\/v2\/posts\/8502\/revisions\/8506"}],"wp:featuredmedia":[{"embeddable":true,"href":"https:\/\/focotocantinense.com.br\/index.php?rest_route=\/wp\/v2\/media\/8504"}],"wp:attachment":[{"href":"https:\/\/focotocantinense.com.br\/index.php?rest_route=%2Fwp%2Fv2%2Fmedia&parent=8502"}],"wp:term":[{"taxonomy":"category","embeddable":true,"href":"https:\/\/focotocantinense.com.br\/index.php?rest_route=%2Fwp%2Fv2%2Fcategories&post=8502"},{"taxonomy":"post_tag","embeddable":true,"href":"https:\/\/focotocantinense.com.br\/index.php?rest_route=%2Fwp%2Fv2%2Ftags&post=8502"}],"curies":[{"name":"wp","href":"https:\/\/api.w.org\/{rel}","templated":true}]}}