{"id":8485,"date":"2024-09-10T10:28:10","date_gmt":"2024-09-10T13:28:10","guid":{"rendered":"https:\/\/focotocantinense.com.br\/?p=8485"},"modified":"2024-09-10T10:28:11","modified_gmt":"2024-09-10T13:28:11","slug":"o-jovem-igor-franca-se-destaca-como-candidato-a-vereador-e-propoe-mudancas-e-renovacao-para-a-camara-de-gurupi","status":"publish","type":"post","link":"https:\/\/focotocantinense.com.br\/?p=8485","title":{"rendered":"O jovem Igor Fran\u00e7a se destaca como candidato a vereador e prop\u00f5e mudan\u00e7as e renova\u00e7\u00e3o para a  C\u00e2mara de Gurupi"},"content":{"rendered":"\n<p><strong>GURUPI ELEI\u00c7\u00c3O<\/strong>&nbsp;\u2013 Candidato a vereador nas elei\u00e7\u00f5es de 06 de outubro, o jovem Igor Fran\u00e7a (PP) vem surpreendendo a todos do grupo liderado pelo Eduardo Fortes; seja pela qualidade de suas propostas, seja pela otima aceita\u00e7\u00e3o entre o eleitorado gurupiense.<\/p>\n\n\n\n<p>Igor tem 27 anos, casado e pai de 2 filhos Noah e Issis, o jovem est\u00e1 terminando o curso de direito na Unirg e j\u00e1 trabalhou como empres\u00e1rio, funcion\u00e1rio publico na educa\u00e7\u00e3o onde prestou servi\u00e7o nos Col\u00e9gio Militar Costa e Silva e&nbsp;<strong>tamb\u00e9m no CEM de Gurupi.<\/strong><\/p>\n\n\n\n<figure class=\"wp-block-image size-full is-resized\"><img loading=\"lazy\" decoding=\"async\" width=\"780\" height=\"783\" src=\"https:\/\/focotocantinense.com.br\/wp-content\/uploads\/2024\/09\/IGOR-FRANCA-FOTO-RUA.jpeg\" alt=\"\" class=\"wp-image-8487\" style=\"width:399px;height:auto\" srcset=\"https:\/\/focotocantinense.com.br\/wp-content\/uploads\/2024\/09\/IGOR-FRANCA-FOTO-RUA.jpeg 780w, https:\/\/focotocantinense.com.br\/wp-content\/uploads\/2024\/09\/IGOR-FRANCA-FOTO-RUA-300x300.jpeg 300w, https:\/\/focotocantinense.com.br\/wp-content\/uploads\/2024\/09\/IGOR-FRANCA-FOTO-RUA-150x150.jpeg 150w, https:\/\/focotocantinense.com.br\/wp-content\/uploads\/2024\/09\/IGOR-FRANCA-FOTO-RUA-768x771.jpeg 768w\" sizes=\"auto, (max-width: 780px) 100vw, 780px\" \/><\/figure>\n\n\n\n<p><strong>PROPOSTAS<\/strong><\/p>\n\n\n\n<p>Segundo ele, o anseio do povo \u00e9 grandioso para ter uma renova\u00e7\u00e3o na C\u00e2mara de Vereadores em Gurupi. \u201cVejo que Gurupi precisa urgentemente de vereadores novos que tragam solu\u00e7\u00f5es r\u00e1pidas, como por exemplo a finaliza\u00e7\u00e3o do Novo Hospital Regional de Gurupi, precisamos de buscar junto aos deputados essa conquista o mais r\u00e1pido poss\u00edvel. <\/p>\n\n\n\n<p>Outra necessidade urgente \u00e9 a segunda UPA, nossa cidade cresceu muito e precisamos de uma sa\u00fade que funciona de verdade, vamos lutar para que tenhamos mais uma Unidade de Pronto Atendimento, precisamos de mais creches e que possam funcionar das 07h as 18h de segunda a sexta com mais funcion\u00e1rios e com isso mais qualidade de atendimento para as m\u00e3es. Precisamos de programas para os nossos jovens, como o PROJOVEM, vamos lutar para que Gurupi tenha mais vagas, o jovem precisa de um suporte para entrar no mercado de trabalho. <\/p>\n\n\n\n<p>Vamos lutar tamb\u00e9m para que na nova gest\u00e3o junto com Eduardo Fortes e Juarez Moreira tenhamos a Secretaria da Juventude separada, pois somente assim teremos mais foco as necessidades dos jovens da nossa cidade\u201d. Finaliza Igor Fran\u00e7a.<\/p>\n\n\n\n<p><strong>IGOR \u00c9 FILHO DO JORNALISTA IRAN FRAN\u00c7A<\/strong><\/p>\n\n\n\n<figure class=\"wp-block-image size-full is-resized\"><img loading=\"lazy\" decoding=\"async\" width=\"628\" height=\"626\" src=\"https:\/\/focotocantinense.com.br\/wp-content\/uploads\/2024\/09\/IGOR-FRANCA-E-IRAN-FOTO-OK-KK.jpg\" alt=\"\" class=\"wp-image-8486\" style=\"width:623px;height:auto\" srcset=\"https:\/\/focotocantinense.com.br\/wp-content\/uploads\/2024\/09\/IGOR-FRANCA-E-IRAN-FOTO-OK-KK.jpg 628w, https:\/\/focotocantinense.com.br\/wp-content\/uploads\/2024\/09\/IGOR-FRANCA-E-IRAN-FOTO-OK-KK-300x300.jpg 300w, https:\/\/focotocantinense.com.br\/wp-content\/uploads\/2024\/09\/IGOR-FRANCA-E-IRAN-FOTO-OK-KK-150x150.jpg 150w\" sizes=\"auto, (max-width: 628px) 100vw, 628px\" \/><\/figure>\n","protected":false},"excerpt":{"rendered":"<p>GURUPI ELEI\u00c7\u00c3O&nbsp;\u2013 Candidato a vereador nas elei\u00e7\u00f5es de 06 de outubro, o jovem Igor Fran\u00e7a (PP) vem surpreendendo a todos do grupo liderado pelo Eduardo Fortes; seja pela qualidade de suas propostas, seja pela otima aceita\u00e7\u00e3o entre o eleitorado gurupiense. Igor tem 27 anos, casado e pai de 2 filhos Noah e Issis, o jovem &hellip;<\/p>\n","protected":false},"author":5,"featured_media":8488,"comment_status":"open","ping_status":"open","sticky":false,"template":"","format":"standard","meta":{"footnotes":""},"categories":[1],"tags":[],"class_list":["post-8485","post","type-post","status-publish","format-standard","has-post-thumbnail","","category-sem-categoria"],"_links":{"self":[{"href":"https:\/\/focotocantinense.com.br\/index.php?rest_route=\/wp\/v2\/posts\/8485","targetHints":{"allow":["GET"]}}],"collection":[{"href":"https:\/\/focotocantinense.com.br\/index.php?rest_route=\/wp\/v2\/posts"}],"about":[{"href":"https:\/\/focotocantinense.com.br\/index.php?rest_route=\/wp\/v2\/types\/post"}],"author":[{"embeddable":true,"href":"https:\/\/focotocantinense.com.br\/index.php?rest_route=\/wp\/v2\/users\/5"}],"replies":[{"embeddable":true,"href":"https:\/\/focotocantinense.com.br\/index.php?rest_route=%2Fwp%2Fv2%2Fcomments&post=8485"}],"version-history":[{"count":1,"href":"https:\/\/focotocantinense.com.br\/index.php?rest_route=\/wp\/v2\/posts\/8485\/revisions"}],"predecessor-version":[{"id":8489,"href":"https:\/\/focotocantinense.com.br\/index.php?rest_route=\/wp\/v2\/posts\/8485\/revisions\/8489"}],"wp:featuredmedia":[{"embeddable":true,"href":"https:\/\/focotocantinense.com.br\/index.php?rest_route=\/wp\/v2\/media\/8488"}],"wp:attachment":[{"href":"https:\/\/focotocantinense.com.br\/index.php?rest_route=%2Fwp%2Fv2%2Fmedia&parent=8485"}],"wp:term":[{"taxonomy":"category","embeddable":true,"href":"https:\/\/focotocantinense.com.br\/index.php?rest_route=%2Fwp%2Fv2%2Fcategories&post=8485"},{"taxonomy":"post_tag","embeddable":true,"href":"https:\/\/focotocantinense.com.br\/index.php?rest_route=%2Fwp%2Fv2%2Ftags&post=8485"}],"curies":[{"name":"wp","href":"https:\/\/api.w.org\/{rel}","templated":true}]}}