{"id":8481,"date":"2024-09-09T17:31:34","date_gmt":"2024-09-09T20:31:34","guid":{"rendered":"https:\/\/focotocantinense.com.br\/?p=8481"},"modified":"2024-09-09T17:32:23","modified_gmt":"2024-09-09T20:32:23","slug":"campanha-de-vinicius-martins-ganha-forca-e-se-destaca-nas-redes-sociais","status":"publish","type":"post","link":"https:\/\/focotocantinense.com.br\/?p=8481","title":{"rendered":"Campanha de Vin\u00edcius Martins ganha for\u00e7a e se destaca nas redes sociais"},"content":{"rendered":"\n<p>O candidato a vereador Vin\u00edcius Martins (UB) vem se destacando nas redes sociais utilizando-se de v\u00e1rias tend\u00eancia do marketing digital para falar de pol\u00edtica e mostrar suas propostas para a comunidade de uma forma leve e propositiva.<\/p>\n\n\n\n<p>Vin\u00edcius sempre foi envolvido em projetos sociais e culturais. E sua forte presen\u00e7a no digital vem ganhando mais adeptos a sua campanha por demostrar conhecimento, experi\u00eancia e capacidade para representar o povo na C\u00e2mara Municipal.<\/p>\n\n\n\n<p>Vin\u00edcius Martins \u00e9 formado em Gest\u00e3o P\u00fablica, jornalista, j\u00e1 foi Chefe de Gabinete na Assembleia Legislativa do Estado, Secret\u00e1rio Executivo na Junta Comercial do Estado, Diretor na Secretaria de Assist\u00eancia Social e Idoso, Conselheiro de Pol\u00edtica Cultural do Estado. Sua vasta experi\u00eancia na \u00e1rea p\u00fablica o credencia para uma vaga no legislativo municipal!<\/p>\n\n\n\n<figure class=\"wp-block-image size-full is-resized\"><img loading=\"lazy\" decoding=\"async\" width=\"957\" height=\"581\" src=\"https:\/\/focotocantinense.com.br\/wp-content\/uploads\/2024\/09\/aaaaaaaaaa.jpg\" alt=\"\" class=\"wp-image-8483\" style=\"width:369px;height:auto\" srcset=\"https:\/\/focotocantinense.com.br\/wp-content\/uploads\/2024\/09\/aaaaaaaaaa.jpg 957w, https:\/\/focotocantinense.com.br\/wp-content\/uploads\/2024\/09\/aaaaaaaaaa-300x182.jpg 300w, https:\/\/focotocantinense.com.br\/wp-content\/uploads\/2024\/09\/aaaaaaaaaa-768x466.jpg 768w\" sizes=\"auto, (max-width: 957px) 100vw, 957px\" \/><\/figure>\n\n\n\n<p><\/p>\n","protected":false},"excerpt":{"rendered":"<p>O candidato a vereador Vin\u00edcius Martins (UB) vem se destacando nas redes sociais utilizando-se de v\u00e1rias tend\u00eancia do marketing digital para falar de pol\u00edtica e mostrar suas propostas para a comunidade de uma forma leve e propositiva. Vin\u00edcius sempre foi envolvido em projetos sociais e culturais. E sua forte presen\u00e7a no digital vem ganhando mais &hellip;<\/p>\n","protected":false},"author":5,"featured_media":8483,"comment_status":"open","ping_status":"open","sticky":false,"template":"","format":"standard","meta":{"footnotes":""},"categories":[1],"tags":[],"class_list":["post-8481","post","type-post","status-publish","format-standard","has-post-thumbnail","","category-sem-categoria"],"_links":{"self":[{"href":"https:\/\/focotocantinense.com.br\/index.php?rest_route=\/wp\/v2\/posts\/8481","targetHints":{"allow":["GET"]}}],"collection":[{"href":"https:\/\/focotocantinense.com.br\/index.php?rest_route=\/wp\/v2\/posts"}],"about":[{"href":"https:\/\/focotocantinense.com.br\/index.php?rest_route=\/wp\/v2\/types\/post"}],"author":[{"embeddable":true,"href":"https:\/\/focotocantinense.com.br\/index.php?rest_route=\/wp\/v2\/users\/5"}],"replies":[{"embeddable":true,"href":"https:\/\/focotocantinense.com.br\/index.php?rest_route=%2Fwp%2Fv2%2Fcomments&post=8481"}],"version-history":[{"count":2,"href":"https:\/\/focotocantinense.com.br\/index.php?rest_route=\/wp\/v2\/posts\/8481\/revisions"}],"predecessor-version":[{"id":8484,"href":"https:\/\/focotocantinense.com.br\/index.php?rest_route=\/wp\/v2\/posts\/8481\/revisions\/8484"}],"wp:featuredmedia":[{"embeddable":true,"href":"https:\/\/focotocantinense.com.br\/index.php?rest_route=\/wp\/v2\/media\/8483"}],"wp:attachment":[{"href":"https:\/\/focotocantinense.com.br\/index.php?rest_route=%2Fwp%2Fv2%2Fmedia&parent=8481"}],"wp:term":[{"taxonomy":"category","embeddable":true,"href":"https:\/\/focotocantinense.com.br\/index.php?rest_route=%2Fwp%2Fv2%2Fcategories&post=8481"},{"taxonomy":"post_tag","embeddable":true,"href":"https:\/\/focotocantinense.com.br\/index.php?rest_route=%2Fwp%2Fv2%2Ftags&post=8481"}],"curies":[{"name":"wp","href":"https:\/\/api.w.org\/{rel}","templated":true}]}}