{"id":8476,"date":"2024-09-09T16:08:15","date_gmt":"2024-09-09T19:08:15","guid":{"rendered":"https:\/\/focotocantinense.com.br\/?p=8476"},"modified":"2024-09-09T16:10:46","modified_gmt":"2024-09-09T19:10:46","slug":"eduardo-fortes-propoem-concurso-publico-do-quadro-geral-do-municipio","status":"publish","type":"post","link":"https:\/\/focotocantinense.com.br\/?p=8476","title":{"rendered":"Eduardo Fortes prop\u00f5e Concurso P\u00fablico do Quadro Geral do munic\u00edpio"},"content":{"rendered":"\n<p>O candidato a prefeito de Gurupi, Eduardo Fortes, e seu vice, Juarez Moreira, da coliga\u00e7\u00e3o &#8220;A For\u00e7a Que Vem do Povo&#8221;, anunciaram uma das principais propostas para o primeiro ano de seu poss\u00edvel mandato, que \u00e9 a realiza\u00e7\u00e3o de um concurso p\u00fablico para o quadro geral do munic\u00edpio.<\/p>\n\n\n\n<figure class=\"wp-block-image size-large is-resized\"><img loading=\"lazy\" decoding=\"async\" width=\"731\" height=\"1024\" src=\"https:\/\/focotocantinense.com.br\/wp-content\/uploads\/2024\/09\/WhatsApp-Image-2024-09-09-at-16.03.29-731x1024.jpeg\" alt=\"\" class=\"wp-image-8477\" style=\"width:346px;height:auto\" srcset=\"https:\/\/focotocantinense.com.br\/wp-content\/uploads\/2024\/09\/WhatsApp-Image-2024-09-09-at-16.03.29-731x1024.jpeg 731w, https:\/\/focotocantinense.com.br\/wp-content\/uploads\/2024\/09\/WhatsApp-Image-2024-09-09-at-16.03.29-214x300.jpeg 214w, https:\/\/focotocantinense.com.br\/wp-content\/uploads\/2024\/09\/WhatsApp-Image-2024-09-09-at-16.03.29-768x1075.jpeg 768w, https:\/\/focotocantinense.com.br\/wp-content\/uploads\/2024\/09\/WhatsApp-Image-2024-09-09-at-16.03.29-1097x1536.jpeg 1097w, https:\/\/focotocantinense.com.br\/wp-content\/uploads\/2024\/09\/WhatsApp-Image-2024-09-09-at-16.03.29-1463x2048.jpeg 1463w, https:\/\/focotocantinense.com.br\/wp-content\/uploads\/2024\/09\/WhatsApp-Image-2024-09-09-at-16.03.29-scaled.jpeg 1829w\" sizes=\"auto, (max-width: 731px) 100vw, 731px\" \/><\/figure>\n\n\n\n<p>Eduardo Fortes destacou que o concurso p\u00fablico permitir\u00e1 a valoriza\u00e7\u00e3o do servidor e a melhoria na qualidade dos servi\u00e7os p\u00fablicos, al\u00e9m de proporcionar estabilidade e melhores condi\u00e7\u00f5es de trabalho. Juarez Moreira acrescenta que a medida tamb\u00e9m contribuir\u00e1 para fortalecimento da capacidade administrativa do munic\u00edpio.<\/p>\n\n\n\n<p>A proposta j\u00e1 gerou expectativa na cidade e para os servidores contratados, que aguardam mais detalhes sobre o cronograma e os cargos dispon\u00edveis. A coliga\u00e7\u00e3o afirma que a realiza\u00e7\u00e3o do concurso \u00e9 um passo importante para a moderniza\u00e7\u00e3o e a efici\u00eancia na gest\u00e3o p\u00fablica de Gurupi.<\/p>\n\n\n\n<p>Por: Ascom<br>Eduardo Fortes (PSD)<br>Candidato a prefeito de Gurupi<br>Fotos: Marcos Amorim<\/p>\n","protected":false},"excerpt":{"rendered":"<p>O candidato a prefeito de Gurupi, Eduardo Fortes, e seu vice, Juarez Moreira, da coliga\u00e7\u00e3o &#8220;A For\u00e7a Que Vem do Povo&#8221;, anunciaram uma das principais propostas para o primeiro ano de seu poss\u00edvel mandato, que \u00e9 a realiza\u00e7\u00e3o de um concurso p\u00fablico para o quadro geral do munic\u00edpio. Eduardo Fortes destacou que o concurso p\u00fablico &hellip;<\/p>\n","protected":false},"author":5,"featured_media":8478,"comment_status":"open","ping_status":"open","sticky":false,"template":"","format":"standard","meta":{"footnotes":""},"categories":[1],"tags":[],"class_list":["post-8476","post","type-post","status-publish","format-standard","has-post-thumbnail","","category-sem-categoria"],"_links":{"self":[{"href":"https:\/\/focotocantinense.com.br\/index.php?rest_route=\/wp\/v2\/posts\/8476","targetHints":{"allow":["GET"]}}],"collection":[{"href":"https:\/\/focotocantinense.com.br\/index.php?rest_route=\/wp\/v2\/posts"}],"about":[{"href":"https:\/\/focotocantinense.com.br\/index.php?rest_route=\/wp\/v2\/types\/post"}],"author":[{"embeddable":true,"href":"https:\/\/focotocantinense.com.br\/index.php?rest_route=\/wp\/v2\/users\/5"}],"replies":[{"embeddable":true,"href":"https:\/\/focotocantinense.com.br\/index.php?rest_route=%2Fwp%2Fv2%2Fcomments&post=8476"}],"version-history":[{"count":2,"href":"https:\/\/focotocantinense.com.br\/index.php?rest_route=\/wp\/v2\/posts\/8476\/revisions"}],"predecessor-version":[{"id":8480,"href":"https:\/\/focotocantinense.com.br\/index.php?rest_route=\/wp\/v2\/posts\/8476\/revisions\/8480"}],"wp:featuredmedia":[{"embeddable":true,"href":"https:\/\/focotocantinense.com.br\/index.php?rest_route=\/wp\/v2\/media\/8478"}],"wp:attachment":[{"href":"https:\/\/focotocantinense.com.br\/index.php?rest_route=%2Fwp%2Fv2%2Fmedia&parent=8476"}],"wp:term":[{"taxonomy":"category","embeddable":true,"href":"https:\/\/focotocantinense.com.br\/index.php?rest_route=%2Fwp%2Fv2%2Fcategories&post=8476"},{"taxonomy":"post_tag","embeddable":true,"href":"https:\/\/focotocantinense.com.br\/index.php?rest_route=%2Fwp%2Fv2%2Ftags&post=8476"}],"curies":[{"name":"wp","href":"https:\/\/api.w.org\/{rel}","templated":true}]}}