{"id":8466,"date":"2024-09-07T21:02:48","date_gmt":"2024-09-08T00:02:48","guid":{"rendered":"https:\/\/focotocantinense.com.br\/?p=8466"},"modified":"2024-09-07T21:08:10","modified_gmt":"2024-09-08T00:08:10","slug":"tocantins-contara-com-programa-de-formacao-artistica-a-partir-de-segunda-feira-09","status":"publish","type":"post","link":"https:\/\/focotocantinense.com.br\/?p=8466","title":{"rendered":"Tocantins contar\u00e1 com Programa de Forma\u00e7\u00e3o Art\u00edstica a partir de segunda-feira, 09"},"content":{"rendered":"\n<p>O Estado do Tocantins ser\u00e1 contemplado com a Rede Nacional de Escolas Livres de Forma\u00e7\u00e3o em Arte e Cultura (Profoart), uma a\u00e7\u00e3o do programa Olhos d\u2019\u00e1gua, criado para estimular e promover a descentraliza\u00e7\u00e3o dos processos de informa\u00e7\u00e3o no campo art\u00edstico-cultural em todo territ\u00f3rio nacional. A gest\u00e3o do projeto \u00e9 da Federa\u00e7\u00e3o Tocantinense de Artes C\u00eanicas (Fetac), via Minist\u00e9rio da Cultura &#8211; lei n\u00ba12.343, de 02 de dezembro de 2010, ap\u00f3s sele\u00e7\u00e3o em edital que selecionou 70 organiza\u00e7\u00f5es da Sociedade civil em todo o Pa\u00eds.<\/p>\n\n\n\n<figure class=\"wp-block-image size-full is-resized\"><img loading=\"lazy\" decoding=\"async\" width=\"954\" height=\"490\" src=\"https:\/\/focotocantinense.com.br\/wp-content\/uploads\/2024\/09\/Captura-de-tela-2024-09-07-204818.jpg\" alt=\"\" class=\"wp-image-8467\" style=\"width:396px;height:auto\" srcset=\"https:\/\/focotocantinense.com.br\/wp-content\/uploads\/2024\/09\/Captura-de-tela-2024-09-07-204818.jpg 954w, https:\/\/focotocantinense.com.br\/wp-content\/uploads\/2024\/09\/Captura-de-tela-2024-09-07-204818-300x154.jpg 300w, https:\/\/focotocantinense.com.br\/wp-content\/uploads\/2024\/09\/Captura-de-tela-2024-09-07-204818-768x394.jpg 768w\" sizes=\"auto, (max-width: 954px) 100vw, 954px\" \/><\/figure>\n\n\n\n<p><\/p>\n\n\n\n<p>A Profoart no Tocantins contar\u00e1 com 3 polos, sendo Aragua\u00edna, Gurupi e Palmas para Escolas de Forma\u00e7\u00e3o Art\u00edstica, via N\u00facleo de Forma\u00e7\u00e3o C\u00eanica da Fetac, que desenvolver\u00e3o capacita\u00e7\u00f5es art\u00edsticas para artistas de todos os n\u00edveis de conhecimento, sendo 40 vagas por munic\u00edpio. As capacita\u00e7\u00f5es ser\u00e3o ministradas por Josely Aquino &#8211; Palmas; Drica Mendon\u00e7a e Fernando Fran\u00e7a \u2013 Gurupi; e George Henrique \u2013 Aragua\u00edna.<\/p>\n\n\n\n<p>Por meio do&nbsp;Profoart, a Fetac selecionar\u00e1&nbsp;via chamamento p\u00fablico propostas de forma\u00e7\u00e3o para projetos formativos apresentados com base no Programa Pedag\u00f3gico desenvolvido para o Circuito 2024, que busca atingir os tr\u00eas n\u00edveis formativos: inicial, intermedi\u00e1rio e avan\u00e7ado, com prioridade para p\u00fablicos jovens de periferias e pequenas cidades do interior do Estado do Tocantins.&nbsp;<\/p>\n\n\n\n<p>De acordo com o presidente da Fetac, Kak\u00e1 Nogueira, ser\u00e3o contratados diretamente mais de 50 profissionais da \u00e1rea, entre artistas, t\u00e9cnicos e produtores, no segmento art\u00edstico deste projeto. \u201cEsperamos atender, no m\u00ednimo, 740 jovens nas&nbsp;Forma\u00e7\u00f5es Continuadas Intermedi\u00e1rias e Oficinas C\u00eanicas Iniciais&nbsp;artistas ou n\u00e3o; dezenas de artistas e t\u00e9cnicos das artes c\u00eanicas e Centenas de outros empregos de prestadores de servi\u00e7os e servi\u00e7os indiretos ser\u00e3o gerados, nas \u00e1reas de transporte, gr\u00e1fica, comunica\u00e7\u00e3o, log\u00edstica, papelaria, e muito mais\u201d, celebra o presidente.<\/p>\n\n\n\n<figure class=\"wp-block-image size-full\"><img loading=\"lazy\" decoding=\"async\" width=\"850\" height=\"476\" src=\"https:\/\/focotocantinense.com.br\/wp-content\/uploads\/2024\/09\/aaaaaaaaaaaaaaaaa.jpg\" alt=\"\" class=\"wp-image-8470\" srcset=\"https:\/\/focotocantinense.com.br\/wp-content\/uploads\/2024\/09\/aaaaaaaaaaaaaaaaa.jpg 850w, https:\/\/focotocantinense.com.br\/wp-content\/uploads\/2024\/09\/aaaaaaaaaaaaaaaaa-300x168.jpg 300w, https:\/\/focotocantinense.com.br\/wp-content\/uploads\/2024\/09\/aaaaaaaaaaaaaaaaa-768x430.jpg 768w\" sizes=\"auto, (max-width: 850px) 100vw, 850px\" \/><\/figure>\n\n\n\n<p><\/p>\n\n\n\n<p><strong>Rede<\/strong><\/p>\n\n\n\n<p>A Rede Nacional de Escolas Livres de Forma\u00e7\u00e3o em Arte e Cultura (Profoart) tem o objetivo de trabalhar com forma\u00e7\u00e3o art\u00edstico e cultural durante um ano com articula\u00e7\u00e3o de Escolas para a troca de experi\u00eancias, debates coletivos e constru\u00e7\u00e3o de conhecimento, com o objetivo de estimular e promover metodologias destinadas \u00e0 constru\u00e7\u00e3o de espa\u00e7os de cria\u00e7\u00e3o, frui\u00e7\u00e3o, reflex\u00e3o art\u00edstica e sociocultural.<\/p>\n\n\n\n<p>A premissa do Edital de Escolas Livres de Forma\u00e7\u00e3o em Arte e Cultura \u00e9 a interface entre arte, cultura e educa\u00e7\u00e3o para forma\u00e7\u00e3o profissional e o desenvolvimento de experi\u00eancias est\u00e9ticas, habilidades para a vida em sociedade, e a redu\u00e7\u00e3o de desigualdades socioecon\u00f4micas e culturais em conson\u00e2ncia com os princ\u00edpios democr\u00e1ticos de direitos humanos.<\/p>\n\n\n\n<p><strong>FICHA T\u00c9CNICA:<\/strong><\/p>\n\n\n\n<p>Realiza\u00e7\u00e3o: Federa\u00e7\u00e3o Tocantinense de Artes C\u00eanicas &#8211; FETAC<\/p>\n\n\n\n<p>Apoio: Minist\u00e9rio da Cultura, Secretaria de Forma\u00e7\u00e3o, Livro e Leitura &#8211; Programa Nacional Escolas Livres de Forma\u00e7\u00e3o em Arte e Cultura &#8211; Olhos D&#8217;agua &#8211; Federa\u00e7\u00e3o Tocantinense de Artes C\u00eanicas &#8211; Fundo Nacional de Cultura.<\/p>\n\n\n\n<p>Coordenador Geral: Kak\u00e1 Nogueira<\/p>\n\n\n\n<p>Coordenadora do Profoart: Bell Gama<\/p>\n\n\n\n<p>Coordenador Geral C\u00eanico: Justino Vettore<\/p>\n\n\n\n<p>Assessora de Imprensa: Cinthia Abreu<\/p>\n\n\n\n<p>Produtor Geral: Osmar Siqueira&nbsp;<\/p>\n\n\n\n<p>Assistente da Coordena\u00e7\u00e3o C\u00eanica: Pedro Macedo<\/p>\n\n\n\n<p>Professores selecionados &#8211; an\u00e1lise curricular: Josely Aquino &#8211; Palmas; Drica Mendon\u00e7a e Fernando Fran\u00e7a \u2013 Gurupi; George Henrique &#8211; Aragua\u00edna<\/p>\n\n\n\n<figure class=\"wp-block-image size-full\"><img loading=\"lazy\" decoding=\"async\" width=\"843\" height=\"251\" src=\"https:\/\/focotocantinense.com.br\/wp-content\/uploads\/2024\/09\/VINI_181_282-1-2.jpg\" alt=\"\" class=\"wp-image-8471\" srcset=\"https:\/\/focotocantinense.com.br\/wp-content\/uploads\/2024\/09\/VINI_181_282-1-2.jpg 843w, https:\/\/focotocantinense.com.br\/wp-content\/uploads\/2024\/09\/VINI_181_282-1-2-300x89.jpg 300w, https:\/\/focotocantinense.com.br\/wp-content\/uploads\/2024\/09\/VINI_181_282-1-2-768x229.jpg 768w\" sizes=\"auto, (max-width: 843px) 100vw, 843px\" \/><\/figure>\n\n\n\n<p><\/p>\n","protected":false},"excerpt":{"rendered":"<p>O Estado do Tocantins ser\u00e1 contemplado com a Rede Nacional de Escolas Livres de Forma\u00e7\u00e3o em Arte e Cultura (Profoart), uma a\u00e7\u00e3o do programa Olhos d\u2019\u00e1gua, criado para estimular e promover a descentraliza\u00e7\u00e3o dos processos de informa\u00e7\u00e3o no campo art\u00edstico-cultural em todo territ\u00f3rio nacional. A gest\u00e3o do projeto \u00e9 da Federa\u00e7\u00e3o Tocantinense de Artes C\u00eanicas &hellip;<\/p>\n","protected":false},"author":5,"featured_media":8467,"comment_status":"open","ping_status":"open","sticky":false,"template":"","format":"standard","meta":{"footnotes":""},"categories":[1],"tags":[],"class_list":["post-8466","post","type-post","status-publish","format-standard","has-post-thumbnail","","category-sem-categoria"],"_links":{"self":[{"href":"https:\/\/focotocantinense.com.br\/index.php?rest_route=\/wp\/v2\/posts\/8466","targetHints":{"allow":["GET"]}}],"collection":[{"href":"https:\/\/focotocantinense.com.br\/index.php?rest_route=\/wp\/v2\/posts"}],"about":[{"href":"https:\/\/focotocantinense.com.br\/index.php?rest_route=\/wp\/v2\/types\/post"}],"author":[{"embeddable":true,"href":"https:\/\/focotocantinense.com.br\/index.php?rest_route=\/wp\/v2\/users\/5"}],"replies":[{"embeddable":true,"href":"https:\/\/focotocantinense.com.br\/index.php?rest_route=%2Fwp%2Fv2%2Fcomments&post=8466"}],"version-history":[{"count":4,"href":"https:\/\/focotocantinense.com.br\/index.php?rest_route=\/wp\/v2\/posts\/8466\/revisions"}],"predecessor-version":[{"id":8474,"href":"https:\/\/focotocantinense.com.br\/index.php?rest_route=\/wp\/v2\/posts\/8466\/revisions\/8474"}],"wp:featuredmedia":[{"embeddable":true,"href":"https:\/\/focotocantinense.com.br\/index.php?rest_route=\/wp\/v2\/media\/8467"}],"wp:attachment":[{"href":"https:\/\/focotocantinense.com.br\/index.php?rest_route=%2Fwp%2Fv2%2Fmedia&parent=8466"}],"wp:term":[{"taxonomy":"category","embeddable":true,"href":"https:\/\/focotocantinense.com.br\/index.php?rest_route=%2Fwp%2Fv2%2Fcategories&post=8466"},{"taxonomy":"post_tag","embeddable":true,"href":"https:\/\/focotocantinense.com.br\/index.php?rest_route=%2Fwp%2Fv2%2Ftags&post=8466"}],"curies":[{"name":"wp","href":"https:\/\/api.w.org\/{rel}","templated":true}]}}