{"id":8460,"date":"2024-09-07T13:07:34","date_gmt":"2024-09-07T16:07:34","guid":{"rendered":"https:\/\/focotocantinense.com.br\/?p=8460"},"modified":"2024-09-07T13:09:24","modified_gmt":"2024-09-07T16:09:24","slug":"artistas-de-gurupi-recebem-capacitacao-de-elaboracao-de-projetos-culturais","status":"publish","type":"post","link":"https:\/\/focotocantinense.com.br\/?p=8460","title":{"rendered":"Artistas de Gurupi recebem capacita\u00e7\u00e3o de elabora\u00e7\u00e3o de projetos culturais"},"content":{"rendered":"\n<p>Artistas da cidade de Gurupi, na regi\u00e3o Sul do Estado, receberam a Oficina de Elabora\u00e7\u00e3o de Projetos Culturais, na \u00faltima semana, no Instituto Federal do Tocantins. Na ocasi\u00e3o, o artista Nival Correia, Assessor de Projetos e Parcerias do Comit\u00ea de Cultura no Tocantins, com a parceria do Grupo Motir\u00f4, ministrou a oficina, com foco nos editais culturais como os da Lei Aldir Blanc e Ancine.<\/p>\n\n\n\n<p>Ele ministrou t\u00e9cnicas visando capacitar os participantes para enquadrar seus projetos dentro das exig\u00eancias dos editais, criar or\u00e7amentos detalhados e cronogramas eficazes, al\u00e9m de desenvolver estrat\u00e9gias para a comercializa\u00e7\u00e3o dos projetos e contrapartidas para os investidores.<\/p>\n\n\n\n<figure class=\"wp-block-image size-large is-resized\"><img loading=\"lazy\" decoding=\"async\" width=\"1024\" height=\"768\" src=\"https:\/\/focotocantinense.com.br\/wp-content\/uploads\/2024\/09\/QQQQQQQQQQQQQQ-1-1024x768.jpeg\" alt=\"\" class=\"wp-image-8464\" style=\"width:387px;height:auto\" srcset=\"https:\/\/focotocantinense.com.br\/wp-content\/uploads\/2024\/09\/QQQQQQQQQQQQQQ-1-1024x768.jpeg 1024w, https:\/\/focotocantinense.com.br\/wp-content\/uploads\/2024\/09\/QQQQQQQQQQQQQQ-1-300x225.jpeg 300w, https:\/\/focotocantinense.com.br\/wp-content\/uploads\/2024\/09\/QQQQQQQQQQQQQQ-1-768x576.jpeg 768w, https:\/\/focotocantinense.com.br\/wp-content\/uploads\/2024\/09\/QQQQQQQQQQQQQQ-1.jpeg 1280w\" sizes=\"auto, (max-width: 1024px) 100vw, 1024px\" \/><\/figure>\n\n\n\n<p><\/p>\n\n\n\n<p>A atividade \u00e9 fruto dos 30 anos de carreira do ator e diretor Nival Correia. \u201cElaborar projetos \u00e9 dif\u00edcil, mas \u00e9 um desafio poss\u00edvel. N\u00e3o h\u00e1 como ser simples, pois \u00e9 recurso p\u00fablico e a burocracia \u00e9 necess\u00e1ria\u201d. Mas \u00e9 muito bom ver que as pessoas est\u00e3o empenhadas em aprender, porque o Governo Federal em parcerias com estados e munic\u00edpios tem possibilitado muitas oportunidades de forma\u00e7\u00e3o, expressou Nival. O jornalista Zacarias, que tamb\u00e9m participou como organizador e aprendiz do evento, considerou muito proveitoso o compartilhamento de informa\u00e7\u00f5es preciosas para o desenvolvimento e capacita\u00e7\u00e3o do povo gurupiense.<\/p>\n\n\n\n<p><strong>Comit\u00ea<\/strong><\/p>\n\n\n\n<p>A atividade tem a\u00e7\u00e3o do Comit\u00ea de Cultura do Tocantins, coordenado pela Federa\u00e7\u00e3o Tocantinense de Artes C\u00eanicas do Tocantins (Fetac), presidida por Kak\u00e1 Nogueira, ator, produtor e coordenador geral do Comit\u00ea.&nbsp; O Comit\u00ea conta com a colabora\u00e7\u00e3o em rede da Associa\u00e7\u00e3o Gurupiense de Artes\u00e3os (AGA) e do Instituto Social e Cultural Araguaia (Isca). O Comit\u00ea do Tocantins ficou em 1\u00b0 lugar no Brasil na sele\u00e7\u00e3o realizada em 2023 pelo MinC e ter\u00e1 a\u00e7\u00f5es coordenadas pela Fetac por 24 meses.<\/p>\n\n\n\n<figure class=\"wp-block-image size-full\"><img loading=\"lazy\" decoding=\"async\" width=\"843\" height=\"251\" src=\"https:\/\/focotocantinense.com.br\/wp-content\/uploads\/2024\/09\/VINI_181_282-1-1.jpg\" alt=\"\" class=\"wp-image-8461\" srcset=\"https:\/\/focotocantinense.com.br\/wp-content\/uploads\/2024\/09\/VINI_181_282-1-1.jpg 843w, https:\/\/focotocantinense.com.br\/wp-content\/uploads\/2024\/09\/VINI_181_282-1-1-300x89.jpg 300w, https:\/\/focotocantinense.com.br\/wp-content\/uploads\/2024\/09\/VINI_181_282-1-1-768x229.jpg 768w\" sizes=\"auto, (max-width: 843px) 100vw, 843px\" \/><\/figure>\n","protected":false},"excerpt":{"rendered":"<p>Artistas da cidade de Gurupi, na regi\u00e3o Sul do Estado, receberam a Oficina de Elabora\u00e7\u00e3o de Projetos Culturais, na \u00faltima semana, no Instituto Federal do Tocantins. Na ocasi\u00e3o, o artista Nival Correia, Assessor de Projetos e Parcerias do Comit\u00ea de Cultura no Tocantins, com a parceria do Grupo Motir\u00f4, ministrou a oficina, com foco nos &hellip;<\/p>\n","protected":false},"author":5,"featured_media":8463,"comment_status":"open","ping_status":"open","sticky":false,"template":"","format":"standard","meta":{"footnotes":""},"categories":[38,1],"tags":[],"class_list":["post-8460","post","type-post","status-publish","format-standard","has-post-thumbnail","","category-gurupi","category-sem-categoria"],"_links":{"self":[{"href":"https:\/\/focotocantinense.com.br\/index.php?rest_route=\/wp\/v2\/posts\/8460","targetHints":{"allow":["GET"]}}],"collection":[{"href":"https:\/\/focotocantinense.com.br\/index.php?rest_route=\/wp\/v2\/posts"}],"about":[{"href":"https:\/\/focotocantinense.com.br\/index.php?rest_route=\/wp\/v2\/types\/post"}],"author":[{"embeddable":true,"href":"https:\/\/focotocantinense.com.br\/index.php?rest_route=\/wp\/v2\/users\/5"}],"replies":[{"embeddable":true,"href":"https:\/\/focotocantinense.com.br\/index.php?rest_route=%2Fwp%2Fv2%2Fcomments&post=8460"}],"version-history":[{"count":2,"href":"https:\/\/focotocantinense.com.br\/index.php?rest_route=\/wp\/v2\/posts\/8460\/revisions"}],"predecessor-version":[{"id":8465,"href":"https:\/\/focotocantinense.com.br\/index.php?rest_route=\/wp\/v2\/posts\/8460\/revisions\/8465"}],"wp:featuredmedia":[{"embeddable":true,"href":"https:\/\/focotocantinense.com.br\/index.php?rest_route=\/wp\/v2\/media\/8463"}],"wp:attachment":[{"href":"https:\/\/focotocantinense.com.br\/index.php?rest_route=%2Fwp%2Fv2%2Fmedia&parent=8460"}],"wp:term":[{"taxonomy":"category","embeddable":true,"href":"https:\/\/focotocantinense.com.br\/index.php?rest_route=%2Fwp%2Fv2%2Fcategories&post=8460"},{"taxonomy":"post_tag","embeddable":true,"href":"https:\/\/focotocantinense.com.br\/index.php?rest_route=%2Fwp%2Fv2%2Ftags&post=8460"}],"curies":[{"name":"wp","href":"https:\/\/api.w.org\/{rel}","templated":true}]}}