{"id":8455,"date":"2024-09-05T09:53:49","date_gmt":"2024-09-05T12:53:49","guid":{"rendered":"https:\/\/focotocantinense.com.br\/?p=8455"},"modified":"2024-09-05T09:53:50","modified_gmt":"2024-09-05T12:53:50","slug":"governador-wanderlei-barbosa-articula-projetos-de-infraestrutura-rodoviaria-com-o-ministro-dos-transportes","status":"publish","type":"post","link":"https:\/\/focotocantinense.com.br\/?p=8455","title":{"rendered":"Governador Wanderlei Barbosa articula projetos de infraestrutura rodovi\u00e1ria com o ministro dos Transportes"},"content":{"rendered":"\n<p><em>Entre os temas abordados estavam a concess\u00e3o do trecho da BR-153, das BRs-226 e 010, e a federaliza\u00e7\u00e3o do trecho da TO-080, que liga Palmas a Para\u00edso do Tocantins<\/em><\/p>\n\n\n\n<figure class=\"wp-block-image size-large is-resized\"><img loading=\"lazy\" decoding=\"async\" width=\"1024\" height=\"585\" src=\"https:\/\/focotocantinense.com.br\/wp-content\/uploads\/2024\/09\/FOTO-2-A-audiencia-foi-agendada-pela-senadora-Dorinha-Seabra-e-pelo-deputado-federal-Ricardo-Ayres-1024x585.jpg\" alt=\"\" class=\"wp-image-8456\" style=\"width:399px;height:auto\" srcset=\"https:\/\/focotocantinense.com.br\/wp-content\/uploads\/2024\/09\/FOTO-2-A-audiencia-foi-agendada-pela-senadora-Dorinha-Seabra-e-pelo-deputado-federal-Ricardo-Ayres-1024x585.jpg 1024w, https:\/\/focotocantinense.com.br\/wp-content\/uploads\/2024\/09\/FOTO-2-A-audiencia-foi-agendada-pela-senadora-Dorinha-Seabra-e-pelo-deputado-federal-Ricardo-Ayres-300x171.jpg 300w, https:\/\/focotocantinense.com.br\/wp-content\/uploads\/2024\/09\/FOTO-2-A-audiencia-foi-agendada-pela-senadora-Dorinha-Seabra-e-pelo-deputado-federal-Ricardo-Ayres-768x439.jpg 768w, https:\/\/focotocantinense.com.br\/wp-content\/uploads\/2024\/09\/FOTO-2-A-audiencia-foi-agendada-pela-senadora-Dorinha-Seabra-e-pelo-deputado-federal-Ricardo-Ayres.jpg 1400w\" sizes=\"auto, (max-width: 1024px) 100vw, 1024px\" \/><\/figure>\n\n\n\n<p><strong>Lidieth Sanchez\/Governo do Tocantins&nbsp;<\/strong><\/p>\n\n\n\n<p>Nesta quarta-feira, 4, em Bras\u00edlia, o governador Wanderlei Barbosa reuniu-se com o ministro dos Transportes, Renan Filho, para discutir projetos de infraestrutura rodovi\u00e1ria essenciais para o desenvolvimento socioecon\u00f4mico do Estado. Entre os temas abordados estavam a concess\u00e3o do trecho da BR-153, das BRs-226 e 010, e a federaliza\u00e7\u00e3o do trecho da TO-080, que liga Palmas a Para\u00edso do Tocantins. A audi\u00eancia, agendada pela senadora e Professora Dorinha Seabra e pelo deputado federal Ricardo Ayres, contou tamb\u00e9m com a presen\u00e7a do secret\u00e1rio Extraordin\u00e1rio de Representa\u00e7\u00e3o em Bras\u00edlia, Carlos Manzini J\u00fanior.<\/p>\n\n\n\n<p>Essa integra\u00e7\u00e3o conectar\u00e1 as BRs 226, 153, a Ferrovia Norte-Sul e a BR 010, criando um importante corredor log\u00edstico no centro de Tocantins. Isso beneficiar\u00e1 especialmente as cidades de Palmas, Para\u00edso, Porto Nacional e outras cidades vizinhas, proporcionando melhores condi\u00e7\u00f5es de locomo\u00e7\u00e3o e otimizando o escoamento da produ\u00e7\u00e3o local. Al\u00e9m disso, facilitar\u00e1 o transporte de bens e servi\u00e7os que atravessam o estado, refor\u00e7ando Tocantins como um ponto estrat\u00e9gico nas liga\u00e7\u00f5es entre as regi\u00f5es Norte-Sul e Leste-Oeste do Brasil.<\/p>\n\n\n\n<figure class=\"wp-block-gallery has-nested-images columns-default is-cropped wp-block-gallery-1 is-layout-flex wp-block-gallery-is-layout-flex\">\n<figure class=\"wp-block-image size-large\"><img loading=\"lazy\" decoding=\"async\" width=\"1024\" height=\"585\" data-id=\"8457\" src=\"https:\/\/focotocantinense.com.br\/wp-content\/uploads\/2024\/09\/FOTO-4-Projetos-rodoviarios-estrategicos-para-o-Tocantins-incluindo-a-BR-153-BR-226-BR-010-e-a-federalizacao-da-TO-080-com-avancos-importantes-nas-obras-e-concessoes-Vinicius-Santa-Rosa-1024x585.jpg\" alt=\"\" class=\"wp-image-8457\" srcset=\"https:\/\/focotocantinense.com.br\/wp-content\/uploads\/2024\/09\/FOTO-4-Projetos-rodoviarios-estrategicos-para-o-Tocantins-incluindo-a-BR-153-BR-226-BR-010-e-a-federalizacao-da-TO-080-com-avancos-importantes-nas-obras-e-concessoes-Vinicius-Santa-Rosa-1024x585.jpg 1024w, https:\/\/focotocantinense.com.br\/wp-content\/uploads\/2024\/09\/FOTO-4-Projetos-rodoviarios-estrategicos-para-o-Tocantins-incluindo-a-BR-153-BR-226-BR-010-e-a-federalizacao-da-TO-080-com-avancos-importantes-nas-obras-e-concessoes-Vinicius-Santa-Rosa-300x171.jpg 300w, https:\/\/focotocantinense.com.br\/wp-content\/uploads\/2024\/09\/FOTO-4-Projetos-rodoviarios-estrategicos-para-o-Tocantins-incluindo-a-BR-153-BR-226-BR-010-e-a-federalizacao-da-TO-080-com-avancos-importantes-nas-obras-e-concessoes-Vinicius-Santa-Rosa-768x439.jpg 768w, https:\/\/focotocantinense.com.br\/wp-content\/uploads\/2024\/09\/FOTO-4-Projetos-rodoviarios-estrategicos-para-o-Tocantins-incluindo-a-BR-153-BR-226-BR-010-e-a-federalizacao-da-TO-080-com-avancos-importantes-nas-obras-e-concessoes-Vinicius-Santa-Rosa.jpg 1400w\" sizes=\"auto, (max-width: 1024px) 100vw, 1024px\" \/><\/figure>\n<\/figure>\n\n\n\n<p>O governador Wanderlei Barbosa destacou a import\u00e2ncia dos projetos de infraestrutura. \u201cEstou muito satisfeito com as discuss\u00f5es que tivemos sobre a BR-010, BR-235, duplica\u00e7\u00f5es e outras quest\u00f5es essenciais para o nosso estado. Agrade\u00e7o especialmente \u00e0 senadora Dorinha e ao deputado Ricardo Ayres por terem constru\u00eddo essa pauta,\u201d concluiu o Governador.<\/p>\n\n\n\n<p>O Tocantins, que registrou o segundo maior crescimento econ\u00f4mico do Brasil em 2023, tem se beneficiado significativamente da duplica\u00e7\u00e3o da BR-153, essencial para o desenvolvimento regional. Como maior produtor de gr\u00e3os da regi\u00e3o Norte, o Estado considera a duplica\u00e7\u00e3o da rodovia um apoio fundamental. Al\u00e9m disso, o trecho reformado inclui uma nova ponte sobre o c\u00f3rrego Pouso do Meio, tr\u00eas novos retornos e melhorias estruturais. Segundo a concession\u00e1ria, as obras geraram cerca de 1.300 empregos diretos e indiretos, beneficiando mais de 9 mil motoristas que utilizam a rodovia diariamente.<\/p>\n\n\n\n<p>A senadora Dorinha Seabra afirmou que a reuni\u00e3o foi excelente para o estado. \u201cO Ministro foi muito receptivo e garantiu recursos para agilizar projetos importantes, como a BR-010, a BR-235, a BR-242, a travessia urbana de Para\u00edso, e a liga\u00e7\u00e3o de Para\u00edso a Palmas. Foi fundamental ver o Minist\u00e9rio sinalizando prioridade para esses projetos&#8221;, ressaltou a senadora.<\/p>\n\n\n\n<figure class=\"wp-block-image size-large is-resized\"><img loading=\"lazy\" decoding=\"async\" width=\"1024\" height=\"585\" src=\"https:\/\/focotocantinense.com.br\/wp-content\/uploads\/2024\/09\/FOTO-1-Governador-Wanderlei-Barbosa-reuniu-se-com-o-ministro-dos-Transportes-Renan-Filho-em-Brasilia-foto-Vinicius-Santa-Rosa-Governo-do-Tocantins-1-1024x585.jpg\" alt=\"\" class=\"wp-image-8458\" style=\"width:834px;height:auto\" srcset=\"https:\/\/focotocantinense.com.br\/wp-content\/uploads\/2024\/09\/FOTO-1-Governador-Wanderlei-Barbosa-reuniu-se-com-o-ministro-dos-Transportes-Renan-Filho-em-Brasilia-foto-Vinicius-Santa-Rosa-Governo-do-Tocantins-1-1024x585.jpg 1024w, https:\/\/focotocantinense.com.br\/wp-content\/uploads\/2024\/09\/FOTO-1-Governador-Wanderlei-Barbosa-reuniu-se-com-o-ministro-dos-Transportes-Renan-Filho-em-Brasilia-foto-Vinicius-Santa-Rosa-Governo-do-Tocantins-1-300x171.jpg 300w, https:\/\/focotocantinense.com.br\/wp-content\/uploads\/2024\/09\/FOTO-1-Governador-Wanderlei-Barbosa-reuniu-se-com-o-ministro-dos-Transportes-Renan-Filho-em-Brasilia-foto-Vinicius-Santa-Rosa-Governo-do-Tocantins-1-768x439.jpg 768w, https:\/\/focotocantinense.com.br\/wp-content\/uploads\/2024\/09\/FOTO-1-Governador-Wanderlei-Barbosa-reuniu-se-com-o-ministro-dos-Transportes-Renan-Filho-em-Brasilia-foto-Vinicius-Santa-Rosa-Governo-do-Tocantins-1-1536x877.jpg 1536w, https:\/\/focotocantinense.com.br\/wp-content\/uploads\/2024\/09\/FOTO-1-Governador-Wanderlei-Barbosa-reuniu-se-com-o-ministro-dos-Transportes-Renan-Filho-em-Brasilia-foto-Vinicius-Santa-Rosa-Governo-do-Tocantins-1.jpg 1922w\" sizes=\"auto, (max-width: 1024px) 100vw, 1024px\" \/><\/figure>\n\n\n\n<p><strong>Obras na BR-010\/TO<\/strong><\/p>\n\n\n\n<p>As obras na BR-010\/TO entre Gurupi e Alian\u00e7a do Tocantins, com um investimento total de R$ 200 milh\u00f5es, incluem a duplica\u00e7\u00e3o de 11,25 quil\u00f4metros e a constru\u00e7\u00e3o de passarelas, viadutos e vias marginais. A conclus\u00e3o desse trecho est\u00e1 prevista para o fim do ano. A BR-010\/TO \u00e9 uma rota vital para o estado de Tocantins, conectando-o a Goi\u00e1s, um dos maiores produtores de gr\u00e3os do pa\u00eds. Al\u00e9m disso, um trecho de 8 quil\u00f4metros pr\u00f3ximo a Paran\u00e3 ser\u00e1 completamente pavimentado, melhorando ainda mais a liga\u00e7\u00e3o entre os munic\u00edpios. Os estudos de viabilidade est\u00e3o conclu\u00eddos e o projeto est\u00e1 na fase de contrata\u00e7\u00e3o.<\/p>\n\n\n\n<p><strong>Concess\u00e3o da Ecovias do Araguaia<\/strong><\/p>\n\n\n\n<p>A Ecovias do Araguaia, parte do Grupo EcoRodovias, administra a concess\u00e3o que abrange importantes rodovias como a BR-153\/TO\/GO e BR-080\/414\/GO. O contrato inclui a duplica\u00e7\u00e3o de 622 quil\u00f4metros ao longo de 28 munic\u00edpios em Tocantins e Goi\u00e1s, com 57% dessas obras previstas para serem conclu\u00eddas at\u00e9 o 10\u00ba ano da concess\u00e3o. Estima-se um investimento total de R$ 7,8 bilh\u00f5es em melhorias rodovi\u00e1rias e mais R$ 6,2 bilh\u00f5es em custos operacionais, com Tocantins recebendo 173,98 km de duplica\u00e7\u00f5es e Goi\u00e1s, 448,54 km, dentro do prazo estipulado.<\/p>\n\n\n\n<p>Foto: Vin\u00edcius Santa Rosa\/Governo do Tocantins&nbsp;<\/p>\n","protected":false},"excerpt":{"rendered":"<p>Entre os temas abordados estavam a concess\u00e3o do trecho da BR-153, das BRs-226 e 010, e a federaliza\u00e7\u00e3o do trecho da TO-080, que liga Palmas a Para\u00edso do Tocantins Lidieth Sanchez\/Governo do Tocantins&nbsp; Nesta quarta-feira, 4, em Bras\u00edlia, o governador Wanderlei Barbosa reuniu-se com o ministro dos Transportes, Renan Filho, para discutir projetos de infraestrutura &hellip;<\/p>\n","protected":false},"author":5,"featured_media":8458,"comment_status":"open","ping_status":"open","sticky":false,"template":"","format":"standard","meta":{"footnotes":""},"categories":[1],"tags":[],"class_list":["post-8455","post","type-post","status-publish","format-standard","has-post-thumbnail","","category-sem-categoria"],"_links":{"self":[{"href":"https:\/\/focotocantinense.com.br\/index.php?rest_route=\/wp\/v2\/posts\/8455","targetHints":{"allow":["GET"]}}],"collection":[{"href":"https:\/\/focotocantinense.com.br\/index.php?rest_route=\/wp\/v2\/posts"}],"about":[{"href":"https:\/\/focotocantinense.com.br\/index.php?rest_route=\/wp\/v2\/types\/post"}],"author":[{"embeddable":true,"href":"https:\/\/focotocantinense.com.br\/index.php?rest_route=\/wp\/v2\/users\/5"}],"replies":[{"embeddable":true,"href":"https:\/\/focotocantinense.com.br\/index.php?rest_route=%2Fwp%2Fv2%2Fcomments&post=8455"}],"version-history":[{"count":1,"href":"https:\/\/focotocantinense.com.br\/index.php?rest_route=\/wp\/v2\/posts\/8455\/revisions"}],"predecessor-version":[{"id":8459,"href":"https:\/\/focotocantinense.com.br\/index.php?rest_route=\/wp\/v2\/posts\/8455\/revisions\/8459"}],"wp:featuredmedia":[{"embeddable":true,"href":"https:\/\/focotocantinense.com.br\/index.php?rest_route=\/wp\/v2\/media\/8458"}],"wp:attachment":[{"href":"https:\/\/focotocantinense.com.br\/index.php?rest_route=%2Fwp%2Fv2%2Fmedia&parent=8455"}],"wp:term":[{"taxonomy":"category","embeddable":true,"href":"https:\/\/focotocantinense.com.br\/index.php?rest_route=%2Fwp%2Fv2%2Fcategories&post=8455"},{"taxonomy":"post_tag","embeddable":true,"href":"https:\/\/focotocantinense.com.br\/index.php?rest_route=%2Fwp%2Fv2%2Ftags&post=8455"}],"curies":[{"name":"wp","href":"https:\/\/api.w.org\/{rel}","templated":true}]}}