{"id":8443,"date":"2024-09-05T08:49:10","date_gmt":"2024-09-05T11:49:10","guid":{"rendered":"https:\/\/focotocantinense.com.br\/?p=8443"},"modified":"2024-09-05T08:49:11","modified_gmt":"2024-09-05T11:49:11","slug":"eduardo-fortes-segue-firme-na-lideranca-e-dispara-para-47-contra-31-do-segundo-candidato-em-pesquisa-ipex","status":"publish","type":"post","link":"https:\/\/focotocantinense.com.br\/?p=8443","title":{"rendered":"Eduardo Fortes segue firme na lideran\u00e7a e dispara para 47%  contra 31% do segundo candidato em Pesquisa IPEX"},"content":{"rendered":"\n<p>O Instituto de Pesquisa Executiva&nbsp;<strong>(IPEX<\/strong>) conduziu uma pesquisa de inten\u00e7\u00e3o de votos no munic\u00edpio de Gurupi, Tocantins, nos dias 26, 27 e 28 de Agosto de 2024. Registrada na Justi\u00e7a Eleitoral sob o n\u00famero&nbsp;<strong>07310\/2024<\/strong>, a pesquisa entrevistou 800 eleitores. O levantamento possui um n\u00edvel de confian\u00e7a de 95% e uma margem de erro de 4,5 pontos percentuais, para mais ou para menos.<\/p>\n\n\n\n<figure class=\"wp-block-image size-large is-resized\"><img loading=\"lazy\" decoding=\"async\" width=\"1024\" height=\"592\" src=\"https:\/\/focotocantinense.com.br\/wp-content\/uploads\/2024\/09\/WhatsApp-Image-2024-08-31-at-23.17.02-1536x888-1-1024x592.jpeg\" alt=\"\" class=\"wp-image-8445\" style=\"width:395px;height:auto\" srcset=\"https:\/\/focotocantinense.com.br\/wp-content\/uploads\/2024\/09\/WhatsApp-Image-2024-08-31-at-23.17.02-1536x888-1-1024x592.jpeg 1024w, https:\/\/focotocantinense.com.br\/wp-content\/uploads\/2024\/09\/WhatsApp-Image-2024-08-31-at-23.17.02-1536x888-1-300x173.jpeg 300w, https:\/\/focotocantinense.com.br\/wp-content\/uploads\/2024\/09\/WhatsApp-Image-2024-08-31-at-23.17.02-1536x888-1-768x444.jpeg 768w, https:\/\/focotocantinense.com.br\/wp-content\/uploads\/2024\/09\/WhatsApp-Image-2024-08-31-at-23.17.02-1536x888-1.jpeg 1536w\" sizes=\"auto, (max-width: 1024px) 100vw, 1024px\" \/><\/figure>\n\n\n\n<p><strong>Estimulada<\/strong><\/p>\n\n\n\n<p>Na pesquisa estimulada,&nbsp;<strong>Eduardo Fortes (PSD)<\/strong>&nbsp;lidera a disputa pela prefeitura de Gurupi, com&nbsp;<strong>47,2%<\/strong>&nbsp;das inten\u00e7\u00f5es de voto.&nbsp;<strong>Josi Nunes (UB)<\/strong>&nbsp;ocupa o segundo lugar, com&nbsp;<strong>31,1%,<\/strong>&nbsp;seguida por&nbsp;<strong>Cristiano Pisoni<\/strong>&nbsp;(<strong>PSDB)<\/strong>, que registra&nbsp;<strong>7,2%<\/strong>&nbsp;da prefer\u00eancia dos entrevistados.<\/p>\n\n\n\n<p>Entre os eleitores consultados,&nbsp;<strong>3,4%<\/strong>&nbsp;optaram por n\u00e3o responder, enquanto&nbsp;<strong>2%<\/strong>&nbsp;indicaram a inten\u00e7\u00e3o de votar em branco ou nulo. Al\u00e9m disso,&nbsp;<strong>9,1%<\/strong>&nbsp;dos entrevistados se declararam indecisos.<\/p>\n\n\n\n<p><strong>REJEI\u00c7\u00c3O<\/strong><\/p>\n\n\n\n<figure class=\"wp-block-image size-large is-resized\"><img loading=\"lazy\" decoding=\"async\" width=\"1024\" height=\"592\" src=\"https:\/\/focotocantinense.com.br\/wp-content\/uploads\/2024\/09\/rejeicao-1-1024x592.jpeg\" alt=\"\" class=\"wp-image-8446\" style=\"width:369px;height:auto\" srcset=\"https:\/\/focotocantinense.com.br\/wp-content\/uploads\/2024\/09\/rejeicao-1-1024x592.jpeg 1024w, https:\/\/focotocantinense.com.br\/wp-content\/uploads\/2024\/09\/rejeicao-1-300x173.jpeg 300w, https:\/\/focotocantinense.com.br\/wp-content\/uploads\/2024\/09\/rejeicao-1-768x444.jpeg 768w, https:\/\/focotocantinense.com.br\/wp-content\/uploads\/2024\/09\/rejeicao-1.jpeg 1536w\" sizes=\"auto, (max-width: 1024px) 100vw, 1024px\" \/><\/figure>\n\n\n\n<p>A pesquisa realizada pelo\u00a0<strong>Instituto IPEX<\/strong>\u00a0tamb\u00e9m avaliou a rejei\u00e7\u00e3o dos pr\u00e9-candidatos \u00e0 Prefeitura de Gurupi.\u00a0<strong>Cristiano Pisoni (PSDB<\/strong>) apresenta a maior taxa de rejei\u00e7\u00e3o, com\u00a0<strong>35%<\/strong>\u00a0dos entrevistados afirmando que n\u00e3o votariam nele de forma alguma.\u00a0<strong>Josi Nunes (UB<\/strong>) aparece em segundo lugar, com uma rejei\u00e7\u00e3o de\u00a0<strong>30%<\/strong>, enquanto\u00a0<strong>Eduardo Fortes (PSD<\/strong>) registra\u00a0<strong>14,9%<\/strong>\u00a0de rejei\u00e7\u00e3o.<a href=\"https:\/\/folhacapital.com.br\/cidades\/o-sine-de-palmas-esta-com-inscricoes-abertas-para-o-curso-de-marketing-pessoal\/\"><\/a><\/p>\n\n\n\n<p>Al\u00e9m disso,&nbsp;<strong>4,4%<\/strong>&nbsp;dos entrevistados preferiram&nbsp;<strong>n\u00e3o responder<\/strong>&nbsp;\u00e0 pergunta<strong>, 3,5%<\/strong>&nbsp;indicaram que votariam em&nbsp;<strong>branco ou nulo<\/strong>, e&nbsp;<strong>12,2%<\/strong>&nbsp;afirmaram que&nbsp;<strong>n\u00e3o rejeitam<\/strong>&nbsp;nenhum dos candidatos.<\/p>\n\n\n\n<p><strong>Metodologia de pesquisa<\/strong><\/p>\n\n\n\n<p>A pesquisa, realizada nos dias 26,27 de Agosto de 2024 e registrada na Justi\u00e7a Eleitoral sob o n\u00famero&nbsp;<strong>07310<\/strong><strong>\/2024<\/strong>, ouviu 800 entrevistados. Com um n\u00edvel de confian\u00e7a de 95% e uma margem de erro de 4,5 pontos percentuais, a amostra foi baseada no n\u00famero de eleitores cadastrados (60.804 em maio de 2024) e nas informa\u00e7\u00f5es do Censo 2022 do IBGE, considerando vari\u00e1veis como sexo, faixa et\u00e1ria e grau de instru\u00e7\u00e3o.<\/p>\n\n\n\n<figure class=\"wp-block-image size-large\"><img loading=\"lazy\" decoding=\"async\" width=\"1024\" height=\"592\" src=\"https:\/\/focotocantinense.com.br\/wp-content\/uploads\/2024\/09\/WhatsApp-Image-2024-08-31-at-23.17.02-1536x888-2-1024x592.jpeg\" alt=\"\" class=\"wp-image-8447\" srcset=\"https:\/\/focotocantinense.com.br\/wp-content\/uploads\/2024\/09\/WhatsApp-Image-2024-08-31-at-23.17.02-1536x888-2-1024x592.jpeg 1024w, https:\/\/focotocantinense.com.br\/wp-content\/uploads\/2024\/09\/WhatsApp-Image-2024-08-31-at-23.17.02-1536x888-2-300x173.jpeg 300w, https:\/\/focotocantinense.com.br\/wp-content\/uploads\/2024\/09\/WhatsApp-Image-2024-08-31-at-23.17.02-1536x888-2-768x444.jpeg 768w, https:\/\/focotocantinense.com.br\/wp-content\/uploads\/2024\/09\/WhatsApp-Image-2024-08-31-at-23.17.02-1536x888-2.jpeg 1536w\" sizes=\"auto, (max-width: 1024px) 100vw, 1024px\" \/><\/figure>\n\n\n\n<p><\/p>\n","protected":false},"excerpt":{"rendered":"<p>O Instituto de Pesquisa Executiva&nbsp;(IPEX) conduziu uma pesquisa de inten\u00e7\u00e3o de votos no munic\u00edpio de Gurupi, Tocantins, nos dias 26, 27 e 28 de Agosto de 2024. Registrada na Justi\u00e7a Eleitoral sob o n\u00famero&nbsp;07310\/2024, a pesquisa entrevistou 800 eleitores. O levantamento possui um n\u00edvel de confian\u00e7a de 95% e uma margem de erro de 4,5 &hellip;<\/p>\n","protected":false},"author":5,"featured_media":8447,"comment_status":"open","ping_status":"open","sticky":false,"template":"","format":"standard","meta":{"footnotes":""},"categories":[1],"tags":[],"class_list":["post-8443","post","type-post","status-publish","format-standard","has-post-thumbnail","","category-sem-categoria"],"_links":{"self":[{"href":"https:\/\/focotocantinense.com.br\/index.php?rest_route=\/wp\/v2\/posts\/8443","targetHints":{"allow":["GET"]}}],"collection":[{"href":"https:\/\/focotocantinense.com.br\/index.php?rest_route=\/wp\/v2\/posts"}],"about":[{"href":"https:\/\/focotocantinense.com.br\/index.php?rest_route=\/wp\/v2\/types\/post"}],"author":[{"embeddable":true,"href":"https:\/\/focotocantinense.com.br\/index.php?rest_route=\/wp\/v2\/users\/5"}],"replies":[{"embeddable":true,"href":"https:\/\/focotocantinense.com.br\/index.php?rest_route=%2Fwp%2Fv2%2Fcomments&post=8443"}],"version-history":[{"count":1,"href":"https:\/\/focotocantinense.com.br\/index.php?rest_route=\/wp\/v2\/posts\/8443\/revisions"}],"predecessor-version":[{"id":8448,"href":"https:\/\/focotocantinense.com.br\/index.php?rest_route=\/wp\/v2\/posts\/8443\/revisions\/8448"}],"wp:featuredmedia":[{"embeddable":true,"href":"https:\/\/focotocantinense.com.br\/index.php?rest_route=\/wp\/v2\/media\/8447"}],"wp:attachment":[{"href":"https:\/\/focotocantinense.com.br\/index.php?rest_route=%2Fwp%2Fv2%2Fmedia&parent=8443"}],"wp:term":[{"taxonomy":"category","embeddable":true,"href":"https:\/\/focotocantinense.com.br\/index.php?rest_route=%2Fwp%2Fv2%2Fcategories&post=8443"},{"taxonomy":"post_tag","embeddable":true,"href":"https:\/\/focotocantinense.com.br\/index.php?rest_route=%2Fwp%2Fv2%2Ftags&post=8443"}],"curies":[{"name":"wp","href":"https:\/\/api.w.org\/{rel}","templated":true}]}}