{"id":8441,"date":"2024-09-05T08:39:07","date_gmt":"2024-09-05T11:39:07","guid":{"rendered":"https:\/\/focotocantinense.com.br\/?p=8441"},"modified":"2024-09-05T09:29:10","modified_gmt":"2024-09-05T12:29:10","slug":"pesquisa-vope-confirma-acirramento-da-disputa-em-porto-nacional-com-empate-tecnico-entre-ronivon-maciel-e-toinho-andrade","status":"publish","type":"post","link":"https:\/\/focotocantinense.com.br\/?p=8441","title":{"rendered":"Pesquisa V\u00f3pe confirma acirramento da disputa em Porto Nacional com empate t\u00e9cnico entre Ronivon Maciel e Toinho Andrade"},"content":{"rendered":"\n<p>Andrade cresceu 6 pontos entre eleitores portuenses, e ascens\u00e3o mostra tend\u00eancia de virada<\/p>\n\n\n\n<figure class=\"wp-block-image size-large is-resized\"><img loading=\"lazy\" decoding=\"async\" width=\"1024\" height=\"1024\" src=\"https:\/\/focotocantinense.com.br\/wp-content\/uploads\/2024\/09\/toinho-pesquisa-porto-1024x1024.jpeg\" alt=\"\" class=\"wp-image-8453\" style=\"width:371px;height:auto\" srcset=\"https:\/\/focotocantinense.com.br\/wp-content\/uploads\/2024\/09\/toinho-pesquisa-porto-1024x1024.jpeg 1024w, https:\/\/focotocantinense.com.br\/wp-content\/uploads\/2024\/09\/toinho-pesquisa-porto-300x300.jpeg 300w, https:\/\/focotocantinense.com.br\/wp-content\/uploads\/2024\/09\/toinho-pesquisa-porto-150x150.jpeg 150w, https:\/\/focotocantinense.com.br\/wp-content\/uploads\/2024\/09\/toinho-pesquisa-porto-768x768.jpeg 768w, https:\/\/focotocantinense.com.br\/wp-content\/uploads\/2024\/09\/toinho-pesquisa-porto.jpeg 1200w\" sizes=\"auto, (max-width: 1024px) 100vw, 1024px\" \/><\/figure>\n\n\n\n<p>O Instituto V\u00f3pe divulgou nesta quinta-feira, 5, um levantamento de inten\u00e7\u00f5es de voto mostrando como est\u00e1 a corrida para a prefeitura de Porto Nacional nas elei\u00e7\u00f5es municipais em 2024.<\/p>\n\n\n\n<p>Segundo a pesquisa, o atual prefeito e candidato a reelei\u00e7\u00e3o, Ronivon Maciel (Uni\u00e3o Brasil) aparece com 45%, enquanto Toinho Andrade (Republicanos) aparece com 44%, em empate t\u00e9cnico. Nelcir Formehl vem na sequ\u00eancia com 3%, e \u00c1lvaro da A7 aparece com 1%, indecisos somam 5%, e brancos e nulos 2%.<\/p>\n\n\n\n<p>A pesquisa foi realizada entre os dias 02 e 04 de setembro de 2024, e ouviu 770 eleitores, sendo registrada na Justi\u00e7a Eleitoral sob o n\u00famero TSE-TO 03061\/2024. A margem de erro \u00e9 de 3,5 pontos percentuais, para mais ou para menos, e o n\u00edvel de confian\u00e7a \u00e9 de 95%.<\/p>\n\n\n\n<p>Em rela\u00e7\u00e3o \u00e0 pesquisa do Instituto V\u00d3PE feita em julho, a de agora mostra que Andrade cresceu 6 pontos percentuais. \u201cJogando em casa\u201d o deputado que \u00e9 portuense tem mostrado sua for\u00e7a entre o eleitorado da cidade. Os n\u00fameros revelam a virada que tem sido constatada nas \u00faltimas semanas apontando o crescimento do candidato.<\/p>\n\n\n\n<p>Assessoria de Imprensa \u2013 Deputado Federal Antonio Andrade<\/p>\n","protected":false},"excerpt":{"rendered":"<p>Andrade cresceu 6 pontos entre eleitores portuenses, e ascens\u00e3o mostra tend\u00eancia de virada O Instituto V\u00f3pe divulgou nesta quinta-feira, 5, um levantamento de inten\u00e7\u00f5es de voto mostrando como est\u00e1 a corrida para a prefeitura de Porto Nacional nas elei\u00e7\u00f5es municipais em 2024. Segundo a pesquisa, o atual prefeito e candidato a reelei\u00e7\u00e3o, Ronivon Maciel (Uni\u00e3o &hellip;<\/p>\n","protected":false},"author":5,"featured_media":8453,"comment_status":"open","ping_status":"open","sticky":false,"template":"","format":"standard","meta":{"footnotes":""},"categories":[1],"tags":[],"class_list":["post-8441","post","type-post","status-publish","format-standard","has-post-thumbnail","","category-sem-categoria"],"_links":{"self":[{"href":"https:\/\/focotocantinense.com.br\/index.php?rest_route=\/wp\/v2\/posts\/8441","targetHints":{"allow":["GET"]}}],"collection":[{"href":"https:\/\/focotocantinense.com.br\/index.php?rest_route=\/wp\/v2\/posts"}],"about":[{"href":"https:\/\/focotocantinense.com.br\/index.php?rest_route=\/wp\/v2\/types\/post"}],"author":[{"embeddable":true,"href":"https:\/\/focotocantinense.com.br\/index.php?rest_route=\/wp\/v2\/users\/5"}],"replies":[{"embeddable":true,"href":"https:\/\/focotocantinense.com.br\/index.php?rest_route=%2Fwp%2Fv2%2Fcomments&post=8441"}],"version-history":[{"count":2,"href":"https:\/\/focotocantinense.com.br\/index.php?rest_route=\/wp\/v2\/posts\/8441\/revisions"}],"predecessor-version":[{"id":8454,"href":"https:\/\/focotocantinense.com.br\/index.php?rest_route=\/wp\/v2\/posts\/8441\/revisions\/8454"}],"wp:featuredmedia":[{"embeddable":true,"href":"https:\/\/focotocantinense.com.br\/index.php?rest_route=\/wp\/v2\/media\/8453"}],"wp:attachment":[{"href":"https:\/\/focotocantinense.com.br\/index.php?rest_route=%2Fwp%2Fv2%2Fmedia&parent=8441"}],"wp:term":[{"taxonomy":"category","embeddable":true,"href":"https:\/\/focotocantinense.com.br\/index.php?rest_route=%2Fwp%2Fv2%2Fcategories&post=8441"},{"taxonomy":"post_tag","embeddable":true,"href":"https:\/\/focotocantinense.com.br\/index.php?rest_route=%2Fwp%2Fv2%2Ftags&post=8441"}],"curies":[{"name":"wp","href":"https:\/\/api.w.org\/{rel}","templated":true}]}}