{"id":8431,"date":"2024-09-04T14:23:04","date_gmt":"2024-09-04T17:23:04","guid":{"rendered":"https:\/\/focotocantinense.com.br\/?p=8431"},"modified":"2024-09-04T14:27:17","modified_gmt":"2024-09-04T17:27:17","slug":"alunos-da-rede-municipal-de-ensino-de-tocantinia-fazem-a-prova-do-saeto","status":"publish","type":"post","link":"https:\/\/focotocantinense.com.br\/?p=8431","title":{"rendered":"Alunos da Rede Municipal de Ensino de Tocant\u00ednia fazem a prova do SAETO"},"content":{"rendered":"\n<p><strong>Por Zacarias Martins<\/strong><\/p>\n\n\n\n<p>Os alunos&nbsp; &nbsp;do ensino fundamental de ensino fundamental nas turmas de segundo e quinto ano da Rede Municipal de Ensino de Tocant\u00ednia, participaram nesta quarta-feira, da prova&nbsp; do SAETO &#8211; Sistema de Avalia\u00e7\u00e3o da Educa\u00e7\u00e3o do Estado do Tocantins.<\/p>\n\n\n\n<p>Nas unidades escolares, os alunos foram recepcionados com uma calorosa recep\u00e7\u00e3o que teve at\u00e9&nbsp; tapete vermelho e um refor\u00e7ado caf\u00e9 da manh\u00e3.<\/p>\n\n\n\n<figure class=\"wp-block-image size-large is-resized\"><img loading=\"lazy\" decoding=\"async\" width=\"769\" height=\"1024\" src=\"https:\/\/focotocantinense.com.br\/wp-content\/uploads\/2024\/09\/1-ZACA-769x1024.jpeg\" alt=\"\" class=\"wp-image-8437\" style=\"width:355px;height:auto\" srcset=\"https:\/\/focotocantinense.com.br\/wp-content\/uploads\/2024\/09\/1-ZACA-769x1024.jpeg 769w, https:\/\/focotocantinense.com.br\/wp-content\/uploads\/2024\/09\/1-ZACA-225x300.jpeg 225w, https:\/\/focotocantinense.com.br\/wp-content\/uploads\/2024\/09\/1-ZACA-768x1023.jpeg 768w, https:\/\/focotocantinense.com.br\/wp-content\/uploads\/2024\/09\/1-ZACA-1153x1536.jpeg 1153w, https:\/\/focotocantinense.com.br\/wp-content\/uploads\/2024\/09\/1-ZACA.jpeg 1201w\" sizes=\"auto, (max-width: 769px) 100vw, 769px\" \/><\/figure>\n\n\n\n<p><strong>Sobre o SAETO<\/strong><\/p>\n\n\n\n<p>Esse sistema&nbsp; foi criado para avaliar a qualidade de ensino e aprendizagem na Educa\u00e7\u00e3o B\u00e1sica da Rede&nbsp; Municipal de Ensino, promovendo a moderniza\u00e7\u00e3o da gest\u00e3o e o aprimoramento do processo de ensino e aprendizagem, com vistas \u00e0 melhoria dos indicadores educacionais do Estado do Tocantins.<\/p>\n\n\n\n<p>O secret\u00e1rio de Educa\u00e7\u00e3o de Tocant\u00ednia, professor Andr\u00e9 Goveia, explica que que o&nbsp; SAETO \u00e9 uma ferramenta estrat\u00e9gica criada para avaliar o desempenho dos educandos nos componentes curriculares de L\u00edngua Portuguesa e Matem\u00e1tica. A avalia\u00e7\u00e3o ocorre em tr\u00eas momentos distintos: a Avalia\u00e7\u00e3o Diagn\u00f3stica\/Entrada, que mapeia a situa\u00e7\u00e3o inicial dos estudantes; a Avalia\u00e7\u00e3o Processual, que monitora o progresso da aprendizagem no meio do ano; e a Avalia\u00e7\u00e3o Final\/Sa\u00edda, que avalia o quanto os alunos evolu\u00edram ao longo do ano letivo.&nbsp;<\/p>\n\n\n\n<p>\u201cOs resultados do SAETO em Tocant\u00ednia servir\u00e3o de base para implementar a\u00e7\u00f5es direcionadas a corrigir as dificuldades identificadas, garantindo que os alunos estejam preparados para os desafios acad\u00eamicos subsequentes\u201d, destacou o secret\u00e1rio Andr\u00e9 Goveia.<\/p>\n\n\n\n<p>Al\u00e9m da Escola Municipal de Tempo Integral Ant\u00f4nio Benvindo da Luz, participaram do SAETO, os alunos da Escola Municipal Constantino Pedro de Castro, na zona urbana,&nbsp; e os alunos da Escola Municipal. Ana Alves de Brito, no Povoado de Palminha, e&nbsp; da Escola Municipal&nbsp; Benvindo Souza Luz, no Assentamento \u00c1gua Fria II.<\/p>\n\n\n\n<figure class=\"wp-block-image size-full\"><img loading=\"lazy\" decoding=\"async\" width=\"843\" height=\"251\" src=\"https:\/\/focotocantinense.com.br\/wp-content\/uploads\/2024\/09\/VINI_181_282-1.jpg\" alt=\"\" class=\"wp-image-8432\" srcset=\"https:\/\/focotocantinense.com.br\/wp-content\/uploads\/2024\/09\/VINI_181_282-1.jpg 843w, https:\/\/focotocantinense.com.br\/wp-content\/uploads\/2024\/09\/VINI_181_282-1-300x89.jpg 300w, https:\/\/focotocantinense.com.br\/wp-content\/uploads\/2024\/09\/VINI_181_282-1-768x229.jpg 768w\" sizes=\"auto, (max-width: 843px) 100vw, 843px\" \/><\/figure>\n","protected":false},"excerpt":{"rendered":"<p>Por Zacarias Martins Os alunos&nbsp; &nbsp;do ensino fundamental de ensino fundamental nas turmas de segundo e quinto ano da Rede Municipal de Ensino de Tocant\u00ednia, participaram nesta quarta-feira, da prova&nbsp; do SAETO &#8211; Sistema de Avalia\u00e7\u00e3o da Educa\u00e7\u00e3o do Estado do Tocantins. Nas unidades escolares, os alunos foram recepcionados com uma calorosa recep\u00e7\u00e3o que teve &hellip;<\/p>\n","protected":false},"author":5,"featured_media":8434,"comment_status":"open","ping_status":"open","sticky":false,"template":"","format":"standard","meta":{"footnotes":""},"categories":[1,78],"tags":[],"class_list":["post-8431","post","type-post","status-publish","format-standard","has-post-thumbnail","","category-sem-categoria","category-tocantinia"],"_links":{"self":[{"href":"https:\/\/focotocantinense.com.br\/index.php?rest_route=\/wp\/v2\/posts\/8431","targetHints":{"allow":["GET"]}}],"collection":[{"href":"https:\/\/focotocantinense.com.br\/index.php?rest_route=\/wp\/v2\/posts"}],"about":[{"href":"https:\/\/focotocantinense.com.br\/index.php?rest_route=\/wp\/v2\/types\/post"}],"author":[{"embeddable":true,"href":"https:\/\/focotocantinense.com.br\/index.php?rest_route=\/wp\/v2\/users\/5"}],"replies":[{"embeddable":true,"href":"https:\/\/focotocantinense.com.br\/index.php?rest_route=%2Fwp%2Fv2%2Fcomments&post=8431"}],"version-history":[{"count":3,"href":"https:\/\/focotocantinense.com.br\/index.php?rest_route=\/wp\/v2\/posts\/8431\/revisions"}],"predecessor-version":[{"id":8439,"href":"https:\/\/focotocantinense.com.br\/index.php?rest_route=\/wp\/v2\/posts\/8431\/revisions\/8439"}],"wp:featuredmedia":[{"embeddable":true,"href":"https:\/\/focotocantinense.com.br\/index.php?rest_route=\/wp\/v2\/media\/8434"}],"wp:attachment":[{"href":"https:\/\/focotocantinense.com.br\/index.php?rest_route=%2Fwp%2Fv2%2Fmedia&parent=8431"}],"wp:term":[{"taxonomy":"category","embeddable":true,"href":"https:\/\/focotocantinense.com.br\/index.php?rest_route=%2Fwp%2Fv2%2Fcategories&post=8431"},{"taxonomy":"post_tag","embeddable":true,"href":"https:\/\/focotocantinense.com.br\/index.php?rest_route=%2Fwp%2Fv2%2Ftags&post=8431"}],"curies":[{"name":"wp","href":"https:\/\/api.w.org\/{rel}","templated":true}]}}