{"id":8423,"date":"2024-09-02T21:33:24","date_gmt":"2024-09-03T00:33:24","guid":{"rendered":"https:\/\/focotocantinense.com.br\/?p=8423"},"modified":"2024-09-02T21:36:44","modified_gmt":"2024-09-03T00:36:44","slug":"palmas-sediara-o-treinamento-mais-completo-em-estrategias-de-networking-e-comunicacao-para-empreendedores-que-buscam-ser-vistos-como-referencias-e-querem-alavancar-seus-negocios","status":"publish","type":"post","link":"https:\/\/focotocantinense.com.br\/?p=8423","title":{"rendered":"Palmas sediar\u00e1 o treinamento mais completo em estrat\u00e9gias de networking e comunica\u00e7\u00e3o para empreendedores que buscam ser vistos como refer\u00eancias e querem alavancar seus neg\u00f3cios."},"content":{"rendered":"\n<p><\/p>\n\n\n\n<p>Dias 14 e 15\/09, das 8 as 18h, no audit\u00f3rio da ATM em Palmas, acontecer\u00e1 o Conexo 360\u00b0. Idealizado pelo expert em conex\u00f5es interpessoais, Jo\u00e3o Martins, o evento espera em torno de 500 pessoas, e al\u00e9m de toda a metodologia do Jo\u00e3o Martins, mentor que vem transformando as carreiras de centenas de profissionais nos \u00faltimos anos, teremos ainda 11 palestrantes convidados compartilhando seus conhecimentos para desenvolver os empreendedores presentes.<\/p>\n\n\n\n<figure class=\"wp-block-image size-full is-resized\"><img loading=\"lazy\" decoding=\"async\" width=\"993\" height=\"585\" src=\"https:\/\/focotocantinense.com.br\/wp-content\/uploads\/2024\/09\/aaaaaaaa.jpg\" alt=\"\" class=\"wp-image-8425\" style=\"width:405px;height:auto\" srcset=\"https:\/\/focotocantinense.com.br\/wp-content\/uploads\/2024\/09\/aaaaaaaa.jpg 993w, https:\/\/focotocantinense.com.br\/wp-content\/uploads\/2024\/09\/aaaaaaaa-300x177.jpg 300w, https:\/\/focotocantinense.com.br\/wp-content\/uploads\/2024\/09\/aaaaaaaa-768x452.jpg 768w\" sizes=\"auto, (max-width: 993px) 100vw, 993px\" \/><\/figure>\n\n\n\n<p><\/p>\n\n\n\n<p><strong>Entre eles est\u00e3o:<\/strong><\/p>\n\n\n\n<p>Henrique Carolenske &#8211; Com mais de 340 mil seguidores s\u00f3 no instagram, Henrique Carolenske \u00e9 uma das maiores refer\u00eancias no Brasil em constru\u00e7\u00e3o de marcas.<\/p>\n\n\n\n<p>Gabriel Oliveira &#8211; o fen\u00f4meno do instagram GD Mister. Um garotinho de 15 anos que, em apenas 1 ano, construiu uma audi\u00eancia de quase 1 milh\u00e3o de seguidores no instagram, escreveu um livro sobre produtividade e hoje ajuda milhares de empreendedores a ter uma vida melhor e mais produtiva.<\/p>\n\n\n\n<p>Dra. Andressa Barros &#8211; orgulho do nosso Tocantins, Dra. Andressa Barros \u00e9 uma empres\u00e1ria de muito sucesso, odont\u00f3loga, especialista em harmoniza\u00e7\u00e3o facial, construiu um ecossistema de neg\u00f3cios na area da beleza e \u00e9 conhecida como a queridinha das celebridades, transformando vidas resgatando a autoestima das pessoas.<\/p>\n\n\n\n<p>Dr. Nivaldo Teles &#8211; m\u00e9dico, especialista em dores cr\u00f4nicas e multi empres\u00e1rio, Dr Nivaldo Teles ir\u00e1 nos ensinar h\u00e1bitos de vida que n\u00e3o apenas nos tr\u00e1s sa\u00fade, mas retorno financeiro tamb\u00e9m..<\/p>\n\n\n\n<p>Anderson Milhomem &#8211; o primeiro contato de CONEX\u00c3O com as pessoas \u00e9 a nossa imagem. Por isso teremos um especialista em imagem pessoal para nos ajudar. Anderson Milhomem tem mais de 20 anos de experiencia nesse universo e nos ensinar\u00e1 a sermos intencionais com a nossa imagem.<\/p>\n\n\n\n<p>Yuri Barbosa &#8211; ter um bom produto e n\u00e3o saber ofert\u00e1-lo n\u00e3o adianta nada. Com o Yuri Barbosa voc\u00ea ir\u00e1 aprender a magia da NECESSIDADE, como gerar desejo no seu cliente em possuir seu produto ou servi\u00e7o antes mesmo de voc\u00ea oferece-lo.<\/p>\n\n\n\n<p>Everson Lagares &#8211; empres\u00e1rio em diversos seguimentos no Tocantins, CEO da GDX Brasil, especialista em intelig\u00eancia emocional e trabalha a nossa mentalidade, para que saibamos extrair de n\u00f3s sempre o melhor.<\/p>\n\n\n\n<p>Joyce Barbosa &#8211; se prepare para mudar sua vis\u00e3o sobre posicionamento digital com a ela. Empres\u00e1ria, mentora de mulheres e maquiadora profissional, atrav\u00e9s do digital ela transformou um neg\u00f3cio simples em um projeto milion\u00e1rio.<\/p>\n\n\n\n<p>Felipe Rivello &#8211; Expert em lideran\u00e7a, formado na renomada universidade americana Harvard, Felipe \u00e9 gestor p\u00fablico, especialista em marketing pol\u00edtico e uma inspira\u00e7\u00e3o como lider.<\/p>\n\n\n\n<p>Vyni &#8211; Trazendo ainda mais prest\u00edgio ao evento, teremos um conte\u00fado surpresa com o ex BBB e influenciador Vyni que impactara positivamente os neg\u00f3cios de quem estiver disposto a aplicar os ensinamentos.<\/p>\n\n\n\n<p>Jo\u00e3o Martins, j\u00e1 faz eventos h\u00e1 anos no Tocantins. Al\u00e9m de CEO do grupo Conexo, mentor e palestrante, conduz movimentos como o Empreendedores do Reino de Para\u00edso, Mulheres Preciosas, de sua aluna Ediane Marinho, Evolve, que j\u00e1 ir\u00e1 para a 3\u00aa Edi\u00e7\u00e3o, Impulse Experience, com suas alunas m\u00e9dicas Dra. Tamara Azevedo e Dra. Caroline Barros, e v\u00e1rios outros. Por\u00e9m, Jo\u00e3o declara que o Conexo 360\u00b0 ser\u00e1 a sua &#8220;obra prima&#8221;.<\/p>\n\n\n\n<p>Para quem busca tamb\u00e9m ser uma autoridade em sua \u00e1rea, fazer conex\u00f5es poderosas e multiplicar seu faturamento, entre no link abaixo e garanta sua vaga nesse evento incr\u00edvel. <a href=\"https:\/\/www.grupoconexo.com.br\/conexo-360\/\">https:\/\/www.grupoconexo.com.br\/conexo-360\/<\/a><\/p>\n\n\n\n<p><\/p>\n\n\n\n<p><\/p>\n\n\n\n<figure class=\"wp-block-image size-full\"><img loading=\"lazy\" decoding=\"async\" width=\"843\" height=\"251\" src=\"https:\/\/focotocantinense.com.br\/wp-content\/uploads\/2024\/08\/VINI_181_282-1-10.jpg\" alt=\"\" class=\"wp-image-8414\" srcset=\"https:\/\/focotocantinense.com.br\/wp-content\/uploads\/2024\/08\/VINI_181_282-1-10.jpg 843w, https:\/\/focotocantinense.com.br\/wp-content\/uploads\/2024\/08\/VINI_181_282-1-10-300x89.jpg 300w, https:\/\/focotocantinense.com.br\/wp-content\/uploads\/2024\/08\/VINI_181_282-1-10-768x229.jpg 768w\" sizes=\"auto, (max-width: 843px) 100vw, 843px\" \/><\/figure>\n","protected":false},"excerpt":{"rendered":"<p>Dias 14 e 15\/09, das 8 as 18h, no audit\u00f3rio da ATM em Palmas, acontecer\u00e1 o Conexo 360\u00b0. Idealizado pelo expert em conex\u00f5es interpessoais, Jo\u00e3o Martins, o evento espera em torno de 500 pessoas, e al\u00e9m de toda a metodologia do Jo\u00e3o Martins, mentor que vem transformando as carreiras de centenas de profissionais nos \u00faltimos &hellip;<\/p>\n","protected":false},"author":5,"featured_media":8425,"comment_status":"open","ping_status":"open","sticky":false,"template":"","format":"standard","meta":{"footnotes":""},"categories":[1],"tags":[],"class_list":["post-8423","post","type-post","status-publish","format-standard","has-post-thumbnail","","category-sem-categoria"],"_links":{"self":[{"href":"https:\/\/focotocantinense.com.br\/index.php?rest_route=\/wp\/v2\/posts\/8423","targetHints":{"allow":["GET"]}}],"collection":[{"href":"https:\/\/focotocantinense.com.br\/index.php?rest_route=\/wp\/v2\/posts"}],"about":[{"href":"https:\/\/focotocantinense.com.br\/index.php?rest_route=\/wp\/v2\/types\/post"}],"author":[{"embeddable":true,"href":"https:\/\/focotocantinense.com.br\/index.php?rest_route=\/wp\/v2\/users\/5"}],"replies":[{"embeddable":true,"href":"https:\/\/focotocantinense.com.br\/index.php?rest_route=%2Fwp%2Fv2%2Fcomments&post=8423"}],"version-history":[{"count":4,"href":"https:\/\/focotocantinense.com.br\/index.php?rest_route=\/wp\/v2\/posts\/8423\/revisions"}],"predecessor-version":[{"id":8429,"href":"https:\/\/focotocantinense.com.br\/index.php?rest_route=\/wp\/v2\/posts\/8423\/revisions\/8429"}],"wp:featuredmedia":[{"embeddable":true,"href":"https:\/\/focotocantinense.com.br\/index.php?rest_route=\/wp\/v2\/media\/8425"}],"wp:attachment":[{"href":"https:\/\/focotocantinense.com.br\/index.php?rest_route=%2Fwp%2Fv2%2Fmedia&parent=8423"}],"wp:term":[{"taxonomy":"category","embeddable":true,"href":"https:\/\/focotocantinense.com.br\/index.php?rest_route=%2Fwp%2Fv2%2Fcategories&post=8423"},{"taxonomy":"post_tag","embeddable":true,"href":"https:\/\/focotocantinense.com.br\/index.php?rest_route=%2Fwp%2Fv2%2Ftags&post=8423"}],"curies":[{"name":"wp","href":"https:\/\/api.w.org\/{rel}","templated":true}]}}