{"id":8419,"date":"2024-09-02T19:47:19","date_gmt":"2024-09-02T22:47:19","guid":{"rendered":"https:\/\/focotocantinense.com.br\/?p=8419"},"modified":"2024-09-02T19:48:24","modified_gmt":"2024-09-02T22:48:24","slug":"cenaberta-inicia-pesquisa-de-locacao-de-longa-metragem","status":"publish","type":"post","link":"https:\/\/focotocantinense.com.br\/?p=8419","title":{"rendered":"Cenaberta inicia pesquisa de loca\u00e7\u00e3o de longa- metragem"},"content":{"rendered":"\n<p>A Cenaberta Filmes encontra-se em fase de pr\u00e9-produ\u00e7\u00e3o do projeto \u201cProdu\u00e7\u00e3o de Longa Metragem de Fic\u00e7\u00e3o\u201d, patrocinado com recursos da Lei Complementar n\u00ba 195- Minist\u00e9rio da Cultura e a Secretaria da Cultura do Estado do Tocantins. Os produtores Bell Gama e Kak\u00e1 Nogueira, acompanhados do cinegrafista Junior Malta, o co-roteirista Christian&nbsp; Duurvoort e do cineasta Nival Correia, percorreram v\u00e1rias regi\u00f5es do estado, realizando pesquisa de loca\u00e7\u00e3o, no m\u00eas de Agosto.<\/p>\n\n\n\n<figure class=\"wp-block-image size-large is-resized\"><img loading=\"lazy\" decoding=\"async\" width=\"1024\" height=\"561\" src=\"https:\/\/focotocantinense.com.br\/wp-content\/uploads\/2024\/09\/aaaaaaaaaaaaaa-1024x561.jpeg\" alt=\"\" class=\"wp-image-8420\" style=\"width:398px;height:auto\" srcset=\"https:\/\/focotocantinense.com.br\/wp-content\/uploads\/2024\/09\/aaaaaaaaaaaaaa-1024x561.jpeg 1024w, https:\/\/focotocantinense.com.br\/wp-content\/uploads\/2024\/09\/aaaaaaaaaaaaaa-300x165.jpeg 300w, https:\/\/focotocantinense.com.br\/wp-content\/uploads\/2024\/09\/aaaaaaaaaaaaaa-768x421.jpeg 768w, https:\/\/focotocantinense.com.br\/wp-content\/uploads\/2024\/09\/aaaaaaaaaaaaaa.jpeg 1324w\" sizes=\"auto, (max-width: 1024px) 100vw, 1024px\" \/><\/figure>\n\n\n\n<p><\/p>\n\n\n\n<p>As visitas foram realizadas nos munic\u00edpios de Monte do Carmo, Marian\u00f3polis, Caseara, Mateiros, Ponte Alta,&nbsp; Santa Tereza, S\u00e3o F\u00e9lix, na regi\u00e3o do Jalap\u00e3o; tamb\u00e9m no povoado quilombola de Barra do Aroeira, e no distrito de Taquaru\u00e7u.<\/p>\n\n\n\n<p>Novas loca\u00e7\u00f5es ser\u00e3o visitadas no m\u00eas de Setembro. A equipe, que tamb\u00e9m realizou encontros e debates com outros produtores da capital, considerou que o circuito foi bastante produtivo e revelou ainda mais o potencial geogr\u00e1fico e humano do Tocantins para sediar grandes produ\u00e7\u00f5es cinematogr\u00e1ficas. \u201cFelizmente, os recursos recebidos por meio da Lei Paulo Gustavo possibilitam a execu\u00e7\u00e3o de projetos que v\u00e3o exibir na&nbsp; tela a riqueza cultural do nosso Estado,&nbsp; al\u00e9m de mostrar o potencial econ\u00f4mico do setor do audiovisual\u201d, detalhou Bell Gama.<\/p>\n\n\n\n<p>O produtor Kak\u00e1 Nogueira acrescenta ainda que o projeto visa a valoriza\u00e7\u00e3o de profissionais locais do audiovisual e outras categorias. \u201cDezenas de profissionais foram beneficiadas diretamente somente neste in\u00edcio de pr\u00e9-produ\u00e7\u00e3o do projeto de longa-metragem. At\u00e9 a fase de p\u00f3s-produ\u00e7\u00e3o da obra ser\u00e3o centenas de trabalhadores e uma vida toda de circula\u00e7\u00e3o do produto que promete levar o nosso jeito de fazer cinema para o mundo\u201d, complementou Kak\u00e1 Nogueira.<\/p>\n\n\n\n<p><\/p>\n\n\n\n<figure class=\"wp-block-image size-full\"><img loading=\"lazy\" decoding=\"async\" width=\"843\" height=\"251\" src=\"https:\/\/focotocantinense.com.br\/wp-content\/uploads\/2024\/08\/VINI_181_282-1-10.jpg\" alt=\"\" class=\"wp-image-8414\" srcset=\"https:\/\/focotocantinense.com.br\/wp-content\/uploads\/2024\/08\/VINI_181_282-1-10.jpg 843w, https:\/\/focotocantinense.com.br\/wp-content\/uploads\/2024\/08\/VINI_181_282-1-10-300x89.jpg 300w, https:\/\/focotocantinense.com.br\/wp-content\/uploads\/2024\/08\/VINI_181_282-1-10-768x229.jpg 768w\" sizes=\"auto, (max-width: 843px) 100vw, 843px\" \/><\/figure>\n","protected":false},"excerpt":{"rendered":"<p>A Cenaberta Filmes encontra-se em fase de pr\u00e9-produ\u00e7\u00e3o do projeto \u201cProdu\u00e7\u00e3o de Longa Metragem de Fic\u00e7\u00e3o\u201d, patrocinado com recursos da Lei Complementar n\u00ba 195- Minist\u00e9rio da Cultura e a Secretaria da Cultura do Estado do Tocantins. Os produtores Bell Gama e Kak\u00e1 Nogueira, acompanhados do cinegrafista Junior Malta, o co-roteirista Christian&nbsp; Duurvoort e do cineasta &hellip;<\/p>\n","protected":false},"author":5,"featured_media":0,"comment_status":"open","ping_status":"open","sticky":false,"template":"","format":"standard","meta":{"footnotes":""},"categories":[104],"tags":[],"class_list":["post-8419","post","type-post","status-publish","format-standard","","category-cultura"],"_links":{"self":[{"href":"https:\/\/focotocantinense.com.br\/index.php?rest_route=\/wp\/v2\/posts\/8419","targetHints":{"allow":["GET"]}}],"collection":[{"href":"https:\/\/focotocantinense.com.br\/index.php?rest_route=\/wp\/v2\/posts"}],"about":[{"href":"https:\/\/focotocantinense.com.br\/index.php?rest_route=\/wp\/v2\/types\/post"}],"author":[{"embeddable":true,"href":"https:\/\/focotocantinense.com.br\/index.php?rest_route=\/wp\/v2\/users\/5"}],"replies":[{"embeddable":true,"href":"https:\/\/focotocantinense.com.br\/index.php?rest_route=%2Fwp%2Fv2%2Fcomments&post=8419"}],"version-history":[{"count":2,"href":"https:\/\/focotocantinense.com.br\/index.php?rest_route=\/wp\/v2\/posts\/8419\/revisions"}],"predecessor-version":[{"id":8422,"href":"https:\/\/focotocantinense.com.br\/index.php?rest_route=\/wp\/v2\/posts\/8419\/revisions\/8422"}],"wp:attachment":[{"href":"https:\/\/focotocantinense.com.br\/index.php?rest_route=%2Fwp%2Fv2%2Fmedia&parent=8419"}],"wp:term":[{"taxonomy":"category","embeddable":true,"href":"https:\/\/focotocantinense.com.br\/index.php?rest_route=%2Fwp%2Fv2%2Fcategories&post=8419"},{"taxonomy":"post_tag","embeddable":true,"href":"https:\/\/focotocantinense.com.br\/index.php?rest_route=%2Fwp%2Fv2%2Ftags&post=8419"}],"curies":[{"name":"wp","href":"https:\/\/api.w.org\/{rel}","templated":true}]}}