{"id":8412,"date":"2024-08-30T17:30:44","date_gmt":"2024-08-30T20:30:44","guid":{"rendered":"https:\/\/focotocantinense.com.br\/?p=8412"},"modified":"2024-08-30T17:31:46","modified_gmt":"2024-08-30T20:31:46","slug":"ministerio-da-cultura-e-comite-de-cultura-do-tocantins-realizam-reuniao-estrategica-para-planejar-acoes-culturais-no-estado","status":"publish","type":"post","link":"https:\/\/focotocantinense.com.br\/?p=8412","title":{"rendered":"Minist\u00e9rio da Cultura e Comit\u00ea de Cultura do Tocantins realizam reuni\u00e3o estrat\u00e9gica para planejar a\u00e7\u00f5es culturais no Estado"},"content":{"rendered":"\n<p>Com o objetivo de tra\u00e7ar estrat\u00e9gias de atua\u00e7\u00e3o para fortalecimento da cultura regional em alinhamento com o Governo Federal, uma reuni\u00e3o foi realizada dentre o Comit\u00ea de Cultura do Tocantins e a Coordena\u00e7\u00e3o do Minist\u00e9rio da Cultura (MinC) no Tocantins, no dia 21 de agosto.<\/p>\n\n\n\n<p>O Coordenador do Escrit\u00f3rio do MinC no Tocantins, C\u00edcero Bel\u00e9m, e o servidor Jusci\u00ea Vieira da Silva Delfino reuniram-se com representantes do Comit\u00ea de Cultura do Tocantins, sendo o coordenador geral, Kak\u00e1 Nogueira; a coordenadora de comunica\u00e7\u00e3o, Bell Gama; a coordenadora metodol\u00f3gica, Luara Aquino; e o coordenador executivo, Wanderson Ramos dos Santos.<\/p>\n\n\n\n<p>A reuni\u00e3o teve como foco a organiza\u00e7\u00e3o de uma s\u00e9rie de eventos de grande relev\u00e2ncia para a comunidade art\u00edstica e cultural do estado. De acordo com Kak\u00e1 Nogueira, que \u00e9 tamb\u00e9m presidente da Federa\u00e7\u00e3o Tocantinense de Artes C\u00eanicas (Fetac), dentre os principais t\u00f3picos abordados, destaca-se a apresenta\u00e7\u00e3o p\u00fablica do Comit\u00ea de Cultura do Tocantins, um marco importante que visa consolidar e dar visibilidade \u00e0s a\u00e7\u00f5es do comit\u00ea, que tem trabalhado intensamente em prol do desenvolvimento cultural na regi\u00e3o; e tamb\u00e9m a organiza\u00e7\u00e3o de semin\u00e1rios de apresenta\u00e7\u00e3o do comit\u00ea nas regi\u00f5es norte e sul do Tocantins. \u201cEssas a\u00e7\u00f5es visam aproximar o comit\u00ea das comunidades locais, ampliando o di\u00e1logo e garantindo que as pol\u00edticas culturais sejam inclusivas e representativas das diversas realidades do estado\u201d, justifica o coordenador.<\/p>\n\n\n\n<p>Al\u00e9m disso, foi discutido o 1\u00ba Encontro Centro Norte dos Comit\u00eas de Cultura, evento que reunir\u00e1 representantes dos comit\u00eas de cultura de toda a regi\u00e3o Centro-Norte, delineado como uma oportunidade para troca de experi\u00eancias, constru\u00e7\u00e3o de redes de colabora\u00e7\u00e3o e discuss\u00e3o de pol\u00edticas culturais que possam beneficiar n\u00e3o apenas o Tocantins, mas todas as regi\u00f5es envolvidas, as quais possuem demandas com muitas peculiaridades, esse \u00e9 o pensamento do grupo.<\/p>\n\n\n\n<p>Por fim, a reuni\u00e3o trouxe \u00e0 tona a possibilidade de uma visita da Ministra da Cultura, Margareth Menezes, ao Tocantins. Conforme os representantes do Comit\u00ea, a vinda da ministra seria um momento hist\u00f3rico para o estado, refor\u00e7ando o compromisso do governo federal com a cultura tocantinense e destacando o papel estrat\u00e9gico da regi\u00e3o no cen\u00e1rio cultural brasileiro.<\/p>\n\n\n\n<p>Segundo C\u00edcero Bel\u00e9m, o encontro foi extremamente produtivo, especialmente para um momento de alinhamento em prol de um futuro promissor para a cultura no Tocantins. Kak\u00e1 Nogueira ressaltou ainda que o Comit\u00ea de Cultura do Tocantins continuar\u00e1 trabalhando em estreita colabora\u00e7\u00e3o com o MinC para garantir que as a\u00e7\u00f5es planejadas sejam executadas com sucesso, sempre com foco na valoriza\u00e7\u00e3o da cultura local e na inclus\u00e3o de todas as regi\u00f5es do estado.<\/p>\n\n\n\n<figure class=\"wp-block-image size-large\"><img loading=\"lazy\" decoding=\"async\" width=\"1024\" height=\"768\" src=\"https:\/\/focotocantinense.com.br\/wp-content\/uploads\/2024\/08\/kaka-1-1024x768.jpeg\" alt=\"\" class=\"wp-image-8416\" srcset=\"https:\/\/focotocantinense.com.br\/wp-content\/uploads\/2024\/08\/kaka-1-1024x768.jpeg 1024w, https:\/\/focotocantinense.com.br\/wp-content\/uploads\/2024\/08\/kaka-1-300x225.jpeg 300w, https:\/\/focotocantinense.com.br\/wp-content\/uploads\/2024\/08\/kaka-1-768x576.jpeg 768w, https:\/\/focotocantinense.com.br\/wp-content\/uploads\/2024\/08\/kaka-1-1536x1152.jpeg 1536w, https:\/\/focotocantinense.com.br\/wp-content\/uploads\/2024\/08\/kaka-1.jpeg 1600w\" sizes=\"auto, (max-width: 1024px) 100vw, 1024px\" \/><\/figure>\n\n\n\n<p><\/p>\n\n\n\n<p><strong>Comit\u00ea<\/strong><\/p>\n\n\n\n<p>O Comit\u00ea de Cultura no Tocantins \u00e9 coordenado pela Federa\u00e7\u00e3o Tocantinense de Artes C\u00eanicas do Tocantins (Fetac), presidida por Kak\u00e1 Nogueira, ator, produtor e coordenador geral do Comit\u00ea.&nbsp; O Comit\u00ea conta com a colabora\u00e7\u00e3o em rede da Associa\u00e7\u00e3o Gurupiense de Artes\u00e3os (AGA) e do Instituto Social e Cultural Araguaia (Isca). O Comit\u00ea do Tocantins ficou em 1\u00b0 lugar no Brasil na sele\u00e7\u00e3o realizada em 2023 pelo MinC e ter\u00e1 a\u00e7\u00f5es coordenadas pela Fetac&nbsp;por&nbsp;24&nbsp;meses.<\/p>\n\n\n\n<p><\/p>\n\n\n\n<figure class=\"wp-block-image size-full\"><img loading=\"lazy\" decoding=\"async\" width=\"843\" height=\"251\" src=\"https:\/\/focotocantinense.com.br\/wp-content\/uploads\/2024\/08\/VINI_181_282-1-10.jpg\" alt=\"\" class=\"wp-image-8414\" srcset=\"https:\/\/focotocantinense.com.br\/wp-content\/uploads\/2024\/08\/VINI_181_282-1-10.jpg 843w, https:\/\/focotocantinense.com.br\/wp-content\/uploads\/2024\/08\/VINI_181_282-1-10-300x89.jpg 300w, https:\/\/focotocantinense.com.br\/wp-content\/uploads\/2024\/08\/VINI_181_282-1-10-768x229.jpg 768w\" sizes=\"auto, (max-width: 843px) 100vw, 843px\" \/><\/figure>\n","protected":false},"excerpt":{"rendered":"<p>Com o objetivo de tra\u00e7ar estrat\u00e9gias de atua\u00e7\u00e3o para fortalecimento da cultura regional em alinhamento com o Governo Federal, uma reuni\u00e3o foi realizada dentre o Comit\u00ea de Cultura do Tocantins e a Coordena\u00e7\u00e3o do Minist\u00e9rio da Cultura (MinC) no Tocantins, no dia 21 de agosto. O Coordenador do Escrit\u00f3rio do MinC no Tocantins, C\u00edcero Bel\u00e9m, &hellip;<\/p>\n","protected":false},"author":5,"featured_media":8413,"comment_status":"open","ping_status":"open","sticky":false,"template":"","format":"standard","meta":{"footnotes":""},"categories":[104],"tags":[],"class_list":["post-8412","post","type-post","status-publish","format-standard","has-post-thumbnail","","category-cultura"],"_links":{"self":[{"href":"https:\/\/focotocantinense.com.br\/index.php?rest_route=\/wp\/v2\/posts\/8412","targetHints":{"allow":["GET"]}}],"collection":[{"href":"https:\/\/focotocantinense.com.br\/index.php?rest_route=\/wp\/v2\/posts"}],"about":[{"href":"https:\/\/focotocantinense.com.br\/index.php?rest_route=\/wp\/v2\/types\/post"}],"author":[{"embeddable":true,"href":"https:\/\/focotocantinense.com.br\/index.php?rest_route=\/wp\/v2\/users\/5"}],"replies":[{"embeddable":true,"href":"https:\/\/focotocantinense.com.br\/index.php?rest_route=%2Fwp%2Fv2%2Fcomments&post=8412"}],"version-history":[{"count":3,"href":"https:\/\/focotocantinense.com.br\/index.php?rest_route=\/wp\/v2\/posts\/8412\/revisions"}],"predecessor-version":[{"id":8418,"href":"https:\/\/focotocantinense.com.br\/index.php?rest_route=\/wp\/v2\/posts\/8412\/revisions\/8418"}],"wp:featuredmedia":[{"embeddable":true,"href":"https:\/\/focotocantinense.com.br\/index.php?rest_route=\/wp\/v2\/media\/8413"}],"wp:attachment":[{"href":"https:\/\/focotocantinense.com.br\/index.php?rest_route=%2Fwp%2Fv2%2Fmedia&parent=8412"}],"wp:term":[{"taxonomy":"category","embeddable":true,"href":"https:\/\/focotocantinense.com.br\/index.php?rest_route=%2Fwp%2Fv2%2Fcategories&post=8412"},{"taxonomy":"post_tag","embeddable":true,"href":"https:\/\/focotocantinense.com.br\/index.php?rest_route=%2Fwp%2Fv2%2Ftags&post=8412"}],"curies":[{"name":"wp","href":"https:\/\/api.w.org\/{rel}","templated":true}]}}