{"id":8395,"date":"2024-08-28T13:12:13","date_gmt":"2024-08-28T16:12:13","guid":{"rendered":"https:\/\/focotocantinense.com.br\/?p=8395"},"modified":"2024-08-28T13:12:13","modified_gmt":"2024-08-28T16:12:13","slug":"eduardo-fortes-garante-aos-servidores-do-municipio-cartao-alimentacao-e-plano-funerario","status":"publish","type":"post","link":"https:\/\/focotocantinense.com.br\/?p=8395","title":{"rendered":"Eduardo Fortes garante aos servidores do munic\u00edpio cart\u00e3o alimenta\u00e7\u00e3o e plano funer\u00e1rio"},"content":{"rendered":"\n<p>Para ouvir as demandas da educa\u00e7\u00e3o do munic\u00edpio, o candidato a prefeito de Gurupi, Eduardo Fortes, se reuniu com o Sindicato dos Trabalhadores em Educa\u00e7\u00e3o no Estado do Tocantins (Sintet) para participar de uma reuni\u00e3o com os profissionais da educa\u00e7\u00e3o da rede municipal. O encontro teve como objetivo ouvir as demandas da categoria e discutir propostas voltadas para a \u00e1rea da educa\u00e7\u00e3o.<\/p>\n\n\n\n<figure class=\"wp-block-image size-large is-resized\"><img loading=\"lazy\" decoding=\"async\" width=\"1024\" height=\"683\" src=\"https:\/\/focotocantinense.com.br\/wp-content\/uploads\/2024\/08\/WhatsApp-Image-2024-08-28-at-11.53.11-1024x683.jpeg\" alt=\"\" class=\"wp-image-8396\" style=\"width:398px;height:auto\" srcset=\"https:\/\/focotocantinense.com.br\/wp-content\/uploads\/2024\/08\/WhatsApp-Image-2024-08-28-at-11.53.11-1024x683.jpeg 1024w, https:\/\/focotocantinense.com.br\/wp-content\/uploads\/2024\/08\/WhatsApp-Image-2024-08-28-at-11.53.11-300x200.jpeg 300w, https:\/\/focotocantinense.com.br\/wp-content\/uploads\/2024\/08\/WhatsApp-Image-2024-08-28-at-11.53.11-768x512.jpeg 768w, https:\/\/focotocantinense.com.br\/wp-content\/uploads\/2024\/08\/WhatsApp-Image-2024-08-28-at-11.53.11-1536x1024.jpeg 1536w, https:\/\/focotocantinense.com.br\/wp-content\/uploads\/2024\/08\/WhatsApp-Image-2024-08-28-at-11.53.11-2048x1365.jpeg 2048w\" sizes=\"auto, (max-width: 1024px) 100vw, 1024px\" \/><\/figure>\n\n\n\n<p>O Sintet tem promovido essas rodas de conversa com todos os candidatos a prefeito de Gurupi, buscando levantar as reivindica\u00e7\u00f5es dos profissionais da educa\u00e7\u00e3o e ouvir as propostas dos postulantes ao cargo. Durante a reuni\u00e3o, o Sintet destacou diversos pontos considerados priorit\u00e1rios pela categoria, entre eles: Continuidade do cumprimento da Data Base e Progress\u00f5es; Cumprimento e revis\u00e3o do Plano de Cargos, Carreiras e Remunera\u00e7\u00e3o (PCCR); Continuidade do pagamento do reajuste do Piso Salarial para todos os n\u00edveis; Cumprimento da Lei Org\u00e2nica no que se refere \u00e0s elei\u00e7\u00f5es diretas para diretores e melhorias na infraestrutura das escolas.<\/p>\n\n\n\n<figure class=\"wp-block-image size-large is-resized\"><img loading=\"lazy\" decoding=\"async\" width=\"1024\" height=\"683\" src=\"https:\/\/focotocantinense.com.br\/wp-content\/uploads\/2024\/08\/WhatsApp-Image-2024-08-28-at-11.54.52-1024x683.jpeg\" alt=\"\" class=\"wp-image-8397\" style=\"width:357px;height:auto\" srcset=\"https:\/\/focotocantinense.com.br\/wp-content\/uploads\/2024\/08\/WhatsApp-Image-2024-08-28-at-11.54.52-1024x683.jpeg 1024w, https:\/\/focotocantinense.com.br\/wp-content\/uploads\/2024\/08\/WhatsApp-Image-2024-08-28-at-11.54.52-300x200.jpeg 300w, https:\/\/focotocantinense.com.br\/wp-content\/uploads\/2024\/08\/WhatsApp-Image-2024-08-28-at-11.54.52-768x512.jpeg 768w, https:\/\/focotocantinense.com.br\/wp-content\/uploads\/2024\/08\/WhatsApp-Image-2024-08-28-at-11.54.52-1536x1024.jpeg 1536w, https:\/\/focotocantinense.com.br\/wp-content\/uploads\/2024\/08\/WhatsApp-Image-2024-08-28-at-11.54.52-2048x1365.jpeg 2048w\" sizes=\"auto, (max-width: 1024px) 100vw, 1024px\" \/><\/figure>\n\n\n\n<p>Eduardo Fortes, ap\u00f3s ouvir atentamente as demandas apresentadas, reafirmou seu compromisso com a valoriza\u00e7\u00e3o dos profissionais da educa\u00e7\u00e3o, e afirmou que far\u00e1 sua gest\u00e3o com di\u00e1logo para atender as necessidades da pasta. \u201cSempre fiz pol\u00edtica com di\u00e1logo. Assim que assumir o executivo, vamos nos reunir para fazer o melhor pela educa\u00e7\u00e3o do munic\u00edpio\u201d, afirmou o candidato.<\/p>\n\n\n\n<p>Al\u00e9m disso, Fortes destacou a import\u00e2ncia de implementar o cart\u00e3o alimenta\u00e7\u00e3o para todos os servidores do munic\u00edpio, algo que, segundo ele, j\u00e1 \u00e9 realidade em outras cidades do Tocantins. \u201cEst\u00e1 na hora de Gurupi ter o cart\u00e3o alimenta\u00e7\u00e3o para os servidores. Outras cidades do Tocantins t\u00eam, s\u00f3 Gurupi que n\u00e3o\u201d, ressaltou. O candidato tamb\u00e9m mencionou a cria\u00e7\u00e3o de um plano funer\u00e1rio gratuito para todos os servidores, ambos inclu\u00eddos em seu plano de governo.<\/p>\n\n\n\n<p>Eduardo Fortes finalizou sua participa\u00e7\u00e3o reiterando o compromisso de sua gest\u00e3o com a valoriza\u00e7\u00e3o dos profissionais da educa\u00e7\u00e3o e dos demais servidores municipais, caso seja eleito prefeito de Gurupi.<\/p>\n\n\n\n<p>Por: Ascom<br>Eduardo Fortes (PSD)<br>Candidato a prefeito de Gurupi<br>Fotos: Marcos Amorim<\/p>\n","protected":false},"excerpt":{"rendered":"<p>Para ouvir as demandas da educa\u00e7\u00e3o do munic\u00edpio, o candidato a prefeito de Gurupi, Eduardo Fortes, se reuniu com o Sindicato dos Trabalhadores em Educa\u00e7\u00e3o no Estado do Tocantins (Sintet) para participar de uma reuni\u00e3o com os profissionais da educa\u00e7\u00e3o da rede municipal. O encontro teve como objetivo ouvir as demandas da categoria e discutir &hellip;<\/p>\n","protected":false},"author":5,"featured_media":8399,"comment_status":"open","ping_status":"open","sticky":false,"template":"","format":"standard","meta":{"footnotes":""},"categories":[1],"tags":[],"class_list":["post-8395","post","type-post","status-publish","format-standard","has-post-thumbnail","","category-sem-categoria"],"_links":{"self":[{"href":"https:\/\/focotocantinense.com.br\/index.php?rest_route=\/wp\/v2\/posts\/8395","targetHints":{"allow":["GET"]}}],"collection":[{"href":"https:\/\/focotocantinense.com.br\/index.php?rest_route=\/wp\/v2\/posts"}],"about":[{"href":"https:\/\/focotocantinense.com.br\/index.php?rest_route=\/wp\/v2\/types\/post"}],"author":[{"embeddable":true,"href":"https:\/\/focotocantinense.com.br\/index.php?rest_route=\/wp\/v2\/users\/5"}],"replies":[{"embeddable":true,"href":"https:\/\/focotocantinense.com.br\/index.php?rest_route=%2Fwp%2Fv2%2Fcomments&post=8395"}],"version-history":[{"count":1,"href":"https:\/\/focotocantinense.com.br\/index.php?rest_route=\/wp\/v2\/posts\/8395\/revisions"}],"predecessor-version":[{"id":8400,"href":"https:\/\/focotocantinense.com.br\/index.php?rest_route=\/wp\/v2\/posts\/8395\/revisions\/8400"}],"wp:featuredmedia":[{"embeddable":true,"href":"https:\/\/focotocantinense.com.br\/index.php?rest_route=\/wp\/v2\/media\/8399"}],"wp:attachment":[{"href":"https:\/\/focotocantinense.com.br\/index.php?rest_route=%2Fwp%2Fv2%2Fmedia&parent=8395"}],"wp:term":[{"taxonomy":"category","embeddable":true,"href":"https:\/\/focotocantinense.com.br\/index.php?rest_route=%2Fwp%2Fv2%2Fcategories&post=8395"},{"taxonomy":"post_tag","embeddable":true,"href":"https:\/\/focotocantinense.com.br\/index.php?rest_route=%2Fwp%2Fv2%2Ftags&post=8395"}],"curies":[{"name":"wp","href":"https:\/\/api.w.org\/{rel}","templated":true}]}}