{"id":8384,"date":"2024-08-27T17:58:57","date_gmt":"2024-08-27T20:58:57","guid":{"rendered":"https:\/\/focotocantinense.com.br\/?p=8384"},"modified":"2024-08-27T18:06:14","modified_gmt":"2024-08-27T21:06:14","slug":"galeria-de-arte-na-casacor-tocantins-2024-celebra-a-arte-e-o-legado-cultural-do-norte","status":"publish","type":"post","link":"https:\/\/focotocantinense.com.br\/?p=8384","title":{"rendered":"Galeria de arte na CASACOR Tocantins 2024 celebra a Arte e o Legado Cultural do Norte"},"content":{"rendered":"\n<p>A Galeria Legado, um dos destaques da CASACOR Tocantins 2024, mergulha na rica hist\u00f3ria da arte tocantinense, honrando os artistas e artes\u00e3os que moldam a identidade cultural da regi\u00e3o.<\/p>\n\n\n\n<p>Sob a curadoria dos designers de interiores Renata Brum e Paulo Marques, o espa\u00e7o re\u00fane obras de mais de 30 nomes (lista abaixo) e apresenta uma jornada visual que atravessa gera\u00e7\u00f5es e express\u00f5es art\u00edsticas, desde saberes ancestrais at\u00e9 manifesta\u00e7\u00f5es contempor\u00e2neas.<\/p>\n\n\n\n<p>Cada esta\u00e7\u00e3o da galeria conta uma hist\u00f3ria \u00fanica, refletindo tradi\u00e7\u00f5es e criatividade dos povos quilombolas, ribeirinhos, povos origin\u00e1rios, negros, caboclos e artistas populares at\u00e9 chegar nos artistas contempor\u00e2neos.<\/p>\n\n\n\n<figure class=\"wp-block-image size-large is-resized\"><img loading=\"lazy\" decoding=\"async\" width=\"819\" height=\"1024\" src=\"https:\/\/focotocantinense.com.br\/wp-content\/uploads\/2024\/08\/AAAAAAAAAAAAAAAAAAAAAAAAAAAAA-819x1024.jpg\" alt=\"\" class=\"wp-image-8387\" style=\"width:392px;height:auto\" srcset=\"https:\/\/focotocantinense.com.br\/wp-content\/uploads\/2024\/08\/AAAAAAAAAAAAAAAAAAAAAAAAAAAAA-819x1024.jpg 819w, https:\/\/focotocantinense.com.br\/wp-content\/uploads\/2024\/08\/AAAAAAAAAAAAAAAAAAAAAAAAAAAAA-240x300.jpg 240w, https:\/\/focotocantinense.com.br\/wp-content\/uploads\/2024\/08\/AAAAAAAAAAAAAAAAAAAAAAAAAAAAA-768x960.jpg 768w, https:\/\/focotocantinense.com.br\/wp-content\/uploads\/2024\/08\/AAAAAAAAAAAAAAAAAAAAAAAAAAAAA-1229x1536.jpg 1229w, https:\/\/focotocantinense.com.br\/wp-content\/uploads\/2024\/08\/AAAAAAAAAAAAAAAAAAAAAAAAAAAAA.jpg 1280w\" sizes=\"auto, (max-width: 819px) 100vw, 819px\" \/><\/figure>\n\n\n\n<p><\/p>\n\n\n\n<p>A expografia n\u00e3o apenas destaca a est\u00e9tica da arte cotidiana,mas tamb\u00e9m incorpora fotografias documentais, que amplificam o valor do povo e da cultura do Norte.<\/p>\n\n\n\n<p>&#8220;A Galeria Legado \u00e9 mais do que uma exposi\u00e7\u00e3o: \u00e9 um testemunho vivo do legado cultural que esses artistas deixam para as futuras gera\u00e7\u00f5es, bem dentro da proposta do tema deste ano da CASACOR, que \u00e9 \u2018De presente, o agora\u2019. Ent\u00e3o, toda curadoria que fizemos foi neste sentido&#8221;, explica Paulo Marques.<\/p>\n\n\n\n<p>&#8220;Depois do processo de curadoria, de mais de tr\u00eas meses, pensamos na expografia, melhor forma de expor os objetos para contar essa hist\u00f3ria. E viemos desenhando essa trajet\u00f3ria. Quem s\u00e3o os artistas precursores do Tocantins? S\u00e3o os povos origin\u00e1rios, quilombolas e assim vai. Todos, no seu cotidiano, est\u00e3o fazendo arte. Essa galeria \u00e9 um convite para que os visitantes reconhe\u00e7am, divulguem e valorizem a riqueza art\u00edstica que est\u00e1 ao nosso redor, muitas vezes invis\u00edvel aos olhos menos atentos&#8221;, enfatiza a curadora Renata Brum, que colabora em outros projetos ligados \u00e0 divulga\u00e7\u00e3o do trabalho art\u00edstico e artesanal no estado e hoje responde pela setorial de artesanato dentro do Conselho Municipal de Pol\u00edticas Culturais de Palmas (CMPC).<\/p>\n\n\n\n<p>Al\u00e9m de enaltecer os processos criativos dos artistas para cria\u00e7\u00e3o de utens\u00edlios para uso cotidiano, para rituais ou simplesmente com fins est\u00e9ticos e decorativos, a proposta da galeria tamb\u00e9m foi pensada para destacar a sustentabilidade no in\u00edcio, meio e fim do percurso.<\/p>\n\n\n\n<p>Na entrada o letreiro Legado foi produzido por material reciclado, assim como as prateleiras que trazem as pe\u00e7as dos ceramistas do estado, feitas de engradados de Coca-Cola pelo projeto Artesanato Sustent\u00e1vel, de Lajeado. E ao final da galeria, uma obra reflexiva une fotografia e proje\u00e7\u00e3o de dados sobre as quest\u00f5es ambientais do Norte e nos faz refletir: qual \u00e9 o Legado que queremos deixar para as futuras gera\u00e7\u00f5es.<\/p>\n\n\n\n<figure class=\"wp-block-image size-full is-resized\"><img loading=\"lazy\" decoding=\"async\" width=\"659\" height=\"521\" src=\"https:\/\/focotocantinense.com.br\/wp-content\/uploads\/2024\/08\/2-ARTE-COR.jpg\" alt=\"\" class=\"wp-image-8385\" style=\"width:836px;height:auto\" srcset=\"https:\/\/focotocantinense.com.br\/wp-content\/uploads\/2024\/08\/2-ARTE-COR.jpg 659w, https:\/\/focotocantinense.com.br\/wp-content\/uploads\/2024\/08\/2-ARTE-COR-300x237.jpg 300w\" sizes=\"auto, (max-width: 659px) 100vw, 659px\" \/><\/figure>\n\n\n\n<p><\/p>\n\n\n\n<p><strong>Quem comp\u00f5e a galeria:<\/strong><\/p>\n\n\n\n<p><strong>Fotografia<\/strong><\/p>\n\n\n\n<p>Emerson Silva .Tharson Lopes . Edson Lopes (in memoriam). Maria J\u00falia Daniel . Yasmine Nery<\/p>\n\n\n\n<p><strong>Artesanato<\/strong><\/p>\n\n\n\n<p>Projeto Artesanato Sustent\u00e1vel de Lajeado<\/p>\n\n\n\n<p>M\u00e1rcio Bello<\/p>\n\n\n\n<p>Renato Moura<\/p>\n\n\n\n<p>M\u00f4nica Ribeiro da Silva<\/p>\n\n\n\n<p>Maria Elza Oliveira<\/p>\n\n\n\n<p>Maria do Carmo Silva<\/p>\n\n\n\n<p>Wanderley Batista<\/p>\n\n\n\n<p>Sirlene de Jesus Barros<\/p>\n\n\n\n<p>Lucr\u00e9cia Banto Filho<\/p>\n\n\n\n<p>Joedna Lima<\/p>\n\n\n\n<p>Wanessa Cruvinel<\/p>\n\n\n\n<p>Maria Gomes Monteiro<\/p>\n\n\n\n<p>Myixa Iny (in memoriam)<\/p>\n\n\n\n<p>Iraci Krukuane Xerente<\/p>\n\n\n\n<p>Cleidiane Brunisdi Calixto Xerente<\/p>\n\n\n\n<p>Hir\u00eaki da Mata de Brito Xerente<\/p>\n\n\n\n<p><strong>Artes visuais<\/strong><\/p>\n\n\n\n<p>Iv\u00e3 Volpi<\/p>\n\n\n\n<p>Marcos Dutra<\/p>\n\n\n\n<p>Vinicius Alcerte Luiz<\/p>\n\n\n\n<p>Cl\u00e1udio Ferreira<\/p>\n\n\n\n<p>Ronan Gon\u00e7alves<\/p>\n\n\n\n<p>Txibi\u00ea Karaj\u00e1<\/p>\n\n\n\n<p>Narubia Werreria<\/p>\n\n\n\n<p>Winny Tapaj\u00f3s<\/p>\n\n\n\n<p>Luisa Sponholz<\/p>\n\n\n\n<p>Lara Faez<\/p>\n\n\n\n<p>Espa\u00e7o Nulo (Elp\u00eddio de Paula e Lero)<\/p>\n\n\n\n<p>Aloisam (La\u00eds de Freitas)<\/p>\n\n\n\n<p>Leoa do Norte (Sara Gomes)<\/p>\n\n\n\n<p>Omanna Arte (Mariana Castro)<\/p>\n\n\n\n<p>Maria das Gra\u00e7as Monteiro<\/p>\n\n\n\n<figure class=\"wp-block-image size-full\"><img loading=\"lazy\" decoding=\"async\" width=\"843\" height=\"251\" src=\"https:\/\/focotocantinense.com.br\/wp-content\/uploads\/2024\/08\/VINI_181_282-1-9.jpg\" alt=\"\" class=\"wp-image-8363\" srcset=\"https:\/\/focotocantinense.com.br\/wp-content\/uploads\/2024\/08\/VINI_181_282-1-9.jpg 843w, https:\/\/focotocantinense.com.br\/wp-content\/uploads\/2024\/08\/VINI_181_282-1-9-300x89.jpg 300w, https:\/\/focotocantinense.com.br\/wp-content\/uploads\/2024\/08\/VINI_181_282-1-9-768x229.jpg 768w\" sizes=\"auto, (max-width: 843px) 100vw, 843px\" \/><\/figure>\n","protected":false},"excerpt":{"rendered":"<p>A Galeria Legado, um dos destaques da CASACOR Tocantins 2024, mergulha na rica hist\u00f3ria da arte tocantinense, honrando os artistas e artes\u00e3os que moldam a identidade cultural da regi\u00e3o. Sob a curadoria dos designers de interiores Renata Brum e Paulo Marques, o espa\u00e7o re\u00fane obras de mais de 30 nomes (lista abaixo) e apresenta uma &hellip;<\/p>\n","protected":false},"author":5,"featured_media":8385,"comment_status":"open","ping_status":"open","sticky":false,"template":"","format":"standard","meta":{"footnotes":""},"categories":[104],"tags":[],"class_list":["post-8384","post","type-post","status-publish","format-standard","has-post-thumbnail","","category-cultura"],"_links":{"self":[{"href":"https:\/\/focotocantinense.com.br\/index.php?rest_route=\/wp\/v2\/posts\/8384","targetHints":{"allow":["GET"]}}],"collection":[{"href":"https:\/\/focotocantinense.com.br\/index.php?rest_route=\/wp\/v2\/posts"}],"about":[{"href":"https:\/\/focotocantinense.com.br\/index.php?rest_route=\/wp\/v2\/types\/post"}],"author":[{"embeddable":true,"href":"https:\/\/focotocantinense.com.br\/index.php?rest_route=\/wp\/v2\/users\/5"}],"replies":[{"embeddable":true,"href":"https:\/\/focotocantinense.com.br\/index.php?rest_route=%2Fwp%2Fv2%2Fcomments&post=8384"}],"version-history":[{"count":3,"href":"https:\/\/focotocantinense.com.br\/index.php?rest_route=\/wp\/v2\/posts\/8384\/revisions"}],"predecessor-version":[{"id":8390,"href":"https:\/\/focotocantinense.com.br\/index.php?rest_route=\/wp\/v2\/posts\/8384\/revisions\/8390"}],"wp:featuredmedia":[{"embeddable":true,"href":"https:\/\/focotocantinense.com.br\/index.php?rest_route=\/wp\/v2\/media\/8385"}],"wp:attachment":[{"href":"https:\/\/focotocantinense.com.br\/index.php?rest_route=%2Fwp%2Fv2%2Fmedia&parent=8384"}],"wp:term":[{"taxonomy":"category","embeddable":true,"href":"https:\/\/focotocantinense.com.br\/index.php?rest_route=%2Fwp%2Fv2%2Fcategories&post=8384"},{"taxonomy":"post_tag","embeddable":true,"href":"https:\/\/focotocantinense.com.br\/index.php?rest_route=%2Fwp%2Fv2%2Ftags&post=8384"}],"curies":[{"name":"wp","href":"https:\/\/api.w.org\/{rel}","templated":true}]}}