{"id":8378,"date":"2024-08-27T16:40:09","date_gmt":"2024-08-27T19:40:09","guid":{"rendered":"https:\/\/focotocantinense.com.br\/?p=8378"},"modified":"2024-08-27T16:40:10","modified_gmt":"2024-08-27T19:40:10","slug":"mobilizacoes-mostram-forca-politica-de-toinho-andrade-e-soares-filho-em-porto-nacional","status":"publish","type":"post","link":"https:\/\/focotocantinense.com.br\/?p=8378","title":{"rendered":"Mobiliza\u00e7\u00f5es mostram for\u00e7a pol\u00edtica de Toinho Andrade e Soares Filho em Porto Nacional"},"content":{"rendered":"\n<p>Na 2\u00b0 semana de campanha nas ruas, a dupla recebeu centenas de demonstra\u00e7\u00f5es de apoio ao projeto pol\u00edtico apresentado por eles<\/p>\n\n\n\n<figure class=\"wp-block-image size-large is-resized\"><img loading=\"lazy\" decoding=\"async\" width=\"1024\" height=\"682\" src=\"https:\/\/focotocantinense.com.br\/wp-content\/uploads\/2024\/08\/WhatsApp-Image-2024-08-27-at-16.37.16-1-1024x682.jpeg\" alt=\"\" class=\"wp-image-8379\" style=\"width:408px;height:auto\" srcset=\"https:\/\/focotocantinense.com.br\/wp-content\/uploads\/2024\/08\/WhatsApp-Image-2024-08-27-at-16.37.16-1-1024x682.jpeg 1024w, https:\/\/focotocantinense.com.br\/wp-content\/uploads\/2024\/08\/WhatsApp-Image-2024-08-27-at-16.37.16-1-300x200.jpeg 300w, https:\/\/focotocantinense.com.br\/wp-content\/uploads\/2024\/08\/WhatsApp-Image-2024-08-27-at-16.37.16-1-768x512.jpeg 768w, https:\/\/focotocantinense.com.br\/wp-content\/uploads\/2024\/08\/WhatsApp-Image-2024-08-27-at-16.37.16-1-1536x1023.jpeg 1536w, https:\/\/focotocantinense.com.br\/wp-content\/uploads\/2024\/08\/WhatsApp-Image-2024-08-27-at-16.37.16-1-310x205.jpeg 310w, https:\/\/focotocantinense.com.br\/wp-content\/uploads\/2024\/08\/WhatsApp-Image-2024-08-27-at-16.37.16-1.jpeg 1600w\" sizes=\"auto, (max-width: 1024px) 100vw, 1024px\" \/><\/figure>\n\n\n\n<p>Toinho Andrade deu uma prova inequ\u00edvoca de que segue forte e viv\u00edssimo na disputa pela prefeitura de Porto Nacional, sendo o principal nome de oposi\u00e7\u00e3o ao atual prefeito e candidato \u00e0 reelei\u00e7\u00e3o.<\/p>\n\n\n\n<p>Com caminhadas reunindo centenas de pessoas, a\u00e7\u00f5es de coloca\u00e7\u00e3o de adesivos em carros e distribui\u00e7\u00e3o de materiais gr\u00e1ficos em diferentes regi\u00f5es da cidade, Toinho mostra que segue sendo uma lideran\u00e7a com apoio popular muito grande.<\/p>\n\n\n\n<figure class=\"wp-block-image size-large is-resized\"><img loading=\"lazy\" decoding=\"async\" width=\"1024\" height=\"682\" src=\"https:\/\/focotocantinense.com.br\/wp-content\/uploads\/2024\/08\/WhatsApp-Image-2024-08-27-at-16.37.16-2-1024x682.jpeg\" alt=\"\" class=\"wp-image-8380\" style=\"width:396px;height:auto\" srcset=\"https:\/\/focotocantinense.com.br\/wp-content\/uploads\/2024\/08\/WhatsApp-Image-2024-08-27-at-16.37.16-2-1024x682.jpeg 1024w, https:\/\/focotocantinense.com.br\/wp-content\/uploads\/2024\/08\/WhatsApp-Image-2024-08-27-at-16.37.16-2-300x200.jpeg 300w, https:\/\/focotocantinense.com.br\/wp-content\/uploads\/2024\/08\/WhatsApp-Image-2024-08-27-at-16.37.16-2-768x512.jpeg 768w, https:\/\/focotocantinense.com.br\/wp-content\/uploads\/2024\/08\/WhatsApp-Image-2024-08-27-at-16.37.16-2-1536x1023.jpeg 1536w, https:\/\/focotocantinense.com.br\/wp-content\/uploads\/2024\/08\/WhatsApp-Image-2024-08-27-at-16.37.16-2-310x205.jpeg 310w, https:\/\/focotocantinense.com.br\/wp-content\/uploads\/2024\/08\/WhatsApp-Image-2024-08-27-at-16.37.16-2.jpeg 1600w\" sizes=\"auto, (max-width: 1024px) 100vw, 1024px\" \/><\/figure>\n\n\n\n<p>Faltando 40 dias para as elei\u00e7\u00f5es, o saldo \u00e9 positivo para a dupla. Atos de apoio \u00e0 candidatura dos dois com grande ades\u00e3o de pessoas nas ruas, tem mostrado a for\u00e7a de ambos no jogo pol\u00edtico. Percebe-se em Toinho, uma leveza e certeza de que est\u00e1 preparado para fazer hist\u00f3ria em Porto Nacional.<\/p>\n\n\n\n<figure class=\"wp-block-image size-large\"><img loading=\"lazy\" decoding=\"async\" width=\"1024\" height=\"682\" src=\"https:\/\/focotocantinense.com.br\/wp-content\/uploads\/2024\/08\/WhatsApp-Image-2024-08-27-at-16.37.15-1024x682.jpeg\" alt=\"\" class=\"wp-image-8381\" srcset=\"https:\/\/focotocantinense.com.br\/wp-content\/uploads\/2024\/08\/WhatsApp-Image-2024-08-27-at-16.37.15-1024x682.jpeg 1024w, https:\/\/focotocantinense.com.br\/wp-content\/uploads\/2024\/08\/WhatsApp-Image-2024-08-27-at-16.37.15-300x200.jpeg 300w, https:\/\/focotocantinense.com.br\/wp-content\/uploads\/2024\/08\/WhatsApp-Image-2024-08-27-at-16.37.15-768x512.jpeg 768w, https:\/\/focotocantinense.com.br\/wp-content\/uploads\/2024\/08\/WhatsApp-Image-2024-08-27-at-16.37.15-1536x1023.jpeg 1536w, https:\/\/focotocantinense.com.br\/wp-content\/uploads\/2024\/08\/WhatsApp-Image-2024-08-27-at-16.37.15-310x205.jpeg 310w, https:\/\/focotocantinense.com.br\/wp-content\/uploads\/2024\/08\/WhatsApp-Image-2024-08-27-at-16.37.15.jpeg 1600w\" sizes=\"auto, (max-width: 1024px) 100vw, 1024px\" \/><\/figure>\n\n\n\n<p>Assessoria de Impressa \u2013 Deputado Federal Antonio Andrade<\/p>\n","protected":false},"excerpt":{"rendered":"<p>Na 2\u00b0 semana de campanha nas ruas, a dupla recebeu centenas de demonstra\u00e7\u00f5es de apoio ao projeto pol\u00edtico apresentado por eles Toinho Andrade deu uma prova inequ\u00edvoca de que segue forte e viv\u00edssimo na disputa pela prefeitura de Porto Nacional, sendo o principal nome de oposi\u00e7\u00e3o ao atual prefeito e candidato \u00e0 reelei\u00e7\u00e3o. Com caminhadas &hellip;<\/p>\n","protected":false},"author":5,"featured_media":8382,"comment_status":"open","ping_status":"open","sticky":false,"template":"","format":"standard","meta":{"footnotes":""},"categories":[1],"tags":[],"class_list":["post-8378","post","type-post","status-publish","format-standard","has-post-thumbnail","","category-sem-categoria"],"_links":{"self":[{"href":"https:\/\/focotocantinense.com.br\/index.php?rest_route=\/wp\/v2\/posts\/8378","targetHints":{"allow":["GET"]}}],"collection":[{"href":"https:\/\/focotocantinense.com.br\/index.php?rest_route=\/wp\/v2\/posts"}],"about":[{"href":"https:\/\/focotocantinense.com.br\/index.php?rest_route=\/wp\/v2\/types\/post"}],"author":[{"embeddable":true,"href":"https:\/\/focotocantinense.com.br\/index.php?rest_route=\/wp\/v2\/users\/5"}],"replies":[{"embeddable":true,"href":"https:\/\/focotocantinense.com.br\/index.php?rest_route=%2Fwp%2Fv2%2Fcomments&post=8378"}],"version-history":[{"count":1,"href":"https:\/\/focotocantinense.com.br\/index.php?rest_route=\/wp\/v2\/posts\/8378\/revisions"}],"predecessor-version":[{"id":8383,"href":"https:\/\/focotocantinense.com.br\/index.php?rest_route=\/wp\/v2\/posts\/8378\/revisions\/8383"}],"wp:featuredmedia":[{"embeddable":true,"href":"https:\/\/focotocantinense.com.br\/index.php?rest_route=\/wp\/v2\/media\/8382"}],"wp:attachment":[{"href":"https:\/\/focotocantinense.com.br\/index.php?rest_route=%2Fwp%2Fv2%2Fmedia&parent=8378"}],"wp:term":[{"taxonomy":"category","embeddable":true,"href":"https:\/\/focotocantinense.com.br\/index.php?rest_route=%2Fwp%2Fv2%2Fcategories&post=8378"},{"taxonomy":"post_tag","embeddable":true,"href":"https:\/\/focotocantinense.com.br\/index.php?rest_route=%2Fwp%2Fv2%2Ftags&post=8378"}],"curies":[{"name":"wp","href":"https:\/\/api.w.org\/{rel}","templated":true}]}}