{"id":8362,"date":"2024-08-27T15:34:43","date_gmt":"2024-08-27T18:34:43","guid":{"rendered":"https:\/\/focotocantinense.com.br\/?p=8362"},"modified":"2024-08-27T15:40:33","modified_gmt":"2024-08-27T18:40:33","slug":"gurupi-recebe-ciclo-de-oficinas-sobre-elaboracao-de-projetos-culturais-com-nival-correia","status":"publish","type":"post","link":"https:\/\/focotocantinense.com.br\/?p=8362","title":{"rendered":"Gurupi recebe ciclo de oficinas sobre elabora\u00e7\u00e3o de projetos culturais com Nival Correia"},"content":{"rendered":"\n<p>Acontece nesta ter\u00e7a-feira, 27, no audit\u00f3rio do &nbsp;&nbsp;Instituto Federal do Tocantins \u2013 IFTO \u2013 Campus de Gurupi, &nbsp;a partir das 19h30, &nbsp;a oficina &nbsp;&nbsp;\u201cBases da Com\u00e9dia e do Humor\u201d, com&nbsp; &nbsp;o produtor e diretor Nival Correia. J\u00e1 no dia seguinte,&nbsp; a oficina a ser ministrada tem com o tem\u00e1tica&nbsp; \u201cElabora\u00e7\u00e3o de Projetos Culturais para Grupos Art\u00edsticos\u201d.<\/p>\n\n\n\n<p>Essa iniciativa conta com a organiza\u00e7\u00e3o do Instituto Amazon e Produza em parceria do Grupo Motir\u00f5 de Teatro e do Instituto Federal do Tocantins, marcando &nbsp;o in\u00edcio de uma s\u00e9rie de atividades voltadas para a capacita\u00e7\u00e3o de profissionais do setor audiovisual, com o objetivo de preparar produtores para o desenvolvimento de projetos art\u00edsticos, assim como de curtas, longas-metragens e s\u00e9ries.<\/p>\n\n\n\n<p>Ambas as atividades fazem parte de um projeto que s\u00f3 foi poss\u00edvel gra\u00e7as ao apoio da Secretaria Estadual da Cultura, viabilizado pela Lei Paulo Gustavo.<\/p>\n\n\n\n<p><strong>Objetivos<\/strong><\/p>\n\n\n\n<p>Esta oficina, fruto dos 30 anos de carreira do ator e diretor Nival Correia, visa difundir t\u00e9cnicas de com\u00e9dia tanto para atores quanto para n\u00e3o atores, com foco especial nas comunidades das quadrilhas juninas que s\u00e3o respons\u00e1veis pela \u201cCultura popular tocantinense\u201d. A oficina abordar\u00e1 t\u00e9cnicas de com\u00e9dia aplic\u00e1veis \u00e0 vida profissional e pessoal.<\/p>\n\n\n\n<p><strong>Formata\u00e7\u00e3o de projetos<\/strong><\/p>\n\n\n\n<p>As oficinas, ministradas pelo renomado diretor, proporcionar\u00e3o aos participantes uma imers\u00e3o pr\u00e1tica na formata\u00e7\u00e3o de projetos audiovisuais, desde a ideia original at\u00e9 a apresenta\u00e7\u00e3o final, com foco no mercado de cinema, TV, streaming, e editais culturais como os da Lei Aldir Blanc e Ancine.<\/p>\n\n\n\n<figure class=\"wp-block-image size-large\"><img loading=\"lazy\" decoding=\"async\" width=\"1024\" height=\"1024\" src=\"https:\/\/focotocantinense.com.br\/wp-content\/uploads\/2024\/08\/OOOOOOOOOOOO-1024x1024.jpg\" alt=\"\" class=\"wp-image-8365\" srcset=\"https:\/\/focotocantinense.com.br\/wp-content\/uploads\/2024\/08\/OOOOOOOOOOOO-1024x1024.jpg 1024w, https:\/\/focotocantinense.com.br\/wp-content\/uploads\/2024\/08\/OOOOOOOOOOOO-300x300.jpg 300w, https:\/\/focotocantinense.com.br\/wp-content\/uploads\/2024\/08\/OOOOOOOOOOOO-150x150.jpg 150w, https:\/\/focotocantinense.com.br\/wp-content\/uploads\/2024\/08\/OOOOOOOOOOOO-768x768.jpg 768w, https:\/\/focotocantinense.com.br\/wp-content\/uploads\/2024\/08\/OOOOOOOOOOOO.jpg 1080w\" sizes=\"auto, (max-width: 1024px) 100vw, 1024px\" \/><\/figure>\n\n\n\n<p><\/p>\n\n\n\n<figure class=\"wp-block-image size-full\"><img loading=\"lazy\" decoding=\"async\" width=\"843\" height=\"251\" src=\"https:\/\/focotocantinense.com.br\/wp-content\/uploads\/2024\/08\/VINI_181_282-1-9.jpg\" alt=\"\" class=\"wp-image-8363\" srcset=\"https:\/\/focotocantinense.com.br\/wp-content\/uploads\/2024\/08\/VINI_181_282-1-9.jpg 843w, https:\/\/focotocantinense.com.br\/wp-content\/uploads\/2024\/08\/VINI_181_282-1-9-300x89.jpg 300w, https:\/\/focotocantinense.com.br\/wp-content\/uploads\/2024\/08\/VINI_181_282-1-9-768x229.jpg 768w\" sizes=\"auto, (max-width: 843px) 100vw, 843px\" \/><\/figure>\n","protected":false},"excerpt":{"rendered":"<p>Acontece nesta ter\u00e7a-feira, 27, no audit\u00f3rio do &nbsp;&nbsp;Instituto Federal do Tocantins \u2013 IFTO \u2013 Campus de Gurupi, &nbsp;a partir das 19h30, &nbsp;a oficina &nbsp;&nbsp;\u201cBases da Com\u00e9dia e do Humor\u201d, com&nbsp; &nbsp;o produtor e diretor Nival Correia. J\u00e1 no dia seguinte,&nbsp; a oficina a ser ministrada tem com o tem\u00e1tica&nbsp; \u201cElabora\u00e7\u00e3o de Projetos Culturais para Grupos &hellip;<\/p>\n","protected":false},"author":5,"featured_media":8365,"comment_status":"open","ping_status":"open","sticky":false,"template":"","format":"standard","meta":{"footnotes":""},"categories":[1],"tags":[],"class_list":["post-8362","post","type-post","status-publish","format-standard","has-post-thumbnail","","category-sem-categoria"],"_links":{"self":[{"href":"https:\/\/focotocantinense.com.br\/index.php?rest_route=\/wp\/v2\/posts\/8362","targetHints":{"allow":["GET"]}}],"collection":[{"href":"https:\/\/focotocantinense.com.br\/index.php?rest_route=\/wp\/v2\/posts"}],"about":[{"href":"https:\/\/focotocantinense.com.br\/index.php?rest_route=\/wp\/v2\/types\/post"}],"author":[{"embeddable":true,"href":"https:\/\/focotocantinense.com.br\/index.php?rest_route=\/wp\/v2\/users\/5"}],"replies":[{"embeddable":true,"href":"https:\/\/focotocantinense.com.br\/index.php?rest_route=%2Fwp%2Fv2%2Fcomments&post=8362"}],"version-history":[{"count":2,"href":"https:\/\/focotocantinense.com.br\/index.php?rest_route=\/wp\/v2\/posts\/8362\/revisions"}],"predecessor-version":[{"id":8367,"href":"https:\/\/focotocantinense.com.br\/index.php?rest_route=\/wp\/v2\/posts\/8362\/revisions\/8367"}],"wp:featuredmedia":[{"embeddable":true,"href":"https:\/\/focotocantinense.com.br\/index.php?rest_route=\/wp\/v2\/media\/8365"}],"wp:attachment":[{"href":"https:\/\/focotocantinense.com.br\/index.php?rest_route=%2Fwp%2Fv2%2Fmedia&parent=8362"}],"wp:term":[{"taxonomy":"category","embeddable":true,"href":"https:\/\/focotocantinense.com.br\/index.php?rest_route=%2Fwp%2Fv2%2Fcategories&post=8362"},{"taxonomy":"post_tag","embeddable":true,"href":"https:\/\/focotocantinense.com.br\/index.php?rest_route=%2Fwp%2Fv2%2Ftags&post=8362"}],"curies":[{"name":"wp","href":"https:\/\/api.w.org\/{rel}","templated":true}]}}