{"id":8361,"date":"2024-08-27T16:02:22","date_gmt":"2024-08-27T19:02:22","guid":{"rendered":"https:\/\/focotocantinense.com.br\/?p=8361"},"modified":"2024-08-27T16:02:22","modified_gmt":"2024-08-27T19:02:22","slug":"crescimento-da-campanha-de-eduardo-fortes-mobiliza-moradores-de-gurupi","status":"publish","type":"post","link":"https:\/\/focotocantinense.com.br\/?p=8361","title":{"rendered":"Crescimento da campanha de Eduardo Fortes mobiliza moradores de Gurupi"},"content":{"rendered":"\n<p>A campanha da coliga\u00e7\u00e3o &#8220;A For\u00e7a que Vem do Povo&#8221;, lidera a aceita\u00e7\u00e3o dos gurupienses na candidatura a prefeito de Gurupi. Os candidatos a prefeito Eduardo Fortes (55) e seu vice Juarez Moreira, que v\u00eam ganhando for\u00e7a a cada nova caminhada pelos bairros de Gurupi. No setor Jardim Sevilha, a presen\u00e7a dos candidatos foi recebida com entusiasmo pelos moradores, que sa\u00edram \u00e0s portas de suas casas e registraram o momento com seus celulares, evidenciando a confian\u00e7a e o apoio \u00e0 dupla.<\/p>\n\n\n\n<p><\/p>\n\n\n\n<figure class=\"wp-block-image size-large is-resized\"><img loading=\"lazy\" decoding=\"async\" width=\"1024\" height=\"833\" src=\"https:\/\/focotocantinense.com.br\/wp-content\/uploads\/2024\/08\/WhatsApp-Image-2024-08-27-at-09.36.03-1024x833.jpeg\" alt=\"\" class=\"wp-image-8368\" style=\"width:330px;height:auto\" srcset=\"https:\/\/focotocantinense.com.br\/wp-content\/uploads\/2024\/08\/WhatsApp-Image-2024-08-27-at-09.36.03-1024x833.jpeg 1024w, https:\/\/focotocantinense.com.br\/wp-content\/uploads\/2024\/08\/WhatsApp-Image-2024-08-27-at-09.36.03-300x244.jpeg 300w, https:\/\/focotocantinense.com.br\/wp-content\/uploads\/2024\/08\/WhatsApp-Image-2024-08-27-at-09.36.03-768x624.jpeg 768w, https:\/\/focotocantinense.com.br\/wp-content\/uploads\/2024\/08\/WhatsApp-Image-2024-08-27-at-09.36.03-1536x1249.jpeg 1536w, https:\/\/focotocantinense.com.br\/wp-content\/uploads\/2024\/08\/WhatsApp-Image-2024-08-27-at-09.36.03-2048x1665.jpeg 2048w\" sizes=\"auto, (max-width: 1024px) 100vw, 1024px\" \/><\/figure>\n\n\n\n<p>Os candidatos t\u00eam percorrido diversos bairros da cidade, ouvindo as demandas da popula\u00e7\u00e3o e apresentando suas propostas. No Jardim Sevilha, al\u00e9m do apoio popular, a caminhada contou com a presen\u00e7a do deputado estadual Gutierres Torquato. Ele destacou o crescimento da campanha, afirmando que Eduardo e Juarez conquistaram as ruas de Gurupi com uma for\u00e7a que promete trazer progresso e qualidade de vida \u00e0 cidade.<\/p>\n\n\n\n<p>Durante a visita ao setor, Eduardo Fortes lembrou seu trabalho como deputado estadual, mencionando a conquista de emendas para a constru\u00e7\u00e3o do Parque Ecol\u00f3gico, que beneficiar\u00e1 os moradores dos setores Sevilha, Vila S\u00e3o Jos\u00e9 e Leste. Ao passar pela pequena pra\u00e7a do bairro, situada ao lado da Capela do Senhor do Bonfim, Eduardo ressaltou a falta de ilumina\u00e7\u00e3o no local e se comprometeu a revitaliz\u00e1-la, instalando luzes e um parque infantil, para que os moradores possam usufruir de um espa\u00e7o de lazer digno.<\/p>\n\n\n\n<p><\/p>\n\n\n\n<figure class=\"wp-block-image size-large is-resized\"><img loading=\"lazy\" decoding=\"async\" width=\"1024\" height=\"683\" src=\"https:\/\/focotocantinense.com.br\/wp-content\/uploads\/2024\/08\/WhatsApp-Image-2024-08-27-at-09.35.47-1024x683.jpeg\" alt=\"\" class=\"wp-image-8369\" style=\"width:335px;height:auto\" srcset=\"https:\/\/focotocantinense.com.br\/wp-content\/uploads\/2024\/08\/WhatsApp-Image-2024-08-27-at-09.35.47-1024x683.jpeg 1024w, https:\/\/focotocantinense.com.br\/wp-content\/uploads\/2024\/08\/WhatsApp-Image-2024-08-27-at-09.35.47-300x200.jpeg 300w, https:\/\/focotocantinense.com.br\/wp-content\/uploads\/2024\/08\/WhatsApp-Image-2024-08-27-at-09.35.47-768x512.jpeg 768w, https:\/\/focotocantinense.com.br\/wp-content\/uploads\/2024\/08\/WhatsApp-Image-2024-08-27-at-09.35.47-1536x1024.jpeg 1536w, https:\/\/focotocantinense.com.br\/wp-content\/uploads\/2024\/08\/WhatsApp-Image-2024-08-27-at-09.35.47-2048x1365.jpeg 2048w\" sizes=\"auto, (max-width: 1024px) 100vw, 1024px\" \/><\/figure>\n\n\n\n<p>A caminhada tamb\u00e9m incluiu uma parada em frente \u00e0 Universidade Federal do Tocantins (UFT), onde Eduardo Fortes anunciou a futura instala\u00e7\u00e3o de uma UPA Veterin\u00e1ria que est\u00e1 em fase de constru\u00e7\u00e3o, mais uma conquista fruto de suas a\u00e7\u00f5es como deputado estadual. Ele destacou ainda a parceria com a universidade, que inclui a implementa\u00e7\u00e3o de uma horta comunit\u00e1ria com viveiro de mudas e a implanta\u00e7\u00e3o do curso de Medicina Veterin\u00e1ria em Gurupi.<\/p>\n\n\n\n<p>A campanha de Eduardo Fortes e Juarez Moreira continua a crescer, com a promessa de levar desenvolvimento e qualidade de vida a todos os cantos de Gurupi.<\/p>\n\n\n\n<p>Por: Ascom<br>Eduardo Fortes (PSD)<br>Candidato a prefeito de Gurupi<br>Fotos: Marcos Amorim<\/p>\n","protected":false},"excerpt":{"rendered":"<p>A campanha da coliga\u00e7\u00e3o &#8220;A For\u00e7a que Vem do Povo&#8221;, lidera a aceita\u00e7\u00e3o dos gurupienses na candidatura a prefeito de Gurupi. Os candidatos a prefeito Eduardo Fortes (55) e seu vice Juarez Moreira, que v\u00eam ganhando for\u00e7a a cada nova caminhada pelos bairros de Gurupi. No setor Jardim Sevilha, a presen\u00e7a dos candidatos foi recebida &hellip;<\/p>\n","protected":false},"author":5,"featured_media":8370,"comment_status":"open","ping_status":"open","sticky":false,"template":"","format":"standard","meta":{"footnotes":""},"categories":[1],"tags":[],"class_list":["post-8361","post","type-post","status-publish","format-standard","has-post-thumbnail","","category-sem-categoria"],"_links":{"self":[{"href":"https:\/\/focotocantinense.com.br\/index.php?rest_route=\/wp\/v2\/posts\/8361","targetHints":{"allow":["GET"]}}],"collection":[{"href":"https:\/\/focotocantinense.com.br\/index.php?rest_route=\/wp\/v2\/posts"}],"about":[{"href":"https:\/\/focotocantinense.com.br\/index.php?rest_route=\/wp\/v2\/types\/post"}],"author":[{"embeddable":true,"href":"https:\/\/focotocantinense.com.br\/index.php?rest_route=\/wp\/v2\/users\/5"}],"replies":[{"embeddable":true,"href":"https:\/\/focotocantinense.com.br\/index.php?rest_route=%2Fwp%2Fv2%2Fcomments&post=8361"}],"version-history":[{"count":1,"href":"https:\/\/focotocantinense.com.br\/index.php?rest_route=\/wp\/v2\/posts\/8361\/revisions"}],"predecessor-version":[{"id":8371,"href":"https:\/\/focotocantinense.com.br\/index.php?rest_route=\/wp\/v2\/posts\/8361\/revisions\/8371"}],"wp:featuredmedia":[{"embeddable":true,"href":"https:\/\/focotocantinense.com.br\/index.php?rest_route=\/wp\/v2\/media\/8370"}],"wp:attachment":[{"href":"https:\/\/focotocantinense.com.br\/index.php?rest_route=%2Fwp%2Fv2%2Fmedia&parent=8361"}],"wp:term":[{"taxonomy":"category","embeddable":true,"href":"https:\/\/focotocantinense.com.br\/index.php?rest_route=%2Fwp%2Fv2%2Fcategories&post=8361"},{"taxonomy":"post_tag","embeddable":true,"href":"https:\/\/focotocantinense.com.br\/index.php?rest_route=%2Fwp%2Fv2%2Ftags&post=8361"}],"curies":[{"name":"wp","href":"https:\/\/api.w.org\/{rel}","templated":true}]}}