{"id":8357,"date":"2024-08-23T09:52:57","date_gmt":"2024-08-23T12:52:57","guid":{"rendered":"https:\/\/focotocantinense.com.br\/?p=8357"},"modified":"2024-08-23T09:52:58","modified_gmt":"2024-08-23T12:52:58","slug":"governo-do-tocantins-antecipa-pagamento-dos-servidores-para-a-tarde-desta-sexta-feira-23","status":"publish","type":"post","link":"https:\/\/focotocantinense.com.br\/?p=8357","title":{"rendered":"Governo do Tocantins antecipa pagamento dos servidores para a tarde desta sexta-feira, 23"},"content":{"rendered":"\n<p><em>Pagamento dos sal\u00e1rios dos servidores estaduais vai injetar R$ 286 milh\u00f5es na economia do Estado<\/em><\/p>\n\n\n\n<p><strong><br>Governo do Tocantins<\/strong><\/p>\n\n\n\n<p>O Governo do Tocantins antecipa para esta sexta-feira, 23, o pagamento dos sal\u00e1rios do m\u00eas de agosto dos servidores p\u00fablicos estaduais. S\u00e3o R$ 286.106.531,51 injetados na economia do Estado e que estar\u00e3o dispon\u00edveis para saque no per\u00edodo da tarde.<\/p>\n\n\n\n<figure class=\"wp-block-image size-full is-resized\"><img loading=\"lazy\" decoding=\"async\" width=\"1000\" height=\"572\" src=\"https:\/\/focotocantinense.com.br\/wp-content\/uploads\/2024\/08\/1-Foto-Marcio-Vieira-Secom-TO-0001-copiar.jpg\" alt=\"\" class=\"wp-image-8358\" style=\"width:379px;height:auto\" srcset=\"https:\/\/focotocantinense.com.br\/wp-content\/uploads\/2024\/08\/1-Foto-Marcio-Vieira-Secom-TO-0001-copiar.jpg 1000w, https:\/\/focotocantinense.com.br\/wp-content\/uploads\/2024\/08\/1-Foto-Marcio-Vieira-Secom-TO-0001-copiar-300x172.jpg 300w, https:\/\/focotocantinense.com.br\/wp-content\/uploads\/2024\/08\/1-Foto-Marcio-Vieira-Secom-TO-0001-copiar-768x439.jpg 768w\" sizes=\"auto, (max-width: 1000px) 100vw, 1000px\" \/><\/figure>\n\n\n\n<p>Autorizada pelo governador Wanderlei Barbosa, a antecipa\u00e7\u00e3o do pagamento dos sal\u00e1rios refor\u00e7a, mais uma vez, o compromisso da gest\u00e3o com a valoriza\u00e7\u00e3o dos servidores p\u00fablicos estaduais.<\/p>\n\n\n\n<p><strong>Piso da enfermagem<\/strong><\/p>\n\n\n\n<p>Ainda na tarde desta sexta-feira, 23, o Governo do Tocantins far\u00e1 o repasse do piso da enfermagem. A folha complementar \u00e9 elaborada pela Secretaria de Estado da Sa\u00fade (SES-TO), em conjunto com a Secretaria de Estado da Administra\u00e7\u00e3o (Secad).<\/p>\n","protected":false},"excerpt":{"rendered":"<p>Pagamento dos sal\u00e1rios dos servidores estaduais vai injetar R$ 286 milh\u00f5es na economia do Estado Governo do Tocantins O Governo do Tocantins antecipa para esta sexta-feira, 23, o pagamento dos sal\u00e1rios do m\u00eas de agosto dos servidores p\u00fablicos estaduais. S\u00e3o R$ 286.106.531,51 injetados na economia do Estado e que estar\u00e3o dispon\u00edveis para saque no per\u00edodo &hellip;<\/p>\n","protected":false},"author":5,"featured_media":8358,"comment_status":"open","ping_status":"open","sticky":false,"template":"","format":"standard","meta":{"footnotes":""},"categories":[1],"tags":[],"class_list":["post-8357","post","type-post","status-publish","format-standard","has-post-thumbnail","","category-sem-categoria"],"_links":{"self":[{"href":"https:\/\/focotocantinense.com.br\/index.php?rest_route=\/wp\/v2\/posts\/8357","targetHints":{"allow":["GET"]}}],"collection":[{"href":"https:\/\/focotocantinense.com.br\/index.php?rest_route=\/wp\/v2\/posts"}],"about":[{"href":"https:\/\/focotocantinense.com.br\/index.php?rest_route=\/wp\/v2\/types\/post"}],"author":[{"embeddable":true,"href":"https:\/\/focotocantinense.com.br\/index.php?rest_route=\/wp\/v2\/users\/5"}],"replies":[{"embeddable":true,"href":"https:\/\/focotocantinense.com.br\/index.php?rest_route=%2Fwp%2Fv2%2Fcomments&post=8357"}],"version-history":[{"count":1,"href":"https:\/\/focotocantinense.com.br\/index.php?rest_route=\/wp\/v2\/posts\/8357\/revisions"}],"predecessor-version":[{"id":8359,"href":"https:\/\/focotocantinense.com.br\/index.php?rest_route=\/wp\/v2\/posts\/8357\/revisions\/8359"}],"wp:featuredmedia":[{"embeddable":true,"href":"https:\/\/focotocantinense.com.br\/index.php?rest_route=\/wp\/v2\/media\/8358"}],"wp:attachment":[{"href":"https:\/\/focotocantinense.com.br\/index.php?rest_route=%2Fwp%2Fv2%2Fmedia&parent=8357"}],"wp:term":[{"taxonomy":"category","embeddable":true,"href":"https:\/\/focotocantinense.com.br\/index.php?rest_route=%2Fwp%2Fv2%2Fcategories&post=8357"},{"taxonomy":"post_tag","embeddable":true,"href":"https:\/\/focotocantinense.com.br\/index.php?rest_route=%2Fwp%2Fv2%2Ftags&post=8357"}],"curies":[{"name":"wp","href":"https:\/\/api.w.org\/{rel}","templated":true}]}}