{"id":8347,"date":"2024-08-21T15:36:21","date_gmt":"2024-08-21T18:36:21","guid":{"rendered":"https:\/\/focotocantinense.com.br\/?p=8347"},"modified":"2024-08-21T15:57:47","modified_gmt":"2024-08-21T18:57:47","slug":"comite-de-cultura-no-tocantins-debate-programas-e-projetos-voltados-para-o-setor-audiovisual-no-brasil","status":"publish","type":"post","link":"https:\/\/focotocantinense.com.br\/?p=8347","title":{"rendered":"Comit\u00ea de Cultura no Tocantins debate programas e projetos voltados para o setor audiovisual no Brasil"},"content":{"rendered":"\n<p>O Comit\u00ea de Cultura no Tocantins participa dos debates sobre par\u00e2metros estrat\u00e9gicos e operacionais para os programas e projetos voltados para o setor audiovisual no Brasil. Para isso, membros do Comit\u00ea participam de uma s\u00e9rie de reuni\u00f5es neste m\u00eas de Agosto com a Secretaria do Audiovisual do Minist\u00e9rio da Cultura, em conjunto com o Conselho Superior do Cinema.<\/p>\n\n\n\n<p>No encontro da \u00faltima semana, o&nbsp;coordenador-geral do&nbsp;Comit\u00ea&nbsp;de&nbsp;Cultura&nbsp;no Tocantins, Kak\u00e1 Nogueira, participou de reuni\u00e3o online que teve a proposta de discutir a&nbsp;constru\u00e7\u00e3o do Plano de Diretrizes e Metas do Audiovisual Brasileiro, um documento de planejamento de longo prazo para a gest\u00e3o de pol\u00edticas p\u00fablicas,&nbsp;que&nbsp;orienta as pol\u00edticas audiovisuais estabelecidas pelo Minist\u00e9rio da Cultura, por meio do trabalho da Secretaria do Audiovisual (SAV) e da Ag\u00eancia Nacional do Cinema (Ancine).<\/p>\n\n\n\n<p>De acordo com o coordenador-geral, o Plano fundamenta e articula a\u00e7\u00f5es entre diferentes minist\u00e9rios, esferas de gest\u00e3o e a sociedade civil. \u201cDesde a efetiva\u00e7\u00e3o dos Comit\u00eas at\u00e9 as reuni\u00f5es de alinhamentos de trabalho e debates participativos, n\u00f3s -enquanto artistas e produtores- estamos integrados na gest\u00e3o da Cultura no Pa\u00eds. Isso porque o Governo Federal tem permitido uma participa\u00e7\u00e3o social como premissa b\u00e1sica do seu trabalho, priorizando a escuta e a constru\u00e7\u00e3o coletiva do futuro que queremos para o Brasil\u201d, relatou Kak\u00e1 Nogueira.<\/p>\n\n\n\n<p><\/p>\n\n\n\n<p><strong>Plano<\/strong><\/p>\n\n\n\n<p>O Plano de Diretrizes e Metas para o Audiovisual (2011-2020) visava ao macroplanejamento do mercado de conte\u00fados audiovisuais em seus diversos segmentos e atividades. O plano focava no planejamento do mercado de conte\u00fados audiovisuais em seus diversos segmentos e atividades, abrangendo aspectos regulat\u00f3rios, de desenvolvimento e organiza\u00e7\u00e3o dos agentes p\u00fablicos e privados, abrangendo a d\u00e9cada de 2011 a 2020, com metas para o meio (2015) e o final do per\u00edodo (2020). Devido \u00e0 pandemia de COVID-19, o plano foi estendido at\u00e9 2021. O PDM (2011-2020) prop\u00f4s a expans\u00e3o e desconcentra\u00e7\u00e3o do mercado interno como condi\u00e7\u00e3o fundamental para a universaliza\u00e7\u00e3o do acesso aos servi\u00e7os audiovisuais, com o objetivo de transformar o Brasil em um centro produtor e programador de diversos conte\u00fados. Desde 2021, o ecossistema do audiovisual brasileiro est\u00e1 sem um plano. Nesta nova gest\u00e3o, a elabora\u00e7\u00e3o do plano passa a ser responsabilidade do Conselho Superior do Cinema e da Secretaria do Audiovisual (SAV).<\/p>\n\n\n\n<p><strong>Comit\u00ea<\/strong><\/p>\n\n\n\n<p>O Comit\u00ea de Cultura no Tocantins \u00e9 coordenado pela Federa\u00e7\u00e3o Tocantinense de Artes C\u00eanicas do Tocantins (Fetac), presidida por Kak\u00e1 Nogueira, ator, produtor e coordenador geral do Comit\u00ea.&nbsp; O Comit\u00ea conta com a colabora\u00e7\u00e3o em rede da Associa\u00e7\u00e3o Gurupiense de Artes\u00e3os (AGA) e do Instituto Social e Cultural Araguaia (Isca). O Comit\u00ea do Tocantins ficou em 1\u00b0 lugar no Brasil na sele\u00e7\u00e3o realizada em 2023 pelo MinC e ter\u00e1 a\u00e7\u00f5es coordenadas pela Fetac por 24 meses.<\/p>\n\n\n\n<figure class=\"wp-block-image size-full\"><img loading=\"lazy\" decoding=\"async\" width=\"843\" height=\"251\" src=\"https:\/\/focotocantinense.com.br\/wp-content\/uploads\/2024\/08\/VINI_181_282-1-8.jpg\" alt=\"\" class=\"wp-image-8350\" srcset=\"https:\/\/focotocantinense.com.br\/wp-content\/uploads\/2024\/08\/VINI_181_282-1-8.jpg 843w, https:\/\/focotocantinense.com.br\/wp-content\/uploads\/2024\/08\/VINI_181_282-1-8-300x89.jpg 300w, https:\/\/focotocantinense.com.br\/wp-content\/uploads\/2024\/08\/VINI_181_282-1-8-768x229.jpg 768w\" sizes=\"auto, (max-width: 843px) 100vw, 843px\" \/><\/figure>\n","protected":false},"excerpt":{"rendered":"<p>O Comit\u00ea de Cultura no Tocantins participa dos debates sobre par\u00e2metros estrat\u00e9gicos e operacionais para os programas e projetos voltados para o setor audiovisual no Brasil. Para isso, membros do Comit\u00ea participam de uma s\u00e9rie de reuni\u00f5es neste m\u00eas de Agosto com a Secretaria do Audiovisual do Minist\u00e9rio da Cultura, em conjunto com o Conselho &hellip;<\/p>\n","protected":false},"author":5,"featured_media":8355,"comment_status":"open","ping_status":"open","sticky":false,"template":"","format":"standard","meta":{"footnotes":""},"categories":[104,37],"tags":[],"class_list":["post-8347","post","type-post","status-publish","format-standard","has-post-thumbnail","","category-cultura","category-palmas"],"_links":{"self":[{"href":"https:\/\/focotocantinense.com.br\/index.php?rest_route=\/wp\/v2\/posts\/8347","targetHints":{"allow":["GET"]}}],"collection":[{"href":"https:\/\/focotocantinense.com.br\/index.php?rest_route=\/wp\/v2\/posts"}],"about":[{"href":"https:\/\/focotocantinense.com.br\/index.php?rest_route=\/wp\/v2\/types\/post"}],"author":[{"embeddable":true,"href":"https:\/\/focotocantinense.com.br\/index.php?rest_route=\/wp\/v2\/users\/5"}],"replies":[{"embeddable":true,"href":"https:\/\/focotocantinense.com.br\/index.php?rest_route=%2Fwp%2Fv2%2Fcomments&post=8347"}],"version-history":[{"count":1,"href":"https:\/\/focotocantinense.com.br\/index.php?rest_route=\/wp\/v2\/posts\/8347\/revisions"}],"predecessor-version":[{"id":8351,"href":"https:\/\/focotocantinense.com.br\/index.php?rest_route=\/wp\/v2\/posts\/8347\/revisions\/8351"}],"wp:featuredmedia":[{"embeddable":true,"href":"https:\/\/focotocantinense.com.br\/index.php?rest_route=\/wp\/v2\/media\/8355"}],"wp:attachment":[{"href":"https:\/\/focotocantinense.com.br\/index.php?rest_route=%2Fwp%2Fv2%2Fmedia&parent=8347"}],"wp:term":[{"taxonomy":"category","embeddable":true,"href":"https:\/\/focotocantinense.com.br\/index.php?rest_route=%2Fwp%2Fv2%2Fcategories&post=8347"},{"taxonomy":"post_tag","embeddable":true,"href":"https:\/\/focotocantinense.com.br\/index.php?rest_route=%2Fwp%2Fv2%2Ftags&post=8347"}],"curies":[{"name":"wp","href":"https:\/\/api.w.org\/{rel}","templated":true}]}}