{"id":8337,"date":"2024-08-20T19:57:35","date_gmt":"2024-08-20T22:57:35","guid":{"rendered":"https:\/\/focotocantinense.com.br\/?p=8337"},"modified":"2024-08-20T20:02:41","modified_gmt":"2024-08-20T23:02:41","slug":"josi-nunes-cumpre-agenda-intensa-com-caminhada-e-reunioes-para-apresentar-suas-propostas-de-trabalho","status":"publish","type":"post","link":"https:\/\/focotocantinense.com.br\/?p=8337","title":{"rendered":"Josi Nunes cumpre agenda intensa com caminhada e reuni\u00f5es para apresentar suas propostas de trabalho"},"content":{"rendered":"\n<p><em>Nesta segunda-feira, 19, a prefeita de Gurupi e candidata \u00e0 reelei\u00e7\u00e3o, Josi Nunes (UB) e o candidato a vice-prefeito Adailton Fonseca (PL), cumpriram uma extensa agenda para apresentar as propostas e projetos que ser\u00e3o desenvolvidos na cidade nos pr\u00f3ximos anos. Dentre os compromissos, a agenda contou com a Caminhada do 44, desta vez na Vila Independ\u00eancia, e reuni\u00f5es com candidatos a vereador e apoiadores.<\/em><\/p>\n\n\n\n<figure class=\"wp-block-image size-large is-resized\"><img loading=\"lazy\" decoding=\"async\" width=\"1024\" height=\"682\" src=\"https:\/\/focotocantinense.com.br\/wp-content\/uploads\/2024\/08\/Caminhada-44-na-Vila-Independencia-2-1536x1023-1-1024x682.jpeg\" alt=\"\" class=\"wp-image-8338\" style=\"width:342px;height:auto\" srcset=\"https:\/\/focotocantinense.com.br\/wp-content\/uploads\/2024\/08\/Caminhada-44-na-Vila-Independencia-2-1536x1023-1-1024x682.jpeg 1024w, https:\/\/focotocantinense.com.br\/wp-content\/uploads\/2024\/08\/Caminhada-44-na-Vila-Independencia-2-1536x1023-1-300x200.jpeg 300w, https:\/\/focotocantinense.com.br\/wp-content\/uploads\/2024\/08\/Caminhada-44-na-Vila-Independencia-2-1536x1023-1-768x512.jpeg 768w, https:\/\/focotocantinense.com.br\/wp-content\/uploads\/2024\/08\/Caminhada-44-na-Vila-Independencia-2-1536x1023-1-310x205.jpeg 310w, https:\/\/focotocantinense.com.br\/wp-content\/uploads\/2024\/08\/Caminhada-44-na-Vila-Independencia-2-1536x1023-1.jpeg 1536w\" sizes=\"auto, (max-width: 1024px) 100vw, 1024px\" \/><\/figure>\n\n\n\n<p><\/p>\n\n\n\n<p>Na Vila Independ\u00eancia, Josi Nunes e Adailton Fonseca receberam o carinho e apoio da popula\u00e7\u00e3o. A prefeita reencontrou velhos amigos, como o aposentado Jo\u00e3o Pereira, de 76 anos, aposentado, que destacou que h\u00e1 30 anos vota em Josi e que continuar\u00e1 apoiando a prefeita de Gurupi, em raz\u00e3o do \u00f3timo trabalho feito por toda a popula\u00e7\u00e3o.<\/p>\n\n\n\n<p>Luzia Peres, beneficiada com o programa Vem Ver Gurupi, que disponibiliza consultas e cirurgias oftalmol\u00f3gicas, expressou sua gratid\u00e3o, afirmando que agora, ap\u00f3s passar por um procedimento cir\u00fargico nos olhos, pode ver claramente o novo asfalto que Josi trouxe para o setor.&nbsp;<em>\u201cA prefeita merece continuar, tem cuidado da gente\u201d,<\/em>&nbsp;finalizou.<\/p>\n\n\n\n<p>Quem tamb\u00e9m j\u00e1 decidiu sobre seu voto \u00e9 o morador Afonso Tavares, que conhece bem a trajet\u00f3ria de Josi e durante a caminhada pode conversar e expressar seu apoio pessoalmente \u00e0 prefeita.&nbsp;<em>\u201cEssa mulher \u00e9 honesta e, por onde passa, deixa o seu carinho com a popula\u00e7\u00e3o\u201d,<\/em>&nbsp;concluiu.<\/p>\n\n\n\n<p>A Vila Independ\u00eancia foi beneficiada com recapeamento em microrrevestimento em todo o setor, instala\u00e7\u00e3o de l\u00e2mpadas p\u00fablicas em LED, al\u00e9m de v\u00e1rias fam\u00edlias atendidas pelos programas como o Cart\u00e3o Acolhe Gurupi e cirurgias oftalmol\u00f3gicas pelo Vem Ver Gurupi, reafirmando o compromisso da gest\u00e3o de Josi Nunes com a qualidade de vida dos moradores.<\/p>\n\n\n\n<figure class=\"wp-block-image size-large\"><img loading=\"lazy\" decoding=\"async\" width=\"1024\" height=\"682\" src=\"https:\/\/focotocantinense.com.br\/wp-content\/uploads\/2024\/08\/BBBB-1-1024x682.jpeg\" alt=\"\" class=\"wp-image-8339\" srcset=\"https:\/\/focotocantinense.com.br\/wp-content\/uploads\/2024\/08\/BBBB-1-1024x682.jpeg 1024w, https:\/\/focotocantinense.com.br\/wp-content\/uploads\/2024\/08\/BBBB-1-300x200.jpeg 300w, https:\/\/focotocantinense.com.br\/wp-content\/uploads\/2024\/08\/BBBB-1-768x512.jpeg 768w, https:\/\/focotocantinense.com.br\/wp-content\/uploads\/2024\/08\/BBBB-1-310x205.jpeg 310w, https:\/\/focotocantinense.com.br\/wp-content\/uploads\/2024\/08\/BBBB-1.jpeg 1536w\" sizes=\"auto, (max-width: 1024px) 100vw, 1024px\" \/><\/figure>\n\n\n\n<p><\/p>\n\n\n\n<p><strong><em>Reuni\u00f5es<\/em><\/strong><\/p>\n\n\n\n<p>Dando continuidade \u00e0 agenda de campanha, durante a noite, o comit\u00ea do 44 foi palco de uma reuni\u00e3o com membros da Igreja Assembleia de Deus Miss\u00e3o Gurupi. O encontro reuniu l\u00edderes e fi\u00e9is da congrega\u00e7\u00e3o que apoiam Josi Nunes e Adailton Fonseca. O candidato a vereador \u00c9dson Construtor (PRD), que tamb\u00e9m \u00e9 membro da igreja, destacou a import\u00e2ncia de manter \u00e0 frente da administra\u00e7\u00e3o municipal algu\u00e9m com experi\u00eancia comprovada.&nbsp;<em>\u201cEla j\u00e1 provou que sabe o que est\u00e1 fazendo,\u201d<\/em>&nbsp;afirmou \u00c9dson.<\/p>\n\n\n\n<figure class=\"wp-block-image size-large\"><img loading=\"lazy\" decoding=\"async\" width=\"1024\" height=\"677\" src=\"https:\/\/focotocantinense.com.br\/wp-content\/uploads\/2024\/08\/CCC-1024x677.jpg\" alt=\"\" class=\"wp-image-8342\" srcset=\"https:\/\/focotocantinense.com.br\/wp-content\/uploads\/2024\/08\/CCC-1024x677.jpg 1024w, https:\/\/focotocantinense.com.br\/wp-content\/uploads\/2024\/08\/CCC-300x198.jpg 300w, https:\/\/focotocantinense.com.br\/wp-content\/uploads\/2024\/08\/CCC-768x508.jpg 768w, https:\/\/focotocantinense.com.br\/wp-content\/uploads\/2024\/08\/CCC-310x205.jpg 310w, https:\/\/focotocantinense.com.br\/wp-content\/uploads\/2024\/08\/CCC.jpg 1536w\" sizes=\"auto, (max-width: 1024px) 100vw, 1024px\" \/><\/figure>\n\n\n\n<p>Tamb\u00e9m no per\u00edodo noturno, o candidato a vereador Zezinho da Lafiche (Podemos) reuniu-se com a prefeita e com eleitores para alinhar os objetivos da campanha do 44. O encontro foi marcado por discuss\u00f5es sobre as propostas e o futuro de Gurupi sob a lideran\u00e7a da prefeita Josi Nunes.\u00a0<em>\u201cA Josi tem o melhor projeto para Gurupi, ela realmente cuida do povo com a sua humanidade\u201d,<\/em>\u00a0afirmou o vereador, demonstrando sua confian\u00e7a na continuidade da gest\u00e3o.<\/p>\n\n\n\n<figure class=\"wp-block-image size-large\"><img loading=\"lazy\" decoding=\"async\" width=\"1024\" height=\"684\" src=\"https:\/\/focotocantinense.com.br\/wp-content\/uploads\/2024\/08\/DDDDD-1024x684.jpg\" alt=\"\" class=\"wp-image-8343\" srcset=\"https:\/\/focotocantinense.com.br\/wp-content\/uploads\/2024\/08\/DDDDD-1024x684.jpg 1024w, https:\/\/focotocantinense.com.br\/wp-content\/uploads\/2024\/08\/DDDDD-300x200.jpg 300w, https:\/\/focotocantinense.com.br\/wp-content\/uploads\/2024\/08\/DDDDD-768x513.jpg 768w, https:\/\/focotocantinense.com.br\/wp-content\/uploads\/2024\/08\/DDDDD.jpg 1536w\" sizes=\"auto, (max-width: 1024px) 100vw, 1024px\" \/><\/figure>\n\n\n\n<p><\/p>\n\n\n\n<p>Fechando a segunda-feira, 19, foi realizada uma reuni\u00e3o com o candidato a vereador Glauber Rocha (Podemos), na resid\u00eancia de Louren\u00e7a Rocha, de 92 anos, uma das pioneiras da cidade. O encontro mobilizou eleitores e moradores da regi\u00e3o.<em>\u00a0\u201cReceber a Josi pra mim \u00e9 um prazer, o pai dela era muito meu amigo e n\u00f3s sempre apoiamos ele, por isso ela \u00e9 muito bem-vinda,\u201d\u00a0<\/em>afirmou.<\/p>\n\n\n\n<figure class=\"wp-block-image size-large\"><img loading=\"lazy\" decoding=\"async\" width=\"1024\" height=\"682\" src=\"https:\/\/focotocantinense.com.br\/wp-content\/uploads\/2024\/08\/EEEEE-1024x682.jpeg\" alt=\"\" class=\"wp-image-8344\" srcset=\"https:\/\/focotocantinense.com.br\/wp-content\/uploads\/2024\/08\/EEEEE-1024x682.jpeg 1024w, https:\/\/focotocantinense.com.br\/wp-content\/uploads\/2024\/08\/EEEEE-300x200.jpeg 300w, https:\/\/focotocantinense.com.br\/wp-content\/uploads\/2024\/08\/EEEEE-768x512.jpeg 768w, https:\/\/focotocantinense.com.br\/wp-content\/uploads\/2024\/08\/EEEEE-310x205.jpeg 310w, https:\/\/focotocantinense.com.br\/wp-content\/uploads\/2024\/08\/EEEEE.jpeg 1536w\" sizes=\"auto, (max-width: 1024px) 100vw, 1024px\" \/><\/figure>\n\n\n\n<figure class=\"wp-block-image size-full\"><img loading=\"lazy\" decoding=\"async\" width=\"843\" height=\"251\" src=\"https:\/\/focotocantinense.com.br\/wp-content\/uploads\/2024\/08\/VINI_181_282-1-7.jpg\" alt=\"\" class=\"wp-image-8345\" srcset=\"https:\/\/focotocantinense.com.br\/wp-content\/uploads\/2024\/08\/VINI_181_282-1-7.jpg 843w, https:\/\/focotocantinense.com.br\/wp-content\/uploads\/2024\/08\/VINI_181_282-1-7-300x89.jpg 300w, https:\/\/focotocantinense.com.br\/wp-content\/uploads\/2024\/08\/VINI_181_282-1-7-768x229.jpg 768w\" sizes=\"auto, (max-width: 843px) 100vw, 843px\" \/><\/figure>\n\n\n\n<p><\/p>\n","protected":false},"excerpt":{"rendered":"<p>Nesta segunda-feira, 19, a prefeita de Gurupi e candidata \u00e0 reelei\u00e7\u00e3o, Josi Nunes (UB) e o candidato a vice-prefeito Adailton Fonseca (PL), cumpriram uma extensa agenda para apresentar as propostas e projetos que ser\u00e3o desenvolvidos na cidade nos pr\u00f3ximos anos. Dentre os compromissos, a agenda contou com a Caminhada do 44, desta vez na Vila &hellip;<\/p>\n","protected":false},"author":5,"featured_media":8338,"comment_status":"open","ping_status":"open","sticky":false,"template":"","format":"standard","meta":{"footnotes":""},"categories":[38],"tags":[],"class_list":["post-8337","post","type-post","status-publish","format-standard","has-post-thumbnail","","category-gurupi"],"_links":{"self":[{"href":"https:\/\/focotocantinense.com.br\/index.php?rest_route=\/wp\/v2\/posts\/8337","targetHints":{"allow":["GET"]}}],"collection":[{"href":"https:\/\/focotocantinense.com.br\/index.php?rest_route=\/wp\/v2\/posts"}],"about":[{"href":"https:\/\/focotocantinense.com.br\/index.php?rest_route=\/wp\/v2\/types\/post"}],"author":[{"embeddable":true,"href":"https:\/\/focotocantinense.com.br\/index.php?rest_route=\/wp\/v2\/users\/5"}],"replies":[{"embeddable":true,"href":"https:\/\/focotocantinense.com.br\/index.php?rest_route=%2Fwp%2Fv2%2Fcomments&post=8337"}],"version-history":[{"count":2,"href":"https:\/\/focotocantinense.com.br\/index.php?rest_route=\/wp\/v2\/posts\/8337\/revisions"}],"predecessor-version":[{"id":8346,"href":"https:\/\/focotocantinense.com.br\/index.php?rest_route=\/wp\/v2\/posts\/8337\/revisions\/8346"}],"wp:featuredmedia":[{"embeddable":true,"href":"https:\/\/focotocantinense.com.br\/index.php?rest_route=\/wp\/v2\/media\/8338"}],"wp:attachment":[{"href":"https:\/\/focotocantinense.com.br\/index.php?rest_route=%2Fwp%2Fv2%2Fmedia&parent=8337"}],"wp:term":[{"taxonomy":"category","embeddable":true,"href":"https:\/\/focotocantinense.com.br\/index.php?rest_route=%2Fwp%2Fv2%2Fcategories&post=8337"},{"taxonomy":"post_tag","embeddable":true,"href":"https:\/\/focotocantinense.com.br\/index.php?rest_route=%2Fwp%2Fv2%2Ftags&post=8337"}],"curies":[{"name":"wp","href":"https:\/\/api.w.org\/{rel}","templated":true}]}}