{"id":8333,"date":"2024-08-20T19:50:56","date_gmt":"2024-08-20T22:50:56","guid":{"rendered":"https:\/\/focotocantinense.com.br\/?p=8333"},"modified":"2024-08-20T19:51:58","modified_gmt":"2024-08-20T22:51:58","slug":"rodas-de-conversa-levam-informacoes-sobre-combate-a-violencia-contra-a-mulher-as-escolas-de-gurupi","status":"publish","type":"post","link":"https:\/\/focotocantinense.com.br\/?p=8333","title":{"rendered":"Rodas de conversa levam informa\u00e7\u00f5es sobre combate \u00e0 viol\u00eancia contra a mulher \u00e0s escolas de Gurupi"},"content":{"rendered":"\n<p>A Secretaria Municipal da Mulher e Cidadania de Gurupi intensifica as a\u00e7\u00f5es educativas em refer\u00eancia \u00e0 campanha Agosto Lil\u00e1s, com o objetivo de conscientizar sobre o combate \u00e0 viol\u00eancia contra a mulher. Como parte das atividades, est\u00e3o sendo realizadas rodas de conversa que percorrem as escolas do munic\u00edpio e os Centros de Refer\u00eancia da Assist\u00eancia Social (Cras).<\/p>\n\n\n\n<p>Nesta ter\u00e7a-feira, 20 de agosto, a palestrante e diretora da Secretaria da Mulher, Nilsem Santos, conversou com alunos da Escola Municipal Ant\u00f4nio de Almeida Veras. Ainda hoje, a roda de conversa ser\u00e1 realizada na Escola Municipal Odair L\u00facio \u00e0s 19h. Na quinta-feira, 22, a a\u00e7\u00e3o ocorrer\u00e1 no Cras Alice Barbosa da Cruz \u00e0s 8h; no dia 27 de agosto, na Escola Municipal Gilberto Rezende Filho, \u00e0s 8h30; e no dia 29 de agosto, no Cras Nezinho Guida, \u00e0s 8h.<\/p>\n\n\n\n<p>A diretora Nilsem Santos destacou a import\u00e2ncia de levar informa\u00e7\u00f5es sobre os tipos de viol\u00eancia \u00e0s escolas, especialmente neste ano em que a Lei Maria da Penha comemora 18 anos. \u201cAcreditamos que as crian\u00e7as do 6\u00ba ao 9\u00ba ano est\u00e3o em uma fase crucial de forma\u00e7\u00e3o emocional e de car\u00e1ter. Esta a\u00e7\u00e3o visa educ\u00e1-las para evitar que se tornem futuros agressores. O trabalho tem mostrado grande impacto, com forte participa\u00e7\u00e3o dos alunos\u201d, ressaltou.<\/p>\n\n\n\n<figure class=\"wp-block-image size-large is-resized\"><img loading=\"lazy\" decoding=\"async\" width=\"1024\" height=\"682\" src=\"https:\/\/focotocantinense.com.br\/wp-content\/uploads\/2024\/08\/Rodas-de-conversa-levam-informacoes-sobre-combate-a-violencia-contra-a-mulher-as-escolas-de-Gurupi2-1024x682.jpeg\" alt=\"\" class=\"wp-image-8334\" style=\"width:375px;height:auto\" srcset=\"https:\/\/focotocantinense.com.br\/wp-content\/uploads\/2024\/08\/Rodas-de-conversa-levam-informacoes-sobre-combate-a-violencia-contra-a-mulher-as-escolas-de-Gurupi2-1024x682.jpeg 1024w, https:\/\/focotocantinense.com.br\/wp-content\/uploads\/2024\/08\/Rodas-de-conversa-levam-informacoes-sobre-combate-a-violencia-contra-a-mulher-as-escolas-de-Gurupi2-300x200.jpeg 300w, https:\/\/focotocantinense.com.br\/wp-content\/uploads\/2024\/08\/Rodas-de-conversa-levam-informacoes-sobre-combate-a-violencia-contra-a-mulher-as-escolas-de-Gurupi2-768x512.jpeg 768w, https:\/\/focotocantinense.com.br\/wp-content\/uploads\/2024\/08\/Rodas-de-conversa-levam-informacoes-sobre-combate-a-violencia-contra-a-mulher-as-escolas-de-Gurupi2-1536x1023.jpeg 1536w, https:\/\/focotocantinense.com.br\/wp-content\/uploads\/2024\/08\/Rodas-de-conversa-levam-informacoes-sobre-combate-a-violencia-contra-a-mulher-as-escolas-de-Gurupi2-310x205.jpeg 310w, https:\/\/focotocantinense.com.br\/wp-content\/uploads\/2024\/08\/Rodas-de-conversa-levam-informacoes-sobre-combate-a-violencia-contra-a-mulher-as-escolas-de-Gurupi2.jpeg 1600w\" sizes=\"auto, (max-width: 1024px) 100vw, 1024px\" \/><\/figure>\n\n\n\n<p><\/p>\n\n\n\n<p>A Secret\u00e1ria da Mulher e Cidadania, Cristina Donato, enfatizou a relev\u00e2ncia de iniciar o di\u00e1logo desde cedo. &#8220;A educa\u00e7\u00e3o e a informa\u00e7\u00e3o s\u00e3o ferramentas fundamentais para prevenir a viol\u00eancia. As rodas de conversa com as crian\u00e7as s\u00e3o essenciais para que possamos construir uma sociedade mais pac\u00edfica, onde nossas crian\u00e7as e jovens aprendam desde cedo o valor do respeito e da empatia, evitando assim que se tornem futuros agressores\u201d, afirmou.<\/p>\n\n\n\n<p>Essas a\u00e7\u00f5es contam com a colabora\u00e7\u00e3o da Secretaria Municipal de Educa\u00e7\u00e3o, da Secretaria de Assist\u00eancia Social, Viveiro Municipal e Sindicato da Beleza.<\/p>\n\n\n\n<p><\/p>\n\n\n\n<figure class=\"wp-block-gallery has-nested-images columns-default is-cropped wp-block-gallery-1 is-layout-flex wp-block-gallery-is-layout-flex\">\n<figure class=\"wp-block-image size-large\"><img loading=\"lazy\" decoding=\"async\" width=\"843\" height=\"251\" data-id=\"8306\" src=\"https:\/\/focotocantinense.com.br\/wp-content\/uploads\/2024\/08\/VINI_181_282-1-6.jpg\" alt=\"\" class=\"wp-image-8306\" srcset=\"https:\/\/focotocantinense.com.br\/wp-content\/uploads\/2024\/08\/VINI_181_282-1-6.jpg 843w, https:\/\/focotocantinense.com.br\/wp-content\/uploads\/2024\/08\/VINI_181_282-1-6-300x89.jpg 300w, https:\/\/focotocantinense.com.br\/wp-content\/uploads\/2024\/08\/VINI_181_282-1-6-768x229.jpg 768w\" sizes=\"auto, (max-width: 843px) 100vw, 843px\" \/><\/figure>\n<\/figure>\n","protected":false},"excerpt":{"rendered":"<p>A Secretaria Municipal da Mulher e Cidadania de Gurupi intensifica as a\u00e7\u00f5es educativas em refer\u00eancia \u00e0 campanha Agosto Lil\u00e1s, com o objetivo de conscientizar sobre o combate \u00e0 viol\u00eancia contra a mulher. Como parte das atividades, est\u00e3o sendo realizadas rodas de conversa que percorrem as escolas do munic\u00edpio e os Centros de Refer\u00eancia da Assist\u00eancia &hellip;<\/p>\n","protected":false},"author":5,"featured_media":8334,"comment_status":"open","ping_status":"open","sticky":false,"template":"","format":"standard","meta":{"footnotes":""},"categories":[38,1],"tags":[],"class_list":["post-8333","post","type-post","status-publish","format-standard","has-post-thumbnail","","category-gurupi","category-sem-categoria"],"_links":{"self":[{"href":"https:\/\/focotocantinense.com.br\/index.php?rest_route=\/wp\/v2\/posts\/8333","targetHints":{"allow":["GET"]}}],"collection":[{"href":"https:\/\/focotocantinense.com.br\/index.php?rest_route=\/wp\/v2\/posts"}],"about":[{"href":"https:\/\/focotocantinense.com.br\/index.php?rest_route=\/wp\/v2\/types\/post"}],"author":[{"embeddable":true,"href":"https:\/\/focotocantinense.com.br\/index.php?rest_route=\/wp\/v2\/users\/5"}],"replies":[{"embeddable":true,"href":"https:\/\/focotocantinense.com.br\/index.php?rest_route=%2Fwp%2Fv2%2Fcomments&post=8333"}],"version-history":[{"count":2,"href":"https:\/\/focotocantinense.com.br\/index.php?rest_route=\/wp\/v2\/posts\/8333\/revisions"}],"predecessor-version":[{"id":8336,"href":"https:\/\/focotocantinense.com.br\/index.php?rest_route=\/wp\/v2\/posts\/8333\/revisions\/8336"}],"wp:featuredmedia":[{"embeddable":true,"href":"https:\/\/focotocantinense.com.br\/index.php?rest_route=\/wp\/v2\/media\/8334"}],"wp:attachment":[{"href":"https:\/\/focotocantinense.com.br\/index.php?rest_route=%2Fwp%2Fv2%2Fmedia&parent=8333"}],"wp:term":[{"taxonomy":"category","embeddable":true,"href":"https:\/\/focotocantinense.com.br\/index.php?rest_route=%2Fwp%2Fv2%2Fcategories&post=8333"},{"taxonomy":"post_tag","embeddable":true,"href":"https:\/\/focotocantinense.com.br\/index.php?rest_route=%2Fwp%2Fv2%2Ftags&post=8333"}],"curies":[{"name":"wp","href":"https:\/\/api.w.org\/{rel}","templated":true}]}}