{"id":8328,"date":"2024-08-20T13:01:16","date_gmt":"2024-08-20T16:01:16","guid":{"rendered":"https:\/\/focotocantinense.com.br\/?p=8328"},"modified":"2024-08-20T13:01:16","modified_gmt":"2024-08-20T16:01:16","slug":"farei-no-primeiro-ano-de-mandato-o-que-a-prefeita-nao-fez-em-tres-anos-e-meio-de-mandato-declarou-eduardo-fortes","status":"publish","type":"post","link":"https:\/\/focotocantinense.com.br\/?p=8328","title":{"rendered":"\u2018Farei no primeiro ano de mandato o que a prefeita n\u00e3o fez em tr\u00eas anos e meio de mandato\u2019 declarou Eduardo Fortes"},"content":{"rendered":"\n<p>O candidato a prefeito de Gurupi, Eduardo Fortes, acompanhado de seu vice, Juarez Moreira, visitou uma \u00e1rea no setor Waldir Lins, conhecida por concentrar em torno de 20 oficinas de caminh\u00f5es. A regi\u00e3o, que \u00e9 um ponto de passagem frequente de caminhoneiros, enfrenta h\u00e1 anos o problema da poeira causada por um terreno de terr\u00e3o sem infraestrutura localizado em frente \u00e0s oficinas.<\/p>\n\n\n\n<figure class=\"wp-block-image size-large is-resized\"><img loading=\"lazy\" decoding=\"async\" width=\"1024\" height=\"683\" src=\"https:\/\/focotocantinense.com.br\/wp-content\/uploads\/2024\/08\/WhatsApp-Image-2024-08-20-at-12.02.17-1024x683.jpeg\" alt=\"\" class=\"wp-image-8329\" style=\"width:393px;height:auto\" srcset=\"https:\/\/focotocantinense.com.br\/wp-content\/uploads\/2024\/08\/WhatsApp-Image-2024-08-20-at-12.02.17-1024x683.jpeg 1024w, https:\/\/focotocantinense.com.br\/wp-content\/uploads\/2024\/08\/WhatsApp-Image-2024-08-20-at-12.02.17-300x200.jpeg 300w, https:\/\/focotocantinense.com.br\/wp-content\/uploads\/2024\/08\/WhatsApp-Image-2024-08-20-at-12.02.17-768x512.jpeg 768w, https:\/\/focotocantinense.com.br\/wp-content\/uploads\/2024\/08\/WhatsApp-Image-2024-08-20-at-12.02.17-1536x1024.jpeg 1536w, https:\/\/focotocantinense.com.br\/wp-content\/uploads\/2024\/08\/WhatsApp-Image-2024-08-20-at-12.02.17-2048x1365.jpeg 2048w\" sizes=\"auto, (max-width: 1024px) 100vw, 1024px\" \/><\/figure>\n\n\n\n<p><\/p>\n\n\n\n<p>Durante o encontro com os mec\u00e2nicos que atuam no local, Fortes ouviu as reclama\u00e7\u00f5es sobre as condi\u00e7\u00f5es prec\u00e1rias de trabalho. De acordo com os mec\u00e2nicos, a poeira levanta toda vez que um caminh\u00e3o passa, atrapalhando o servi\u00e7o e afastando os clientes.<\/p>\n\n\n\n<p>Eduardo Fortes se comprometeu a organizar a \u00e1rea caso seja eleito. &#8220;Aqui \u00e9 a entrada da cidade e precisamos valorizar essa regi\u00e3o. Em nossa gest\u00e3o, vamos transformar esse terreno em um p\u00e1tio para caminhoneiros, onde eles poder\u00e3o estacionar, dormir e descansar. Em um ano, farei muito mais do que a atual gest\u00e3o fez em tr\u00eas anos e meio. Porque dinheiro tem e \u00e9 poss\u00edvel fazer&#8221;, afirmou o candidato.<\/p>\n\n\n\n<p>O mec\u00e2nico, Itamar Pereira Gomes, que trabalha no local h\u00e1 25 anos, relatou sua hist\u00f3ria sobre o local. &#8220;Depois que o posto de combust\u00edvel foi desativado h\u00e1 cerca de 15 anos, a poeira se tornou um problema constante. Esperamos que, com a gest\u00e3o de Eduardo, esse terreno seja regularizado e possamos trabalhar com tranquilidade e respeitando nossa sa\u00fade&#8221;, desabafou.<\/p>\n\n\n\n<figure class=\"wp-block-image size-large is-resized\"><img loading=\"lazy\" decoding=\"async\" width=\"1024\" height=\"683\" src=\"https:\/\/focotocantinense.com.br\/wp-content\/uploads\/2024\/08\/WhatsApp-Image-2024-08-20-at-12.02.40-1024x683.jpeg\" alt=\"\" class=\"wp-image-8330\" style=\"width:403px;height:auto\" srcset=\"https:\/\/focotocantinense.com.br\/wp-content\/uploads\/2024\/08\/WhatsApp-Image-2024-08-20-at-12.02.40-1024x683.jpeg 1024w, https:\/\/focotocantinense.com.br\/wp-content\/uploads\/2024\/08\/WhatsApp-Image-2024-08-20-at-12.02.40-300x200.jpeg 300w, https:\/\/focotocantinense.com.br\/wp-content\/uploads\/2024\/08\/WhatsApp-Image-2024-08-20-at-12.02.40-768x512.jpeg 768w, https:\/\/focotocantinense.com.br\/wp-content\/uploads\/2024\/08\/WhatsApp-Image-2024-08-20-at-12.02.40-1536x1024.jpeg 1536w, https:\/\/focotocantinense.com.br\/wp-content\/uploads\/2024\/08\/WhatsApp-Image-2024-08-20-at-12.02.40-2048x1365.jpeg 2048w\" sizes=\"auto, (max-width: 1024px) 100vw, 1024px\" \/><\/figure>\n\n\n\n<p><\/p>\n\n\n\n<p>A promessa de Eduardo Fortes de revitalizar a \u00e1rea foi recebida com esperan\u00e7a pelos mec\u00e2nicos, que veem na iniciativa uma oportunidade de melhorar a qualidade de trabalho e a apar\u00eancia da entrada de Gurupi.<\/p>\n","protected":false},"excerpt":{"rendered":"<p>O candidato a prefeito de Gurupi, Eduardo Fortes, acompanhado de seu vice, Juarez Moreira, visitou uma \u00e1rea no setor Waldir Lins, conhecida por concentrar em torno de 20 oficinas de caminh\u00f5es. A regi\u00e3o, que \u00e9 um ponto de passagem frequente de caminhoneiros, enfrenta h\u00e1 anos o problema da poeira causada por um terreno de terr\u00e3o &hellip;<\/p>\n","protected":false},"author":5,"featured_media":8331,"comment_status":"open","ping_status":"open","sticky":false,"template":"","format":"standard","meta":{"footnotes":""},"categories":[1],"tags":[],"class_list":["post-8328","post","type-post","status-publish","format-standard","has-post-thumbnail","","category-sem-categoria"],"_links":{"self":[{"href":"https:\/\/focotocantinense.com.br\/index.php?rest_route=\/wp\/v2\/posts\/8328","targetHints":{"allow":["GET"]}}],"collection":[{"href":"https:\/\/focotocantinense.com.br\/index.php?rest_route=\/wp\/v2\/posts"}],"about":[{"href":"https:\/\/focotocantinense.com.br\/index.php?rest_route=\/wp\/v2\/types\/post"}],"author":[{"embeddable":true,"href":"https:\/\/focotocantinense.com.br\/index.php?rest_route=\/wp\/v2\/users\/5"}],"replies":[{"embeddable":true,"href":"https:\/\/focotocantinense.com.br\/index.php?rest_route=%2Fwp%2Fv2%2Fcomments&post=8328"}],"version-history":[{"count":1,"href":"https:\/\/focotocantinense.com.br\/index.php?rest_route=\/wp\/v2\/posts\/8328\/revisions"}],"predecessor-version":[{"id":8332,"href":"https:\/\/focotocantinense.com.br\/index.php?rest_route=\/wp\/v2\/posts\/8328\/revisions\/8332"}],"wp:featuredmedia":[{"embeddable":true,"href":"https:\/\/focotocantinense.com.br\/index.php?rest_route=\/wp\/v2\/media\/8331"}],"wp:attachment":[{"href":"https:\/\/focotocantinense.com.br\/index.php?rest_route=%2Fwp%2Fv2%2Fmedia&parent=8328"}],"wp:term":[{"taxonomy":"category","embeddable":true,"href":"https:\/\/focotocantinense.com.br\/index.php?rest_route=%2Fwp%2Fv2%2Fcategories&post=8328"},{"taxonomy":"post_tag","embeddable":true,"href":"https:\/\/focotocantinense.com.br\/index.php?rest_route=%2Fwp%2Fv2%2Ftags&post=8328"}],"curies":[{"name":"wp","href":"https:\/\/api.w.org\/{rel}","templated":true}]}}