{"id":8320,"date":"2024-08-19T13:41:02","date_gmt":"2024-08-19T16:41:02","guid":{"rendered":"https:\/\/focotocantinense.com.br\/?p=8320"},"modified":"2024-08-19T13:41:02","modified_gmt":"2024-08-19T16:41:02","slug":"eduardo-fortes-e-juarez-moreira-aceitam-honrado-convite-para-serem-padrinhos-da-3a-turma-do-cem-de-gurupi","status":"publish","type":"post","link":"https:\/\/focotocantinense.com.br\/?p=8320","title":{"rendered":"Eduardo Fortes e Juarez Moreira aceitam honrado convite para serem padrinhos da 3\u00aa turma do CEM de Gurupi"},"content":{"rendered":"\n<p>Durante a manh\u00e3 desta segunda-feira, 19, os candidatos a prefeito de Gurupi, Eduardo Fortes, e a vice-prefeito, Juarez Moreira, receberam uma surpresa emocionante em meio \u00e0 sua agenda pol\u00edtica. Os estudantes do 3\u00ba ano do Centro de Ensino M\u00e9dio de Gurupi (CEM) convidaram Fortes e Moreira para serem padrinhos da turma na cerim\u00f4nia de formatura deste ano.<\/p>\n\n\n\n<figure class=\"wp-block-image size-large is-resized\"><img loading=\"lazy\" decoding=\"async\" width=\"576\" height=\"1024\" src=\"https:\/\/focotocantinense.com.br\/wp-content\/uploads\/2024\/08\/WhatsApp-Image-2024-08-19-at-13.37.38-576x1024.jpeg\" alt=\"\" class=\"wp-image-8321\" style=\"width:364px;height:auto\" srcset=\"https:\/\/focotocantinense.com.br\/wp-content\/uploads\/2024\/08\/WhatsApp-Image-2024-08-19-at-13.37.38-576x1024.jpeg 576w, https:\/\/focotocantinense.com.br\/wp-content\/uploads\/2024\/08\/WhatsApp-Image-2024-08-19-at-13.37.38-169x300.jpeg 169w, https:\/\/focotocantinense.com.br\/wp-content\/uploads\/2024\/08\/WhatsApp-Image-2024-08-19-at-13.37.38-768x1365.jpeg 768w, https:\/\/focotocantinense.com.br\/wp-content\/uploads\/2024\/08\/WhatsApp-Image-2024-08-19-at-13.37.38-864x1536.jpeg 864w, https:\/\/focotocantinense.com.br\/wp-content\/uploads\/2024\/08\/WhatsApp-Image-2024-08-19-at-13.37.38-1152x2048.jpeg 1152w, https:\/\/focotocantinense.com.br\/wp-content\/uploads\/2024\/08\/WhatsApp-Image-2024-08-19-at-13.37.38-scaled.jpeg 1440w\" sizes=\"auto, (max-width: 576px) 100vw, 576px\" \/><\/figure>\n\n\n\n<p>Ao chegarem na escola, os candidatos foram recebidos com entusiasmo pelos alunos do curso de Seguran\u00e7a do Trabalho. Demonstrando admira\u00e7\u00e3o e respeito, os estudantes explicaram que a escolha de Fortes e Moreira como padrinhos foi motivada pela lideran\u00e7a e compromisso que ambos representam para Gurupi e regi\u00e3o.<\/p>\n\n\n\n<p>Eduardo Fortes expressou sua gratid\u00e3o pelo convite, afirmando: &#8220;\u00c9 uma honra indescrit\u00edvel ser escolhido como padrinho desta turma, junto com meu vice, Juarez. Esse gesto refor\u00e7a que a juventude acredita em nosso projeto para Gurupi. Estamos comprometidos em criar oportunidades para esses jovens, especialmente no mercado de trabalho, e em implantar uma Secretaria da Juventude que funcione de verdade, oferecendo o suporte necess\u00e1rio, principalmente para aqueles que est\u00e3o se preparando para entrar na universidade\u201d, afirmou.<\/p>\n\n\n\n<p>Maria Eduarda, l\u00edder da turma, explicou a escolha, dizendo: &#8220;Convidamos Eduardo e Juarez por serem exemplos de lideran\u00e7a e trabalho para n\u00f3s. Suas trajet\u00f3rias pessoais e as propostas que apresentam para o futuro de Gurupi nos inspiram a acreditar em um futuro melhor.&#8221;<\/p>\n\n\n\n<p>Visita ao com\u00e9rcio<\/p>\n\n\n\n<p>Al\u00e9m deste convite especial, a agenda de Eduardo Fortes e Juarez Moreira, na manh\u00e3 desta segunda-feira, incluiu visitas aos comerciantes locais.<\/p>\n\n\n\n<p>Os candidatos da Coliga\u00e7\u00e3o \u2018A For\u00e7a Que Vem do Povo\u2019 dedicaram tempo para conversar diretamente com os comerciantes e trabalhadores de Gurupi, reafirmando seus compromissos de campanha e ouvindo atentamente as demandas da comunidade.<\/p>\n","protected":false},"excerpt":{"rendered":"<p>Durante a manh\u00e3 desta segunda-feira, 19, os candidatos a prefeito de Gurupi, Eduardo Fortes, e a vice-prefeito, Juarez Moreira, receberam uma surpresa emocionante em meio \u00e0 sua agenda pol\u00edtica. Os estudantes do 3\u00ba ano do Centro de Ensino M\u00e9dio de Gurupi (CEM) convidaram Fortes e Moreira para serem padrinhos da turma na cerim\u00f4nia de formatura &hellip;<\/p>\n","protected":false},"author":5,"featured_media":8322,"comment_status":"open","ping_status":"open","sticky":false,"template":"","format":"standard","meta":{"footnotes":""},"categories":[1],"tags":[],"class_list":["post-8320","post","type-post","status-publish","format-standard","has-post-thumbnail","","category-sem-categoria"],"_links":{"self":[{"href":"https:\/\/focotocantinense.com.br\/index.php?rest_route=\/wp\/v2\/posts\/8320","targetHints":{"allow":["GET"]}}],"collection":[{"href":"https:\/\/focotocantinense.com.br\/index.php?rest_route=\/wp\/v2\/posts"}],"about":[{"href":"https:\/\/focotocantinense.com.br\/index.php?rest_route=\/wp\/v2\/types\/post"}],"author":[{"embeddable":true,"href":"https:\/\/focotocantinense.com.br\/index.php?rest_route=\/wp\/v2\/users\/5"}],"replies":[{"embeddable":true,"href":"https:\/\/focotocantinense.com.br\/index.php?rest_route=%2Fwp%2Fv2%2Fcomments&post=8320"}],"version-history":[{"count":1,"href":"https:\/\/focotocantinense.com.br\/index.php?rest_route=\/wp\/v2\/posts\/8320\/revisions"}],"predecessor-version":[{"id":8323,"href":"https:\/\/focotocantinense.com.br\/index.php?rest_route=\/wp\/v2\/posts\/8320\/revisions\/8323"}],"wp:featuredmedia":[{"embeddable":true,"href":"https:\/\/focotocantinense.com.br\/index.php?rest_route=\/wp\/v2\/media\/8322"}],"wp:attachment":[{"href":"https:\/\/focotocantinense.com.br\/index.php?rest_route=%2Fwp%2Fv2%2Fmedia&parent=8320"}],"wp:term":[{"taxonomy":"category","embeddable":true,"href":"https:\/\/focotocantinense.com.br\/index.php?rest_route=%2Fwp%2Fv2%2Fcategories&post=8320"},{"taxonomy":"post_tag","embeddable":true,"href":"https:\/\/focotocantinense.com.br\/index.php?rest_route=%2Fwp%2Fv2%2Ftags&post=8320"}],"curies":[{"name":"wp","href":"https:\/\/api.w.org\/{rel}","templated":true}]}}