{"id":8313,"date":"2024-08-19T11:16:50","date_gmt":"2024-08-19T14:16:50","guid":{"rendered":"https:\/\/focotocantinense.com.br\/?p=8313"},"modified":"2024-08-19T11:16:50","modified_gmt":"2024-08-19T14:16:50","slug":"igor-franca-pp-oficializa-a-sua-candidatura-a-vereador-e-destaca-que-a-camara-de-gurupi-necessita-de-mudancas","status":"publish","type":"post","link":"https:\/\/focotocantinense.com.br\/?p=8313","title":{"rendered":"Igor Fran\u00e7a (PP) oficializa a sua candidatura a vereador e destaca que a C\u00e2mara de Gurupi necessita de mudan\u00e7as"},"content":{"rendered":"\n<p><strong>GURUPI ELEI\u00c7<\/strong>\u00c3O \u2013 O jovem candidato a vereador Igor Fran\u00e7a (PP) concedeu entrevista ao Site do Jornal Foco Tocantinense e falou sobre aprova\u00e7\u00e3o de seu nome pelo TRE-TO no dia 12 de agosto para ser candidato a vereador nas elei\u00e7\u00f5es de 06 de outubro.<\/p>\n\n\n\n<figure class=\"wp-block-image size-full is-resized\"><img loading=\"lazy\" decoding=\"async\" width=\"780\" height=\"783\" src=\"https:\/\/focotocantinense.com.br\/wp-content\/uploads\/2024\/08\/IGOR-FRANCA-FOTO-RUA.jpeg\" alt=\"\" class=\"wp-image-8316\" style=\"width:348px;height:auto\" srcset=\"https:\/\/focotocantinense.com.br\/wp-content\/uploads\/2024\/08\/IGOR-FRANCA-FOTO-RUA.jpeg 780w, https:\/\/focotocantinense.com.br\/wp-content\/uploads\/2024\/08\/IGOR-FRANCA-FOTO-RUA-300x300.jpeg 300w, https:\/\/focotocantinense.com.br\/wp-content\/uploads\/2024\/08\/IGOR-FRANCA-FOTO-RUA-150x150.jpeg 150w, https:\/\/focotocantinense.com.br\/wp-content\/uploads\/2024\/08\/IGOR-FRANCA-FOTO-RUA-768x771.jpeg 768w\" sizes=\"auto, (max-width: 780px) 100vw, 780px\" \/><\/figure>\n\n\n\n<p>Igor, que \u00e9, filho do jornalista e publicit\u00e1rio Iran Fran\u00e7a, destacou que est\u00e1 preparado para ser o vereador da juventude gurupiense na C\u00e2mara Municipal de Gurupi e j\u00e1 emendou algumas propostas que pretende lutar como: nas \u00e1reas do esporte, educa\u00e7\u00e3o, jovem trabalhador PROJOVEM  al\u00e9m de melhorias nos \u00f4nibus escolares,  vai lutar para que os exames que atualmente s\u00e3o realizado em Palmas, seja feitos em Gurupi. <\/p>\n\n\n\n<p>Igor Fran\u00e7a vem se destacando como o candidato dos jovens, mas ele tamb\u00e9m mostra projetos e dedica\u00e7\u00e3o para com os idosos e tamb\u00e9m  com  os cadeirantes e portadores de defici\u00eancia e crian\u00e7as especiais. <\/p>\n\n\n\n<p>Igor Fran\u00e7a tamb\u00e9m ressalta a necessidade de renova\u00e7\u00e3o na pol\u00edtica principalmente na c\u00e2mara municipal: &#8221; visitando a comunidade percebemos as car\u00eancias e os anseios da popula\u00e7\u00e3o e com isso vemos a necessidade de uma renova\u00e7\u00e3o naquela casa, tudo isso com coragem, otimismo, responsabilidade para com a coisa publica e principalmente respeito pelo povo&#8221;. Finalizou Igor Fran\u00e7a, candidato a vereador em Gurupi.    <\/p>\n","protected":false},"excerpt":{"rendered":"<p>GURUPI ELEI\u00c7\u00c3O \u2013 O jovem candidato a vereador Igor Fran\u00e7a (PP) concedeu entrevista ao Site do Jornal Foco Tocantinense e falou sobre aprova\u00e7\u00e3o de seu nome pelo TRE-TO no dia 12 de agosto para ser candidato a vereador nas elei\u00e7\u00f5es de 06 de outubro. Igor, que \u00e9, filho do jornalista e publicit\u00e1rio Iran Fran\u00e7a, destacou &hellip;<\/p>\n","protected":false},"author":5,"featured_media":8316,"comment_status":"open","ping_status":"open","sticky":false,"template":"","format":"standard","meta":{"footnotes":""},"categories":[1],"tags":[],"class_list":["post-8313","post","type-post","status-publish","format-standard","has-post-thumbnail","","category-sem-categoria"],"_links":{"self":[{"href":"https:\/\/focotocantinense.com.br\/index.php?rest_route=\/wp\/v2\/posts\/8313","targetHints":{"allow":["GET"]}}],"collection":[{"href":"https:\/\/focotocantinense.com.br\/index.php?rest_route=\/wp\/v2\/posts"}],"about":[{"href":"https:\/\/focotocantinense.com.br\/index.php?rest_route=\/wp\/v2\/types\/post"}],"author":[{"embeddable":true,"href":"https:\/\/focotocantinense.com.br\/index.php?rest_route=\/wp\/v2\/users\/5"}],"replies":[{"embeddable":true,"href":"https:\/\/focotocantinense.com.br\/index.php?rest_route=%2Fwp%2Fv2%2Fcomments&post=8313"}],"version-history":[{"count":1,"href":"https:\/\/focotocantinense.com.br\/index.php?rest_route=\/wp\/v2\/posts\/8313\/revisions"}],"predecessor-version":[{"id":8319,"href":"https:\/\/focotocantinense.com.br\/index.php?rest_route=\/wp\/v2\/posts\/8313\/revisions\/8319"}],"wp:featuredmedia":[{"embeddable":true,"href":"https:\/\/focotocantinense.com.br\/index.php?rest_route=\/wp\/v2\/media\/8316"}],"wp:attachment":[{"href":"https:\/\/focotocantinense.com.br\/index.php?rest_route=%2Fwp%2Fv2%2Fmedia&parent=8313"}],"wp:term":[{"taxonomy":"category","embeddable":true,"href":"https:\/\/focotocantinense.com.br\/index.php?rest_route=%2Fwp%2Fv2%2Fcategories&post=8313"},{"taxonomy":"post_tag","embeddable":true,"href":"https:\/\/focotocantinense.com.br\/index.php?rest_route=%2Fwp%2Fv2%2Ftags&post=8313"}],"curies":[{"name":"wp","href":"https:\/\/api.w.org\/{rel}","templated":true}]}}