{"id":8303,"date":"2024-08-19T11:00:59","date_gmt":"2024-08-19T14:00:59","guid":{"rendered":"https:\/\/focotocantinense.com.br\/?p=8303"},"modified":"2024-08-19T11:07:25","modified_gmt":"2024-08-19T14:07:25","slug":"mais-de-800-pessoas-se-reuniram-para-abracar-o-hospital-dom-orione","status":"publish","type":"post","link":"https:\/\/focotocantinense.com.br\/?p=8303","title":{"rendered":"Mais de 800 pessoas se reuniram para \u201cabra\u00e7ar\u201d o Hospital Dom Orione"},"content":{"rendered":"\n<p><strong>Por Rodrigo Martins&nbsp;<\/strong><\/p>\n\n\n\n<p>O&nbsp;Hospital Dom Orione&nbsp;vive um grande momento celebrativo em prepara\u00e7\u00e3o ao seu Jubileu de Ouro. Este ano a institui\u00e7\u00e3o, que iniciou suas atividades na d\u00e9cada de 50, completou 48 anos de funda\u00e7\u00e3o oficial. Para dar visibilidade \u00e0s a\u00e7\u00f5es realizadas por seus mais de dois mil profissionais, o Dom Orione est\u00e1 abordando o tema:&nbsp;<em>Promo\u00e7\u00e3o da Vida<\/em>. Como um marco simb\u00f3lico de reconhecimento deste trabalho, mais de 800 pessoas se reuniram na \u00faltima sexta-feira, 16, para dar um abra\u00e7o coletivo ao redor do pr\u00e9dio do hospital.<\/p>\n\n\n\n<p>Al\u00e9m de colaboradores e m\u00e9dicos do Hospital Dom Orione, o abra\u00e7o coletivo contou com a participa\u00e7\u00e3o expressiva da sociedade, com a presen\u00e7a de institui\u00e7\u00f5es de ensino, empres\u00e1rios, comunidade religiosa, servidores p\u00fablicos e lideran\u00e7as pol\u00edticas. Padre Bruno Rodrigues, diretor presidente do hospital, destaca que essa participa\u00e7\u00e3o mostra que a institui\u00e7\u00e3o tem um valor imenso na realidade social de Aragua\u00edna.<\/p>\n\n\n\n<figure class=\"wp-block-image size-large is-resized\"><img loading=\"lazy\" decoding=\"async\" width=\"1024\" height=\"576\" src=\"https:\/\/focotocantinense.com.br\/wp-content\/uploads\/2024\/08\/01-Abraco-Coletivo-Hospital-Dom-Orione-1024x576.jpg\" alt=\"\" class=\"wp-image-8304\" style=\"width:403px;height:auto\" srcset=\"https:\/\/focotocantinense.com.br\/wp-content\/uploads\/2024\/08\/01-Abraco-Coletivo-Hospital-Dom-Orione-1024x576.jpg 1024w, https:\/\/focotocantinense.com.br\/wp-content\/uploads\/2024\/08\/01-Abraco-Coletivo-Hospital-Dom-Orione-300x169.jpg 300w, https:\/\/focotocantinense.com.br\/wp-content\/uploads\/2024\/08\/01-Abraco-Coletivo-Hospital-Dom-Orione-768x432.jpg 768w, https:\/\/focotocantinense.com.br\/wp-content\/uploads\/2024\/08\/01-Abraco-Coletivo-Hospital-Dom-Orione-1536x864.jpg 1536w, https:\/\/focotocantinense.com.br\/wp-content\/uploads\/2024\/08\/01-Abraco-Coletivo-Hospital-Dom-Orione-2048x1152.jpg 2048w\" sizes=\"auto, (max-width: 1024px) 100vw, 1024px\" \/><\/figure>\n\n\n\n<p><strong><em>Abra\u00e7o coletivo contou a participa\u00e7\u00e3o expressiva da sociedade.<\/em><\/strong><\/p>\n\n\n\n<p>\u201cAcima de tudo, \u00e9 uma institui\u00e7\u00e3o que exala a for\u00e7a amorosa de um santo, S\u00e3o Lu\u00eds Orione. Esse abra\u00e7o \u00e9 a manifesta\u00e7\u00e3o desse amor que chega a toda a popula\u00e7\u00e3o do Tocantins. Um abra\u00e7o, a partir dos nossos colaboradores, dos m\u00e9dicos que aqui atuam. Um abra\u00e7o da popula\u00e7\u00e3o de Aragua\u00edna ao nosso Hospital, um reconhecimento de valor importante que s\u00f3 nos incentiva a continuar ainda mais a nossa miss\u00e3o\u201d, comemorou, Padre Bruno.<\/p>\n\n\n\n<p>O Hospital Dom Orione \u00e9 uma entidade filantr\u00f3pica, pertencente \u00e0&nbsp;Pequena Obra da Divina Provid\u00eancia, fundada por S\u00e3o Lu\u00eds Orione, presente em mais de 30 pa\u00edses. A filantropia \u00e9 caracterizada pela oferta de&nbsp;<em>mais de 60% de seus atendimentos ao Sistema \u00danico de Sa\u00fade (SUS)<\/em>. O atendimento beneficia pacientes de todo o Tocantins, Sul e Sudeste do Par\u00e1 e Sul do Maranh\u00e3o.<\/p>\n\n\n\n<p>Por ano, s\u00e3o mais de 200 mil atendimentos realizados para pacientes SUS. Dentre as especialidades atendidas pelo SUS, destacam-se a Obstetr\u00edcia, a Neonatologia e a Cirurgia Card\u00edaca. Pelo SUS tamb\u00e9m s\u00e3o realizados outros atendimentos, como cirurgias diversas, exames e servi\u00e7os de diagn\u00f3stico e terapia.<\/p>\n\n\n\n<figure class=\"wp-block-gallery has-nested-images columns-default is-cropped wp-block-gallery-1 is-layout-flex wp-block-gallery-is-layout-flex\">\n<figure class=\"wp-block-image size-large\"><img loading=\"lazy\" decoding=\"async\" width=\"1024\" height=\"682\" data-id=\"8308\" src=\"https:\/\/focotocantinense.com.br\/wp-content\/uploads\/2024\/08\/02-Abraco-Coletivo-Hospital-Dom-Orione-1024x682.jpg\" alt=\"\" class=\"wp-image-8308\" srcset=\"https:\/\/focotocantinense.com.br\/wp-content\/uploads\/2024\/08\/02-Abraco-Coletivo-Hospital-Dom-Orione-1024x682.jpg 1024w, https:\/\/focotocantinense.com.br\/wp-content\/uploads\/2024\/08\/02-Abraco-Coletivo-Hospital-Dom-Orione-300x200.jpg 300w, https:\/\/focotocantinense.com.br\/wp-content\/uploads\/2024\/08\/02-Abraco-Coletivo-Hospital-Dom-Orione-768x512.jpg 768w, https:\/\/focotocantinense.com.br\/wp-content\/uploads\/2024\/08\/02-Abraco-Coletivo-Hospital-Dom-Orione-310x205.jpg 310w, https:\/\/focotocantinense.com.br\/wp-content\/uploads\/2024\/08\/02-Abraco-Coletivo-Hospital-Dom-Orione.jpg 1280w\" sizes=\"auto, (max-width: 1024px) 100vw, 1024px\" \/><\/figure>\n<\/figure>\n\n\n\n<p><em><strong>A\u00e7\u00e3o faz parte das comemora\u00e7\u00e3o aos 48 anos do Hospital Dom Orione.<\/strong><\/em><\/p>\n\n\n\n<figure class=\"wp-block-image size-full\"><img loading=\"lazy\" decoding=\"async\" width=\"843\" height=\"251\" src=\"https:\/\/focotocantinense.com.br\/wp-content\/uploads\/2024\/08\/VINI_181_282-1-6.jpg\" alt=\"\" class=\"wp-image-8306\" srcset=\"https:\/\/focotocantinense.com.br\/wp-content\/uploads\/2024\/08\/VINI_181_282-1-6.jpg 843w, https:\/\/focotocantinense.com.br\/wp-content\/uploads\/2024\/08\/VINI_181_282-1-6-300x89.jpg 300w, https:\/\/focotocantinense.com.br\/wp-content\/uploads\/2024\/08\/VINI_181_282-1-6-768x229.jpg 768w\" sizes=\"auto, (max-width: 843px) 100vw, 843px\" \/><\/figure>\n","protected":false},"excerpt":{"rendered":"<p>Por Rodrigo Martins&nbsp; O&nbsp;Hospital Dom Orione&nbsp;vive um grande momento celebrativo em prepara\u00e7\u00e3o ao seu Jubileu de Ouro. Este ano a institui\u00e7\u00e3o, que iniciou suas atividades na d\u00e9cada de 50, completou 48 anos de funda\u00e7\u00e3o oficial. Para dar visibilidade \u00e0s a\u00e7\u00f5es realizadas por seus mais de dois mil profissionais, o Dom Orione est\u00e1 abordando o tema:&nbsp;Promo\u00e7\u00e3o &hellip;<\/p>\n","protected":false},"author":5,"featured_media":8304,"comment_status":"open","ping_status":"open","sticky":false,"template":"","format":"standard","meta":{"footnotes":""},"categories":[97,1],"tags":[],"class_list":["post-8303","post","type-post","status-publish","format-standard","has-post-thumbnail","","category-hospital-dom-orione","category-sem-categoria"],"_links":{"self":[{"href":"https:\/\/focotocantinense.com.br\/index.php?rest_route=\/wp\/v2\/posts\/8303","targetHints":{"allow":["GET"]}}],"collection":[{"href":"https:\/\/focotocantinense.com.br\/index.php?rest_route=\/wp\/v2\/posts"}],"about":[{"href":"https:\/\/focotocantinense.com.br\/index.php?rest_route=\/wp\/v2\/types\/post"}],"author":[{"embeddable":true,"href":"https:\/\/focotocantinense.com.br\/index.php?rest_route=\/wp\/v2\/users\/5"}],"replies":[{"embeddable":true,"href":"https:\/\/focotocantinense.com.br\/index.php?rest_route=%2Fwp%2Fv2%2Fcomments&post=8303"}],"version-history":[{"count":3,"href":"https:\/\/focotocantinense.com.br\/index.php?rest_route=\/wp\/v2\/posts\/8303\/revisions"}],"predecessor-version":[{"id":8312,"href":"https:\/\/focotocantinense.com.br\/index.php?rest_route=\/wp\/v2\/posts\/8303\/revisions\/8312"}],"wp:featuredmedia":[{"embeddable":true,"href":"https:\/\/focotocantinense.com.br\/index.php?rest_route=\/wp\/v2\/media\/8304"}],"wp:attachment":[{"href":"https:\/\/focotocantinense.com.br\/index.php?rest_route=%2Fwp%2Fv2%2Fmedia&parent=8303"}],"wp:term":[{"taxonomy":"category","embeddable":true,"href":"https:\/\/focotocantinense.com.br\/index.php?rest_route=%2Fwp%2Fv2%2Fcategories&post=8303"},{"taxonomy":"post_tag","embeddable":true,"href":"https:\/\/focotocantinense.com.br\/index.php?rest_route=%2Fwp%2Fv2%2Ftags&post=8303"}],"curies":[{"name":"wp","href":"https:\/\/api.w.org\/{rel}","templated":true}]}}