{"id":8298,"date":"2024-08-19T10:50:37","date_gmt":"2024-08-19T13:50:37","guid":{"rendered":"https:\/\/focotocantinense.com.br\/?p=8298"},"modified":"2024-08-19T10:50:38","modified_gmt":"2024-08-19T13:50:38","slug":"eduardo-fortes-aplaude-decisao-do-tjto-que-restabelece-autonomia-da-unirg","status":"publish","type":"post","link":"https:\/\/focotocantinense.com.br\/?p=8298","title":{"rendered":"Eduardo Fortes aplaude decis\u00e3o do TJTO que restabelece autonomia da UnirG"},"content":{"rendered":"\n<p>O candidato a prefeito de Gurupi, Eduardo Fortes, manifestou seu apoio \u00e0 recente decis\u00e3o do Tribunal de Justi\u00e7a do Tocantins (TJTO), que anulou por unanimidade, em car\u00e1ter liminar, uma lei aprovada pela C\u00e2mara Municipal de Gurupi. A lei, que havia sido alvo de contesta\u00e7\u00e3o por parte do Sindicato dos Professores Universit\u00e1rios de Gurupi (APUG), alterava as regras para a escolha do reitor da Universidade de Gurupi (UnirG).<\/p>\n\n\n\n<p>A lei permitia que o prefeito selecionasse o reitor a partir de uma lista tr\u00edplice formada pelos tr\u00eas candidatos mais votados pela comunidade universit\u00e1ria. Ou seja, permitia que docentes que n\u00e3o foram os mais votados fossem empossados pelo chefe do executivo municipal.<\/p>\n\n\n\n<figure class=\"wp-block-image size-large is-resized\"><img loading=\"lazy\" decoding=\"async\" width=\"682\" height=\"1024\" src=\"https:\/\/focotocantinense.com.br\/wp-content\/uploads\/2024\/08\/WhatsApp-Image-2024-08-17-at-23.19.12-1-682x1024.jpeg\" alt=\"\" class=\"wp-image-8300\" style=\"width:335px;height:auto\" srcset=\"https:\/\/focotocantinense.com.br\/wp-content\/uploads\/2024\/08\/WhatsApp-Image-2024-08-17-at-23.19.12-1-682x1024.jpeg 682w, https:\/\/focotocantinense.com.br\/wp-content\/uploads\/2024\/08\/WhatsApp-Image-2024-08-17-at-23.19.12-1-200x300.jpeg 200w, https:\/\/focotocantinense.com.br\/wp-content\/uploads\/2024\/08\/WhatsApp-Image-2024-08-17-at-23.19.12-1-768x1153.jpeg 768w, https:\/\/focotocantinense.com.br\/wp-content\/uploads\/2024\/08\/WhatsApp-Image-2024-08-17-at-23.19.12-1-1023x1536.jpeg 1023w, https:\/\/focotocantinense.com.br\/wp-content\/uploads\/2024\/08\/WhatsApp-Image-2024-08-17-at-23.19.12-1.jpeg 1066w\" sizes=\"auto, (max-width: 682px) 100vw, 682px\" \/><\/figure>\n\n\n\n<p>Eduardo Fortes, sempre defensor da autonomia universit\u00e1ria, criticou a lei revogada, classificando-a como um retrocesso. \u201cEssa lei permitia que o mais votado pela comunidade universit\u00e1ria fosse ignorado, o que era um retrocesso. Antes, o reitor era escolhido com base na vontade da comunidade, o que \u00e9 fundamental para garantir a independ\u00eancia da nossa universidade,\u201d declarou Fortes.<\/p>\n\n\n\n<p>A medida cautelar concedida pelo TJTO restabelece a regra anterior, que assegura que a escolha do reitor da UnirG seja feita a partir de uma \u00fanica elei\u00e7\u00e3o onde o mais votado pela comunidade acad\u00eamica assuma o cargo de reitor. O desembargador Eur\u00edpedes Lamounier, respons\u00e1vel pela liminar, observou que a interfer\u00eancia legislativa nesta quest\u00e3o era de compet\u00eancia do executivo municipal.<\/p>\n\n\n\n<p>Compromisso com a UnirG<\/p>\n\n\n\n<p>Al\u00e9m de aplaudir a decis\u00e3o judicial, Eduardo Fortes reafirmou seu compromisso com a preserva\u00e7\u00e3o da autonomia da UnirG. Para Fortes, &#8220;a independ\u00eancia da universidade \u00e9 essencial para o desenvolvimento de Gurupi. Al\u00e9m de respeitar a independ\u00eancia da nossa universidade, vamos construir parcerias para que estudantes e professores possam atuar em \u00e1reas essenciais como sa\u00fade, educa\u00e7\u00e3o e direito, trazendo benef\u00edcios reais para Gurupi,\u201d afirmou o candidato.<\/p>\n\n\n\n<p>A decis\u00e3o do TJTO \u00e9 vista como uma vit\u00f3ria para a comunidade acad\u00eamica, que poder\u00e1 continuar a escolher seus l\u00edderes de forma democr\u00e1tica, fortalecendo a UnirG como um centro de aprendizado e liberdade.<\/p>\n\n\n\n<p>Por: Ascom<br>Eduardo Fortes (PSD)<br>Candidato a prefeito de Gurupi<\/p>\n","protected":false},"excerpt":{"rendered":"<p>O candidato a prefeito de Gurupi, Eduardo Fortes, manifestou seu apoio \u00e0 recente decis\u00e3o do Tribunal de Justi\u00e7a do Tocantins (TJTO), que anulou por unanimidade, em car\u00e1ter liminar, uma lei aprovada pela C\u00e2mara Municipal de Gurupi. A lei, que havia sido alvo de contesta\u00e7\u00e3o por parte do Sindicato dos Professores Universit\u00e1rios de Gurupi (APUG), alterava &hellip;<\/p>\n","protected":false},"author":5,"featured_media":8299,"comment_status":"open","ping_status":"open","sticky":false,"template":"","format":"standard","meta":{"footnotes":""},"categories":[1],"tags":[],"class_list":["post-8298","post","type-post","status-publish","format-standard","has-post-thumbnail","","category-sem-categoria"],"_links":{"self":[{"href":"https:\/\/focotocantinense.com.br\/index.php?rest_route=\/wp\/v2\/posts\/8298","targetHints":{"allow":["GET"]}}],"collection":[{"href":"https:\/\/focotocantinense.com.br\/index.php?rest_route=\/wp\/v2\/posts"}],"about":[{"href":"https:\/\/focotocantinense.com.br\/index.php?rest_route=\/wp\/v2\/types\/post"}],"author":[{"embeddable":true,"href":"https:\/\/focotocantinense.com.br\/index.php?rest_route=\/wp\/v2\/users\/5"}],"replies":[{"embeddable":true,"href":"https:\/\/focotocantinense.com.br\/index.php?rest_route=%2Fwp%2Fv2%2Fcomments&post=8298"}],"version-history":[{"count":1,"href":"https:\/\/focotocantinense.com.br\/index.php?rest_route=\/wp\/v2\/posts\/8298\/revisions"}],"predecessor-version":[{"id":8301,"href":"https:\/\/focotocantinense.com.br\/index.php?rest_route=\/wp\/v2\/posts\/8298\/revisions\/8301"}],"wp:featuredmedia":[{"embeddable":true,"href":"https:\/\/focotocantinense.com.br\/index.php?rest_route=\/wp\/v2\/media\/8299"}],"wp:attachment":[{"href":"https:\/\/focotocantinense.com.br\/index.php?rest_route=%2Fwp%2Fv2%2Fmedia&parent=8298"}],"wp:term":[{"taxonomy":"category","embeddable":true,"href":"https:\/\/focotocantinense.com.br\/index.php?rest_route=%2Fwp%2Fv2%2Fcategories&post=8298"},{"taxonomy":"post_tag","embeddable":true,"href":"https:\/\/focotocantinense.com.br\/index.php?rest_route=%2Fwp%2Fv2%2Ftags&post=8298"}],"curies":[{"name":"wp","href":"https:\/\/api.w.org\/{rel}","templated":true}]}}