{"id":8292,"date":"2024-08-18T15:02:47","date_gmt":"2024-08-18T18:02:47","guid":{"rendered":"https:\/\/focotocantinense.com.br\/?p=8292"},"modified":"2024-08-18T15:04:11","modified_gmt":"2024-08-18T18:04:11","slug":"em-gurupi-adesivaco-marca-inicio-da-campanha-da-prefeita-josi-nunes-e-reune-multidao","status":"publish","type":"post","link":"https:\/\/focotocantinense.com.br\/?p=8292","title":{"rendered":"Em Gurupi, adesiva\u00e7o marca in\u00edcio da campanha da prefeita Josi Nunes e re\u00fane multid\u00e3o"},"content":{"rendered":"\n<p><em>Um adesiva\u00e7o que mobilizou a popula\u00e7\u00e3o de Gurupi na noite desta sexta-feira, 16, marcou o in\u00edcio oficial da campanha \u00e0 reelei\u00e7\u00e3o da prefeita Josi Nunes (UB), ao lado do candidato a vice-prefeito Adailton Fonseca (PL), pela coliga\u00e7\u00e3o \u2018Gurupi Est\u00e1 em Boas M\u00e3os\u2019. &nbsp;O evento come\u00e7ou com uma reuni\u00e3o no comit\u00ea da campanha, onde todos os candidatos a vereador e apoiadores do 44 se reuniram para declarar a abertura oficial.<\/em><\/p>\n\n\n\n<figure class=\"wp-block-image size-large is-resized\"><img loading=\"lazy\" decoding=\"async\" width=\"1024\" height=\"682\" src=\"https:\/\/focotocantinense.com.br\/wp-content\/uploads\/2024\/08\/aaaaaaa-1024x682.jpg\" alt=\"\" class=\"wp-image-8295\" style=\"width:373px;height:auto\" srcset=\"https:\/\/focotocantinense.com.br\/wp-content\/uploads\/2024\/08\/aaaaaaa-1024x682.jpg 1024w, https:\/\/focotocantinense.com.br\/wp-content\/uploads\/2024\/08\/aaaaaaa-300x200.jpg 300w, https:\/\/focotocantinense.com.br\/wp-content\/uploads\/2024\/08\/aaaaaaa-768x511.jpg 768w, https:\/\/focotocantinense.com.br\/wp-content\/uploads\/2024\/08\/aaaaaaa-310x205.jpg 310w, https:\/\/focotocantinense.com.br\/wp-content\/uploads\/2024\/08\/aaaaaaa.jpg 1280w\" sizes=\"auto, (max-width: 1024px) 100vw, 1024px\" \/><\/figure>\n\n\n\n<p><\/p>\n\n\n\n<p>Josi Nunes e Adailton Fonseca detalharam suas propostas e reafirmaram o compromisso de continuar trabalhando pelo crescimento de Gurupi. A prefeita destacou o carinho e a dedica\u00e7\u00e3o com que conduz seu trabalho.:&nbsp;<em>\u201cN\u00f3s somos de Gurupi, aqui constru\u00edmos a nossa hist\u00f3ria e aqui vamos continuar concretizando nossos sonhos por uma cidade cada vez melhor\u201d,<\/em>&nbsp;declarou.<\/p>\n\n\n\n<p>Josi Nunes tamb\u00e9m ressaltou a import\u00e2ncia do trabalho j\u00e1 realizado e a vontade de continuar deixando sua marca na hist\u00f3ria da cidade.&nbsp;<em>\u201cAqui n\u00f3s temos trabalho prestado e agora vamos deixar a nossa marca nas p\u00e1ginas da hist\u00f3ria de Gurupi. Tenho confian\u00e7a no plano de trabalho, a cada dia aprimorado a partir das necessidades observadas e avan\u00e7o conquistado\u201d,<\/em>&nbsp;finalizou.<\/p>\n\n\n\n<figure class=\"wp-block-image size-large\"><img loading=\"lazy\" decoding=\"async\" width=\"1024\" height=\"682\" src=\"https:\/\/focotocantinense.com.br\/wp-content\/uploads\/2024\/08\/bbbb-1024x682.jpeg\" alt=\"\" class=\"wp-image-8294\" srcset=\"https:\/\/focotocantinense.com.br\/wp-content\/uploads\/2024\/08\/bbbb-1024x682.jpeg 1024w, https:\/\/focotocantinense.com.br\/wp-content\/uploads\/2024\/08\/bbbb-300x200.jpeg 300w, https:\/\/focotocantinense.com.br\/wp-content\/uploads\/2024\/08\/bbbb-768x511.jpeg 768w, https:\/\/focotocantinense.com.br\/wp-content\/uploads\/2024\/08\/bbbb-310x205.jpeg 310w, https:\/\/focotocantinense.com.br\/wp-content\/uploads\/2024\/08\/bbbb.jpeg 1280w\" sizes=\"auto, (max-width: 1024px) 100vw, 1024px\" \/><\/figure>\n\n\n\n<p><\/p>\n\n\n\n<p>Ap\u00f3s a reuni\u00e3o, Josi Nunes e Adailton Fonseca foram recepcionados pelo movimento Juventude do 44, que demonstrou seu apoio e ades\u00e3o \u00e0 campanha. O evento foi marcado por depoimentos de cidad\u00e3os que refor\u00e7aram a confian\u00e7a na atual gest\u00e3o.&nbsp;<em>\u201cA prefeita merece outra chance, fez um \u00f3timo servi\u00e7o, ainda acertou em cheio no vice, um empres\u00e1rio assim como eu\u201d,<\/em>&nbsp;declarou o empres\u00e1rio Ademir J\u00fanior Cardoso.<\/p>\n\n\n\n<p>Para o dentista Jo\u00e3o Rafael Lopes, a valoriza\u00e7\u00e3o da juventude \u00e9 um diferencial da gest\u00e3o da prefeita. \u201cCom a Josi Nunes, a juventude sempre ganhou espa\u00e7o, sem falar na \u00f3tima gest\u00e3o que tem feito. Eu estou com a prefeita Josi e apoio sua reelei\u00e7\u00e3o\u201d. J\u00e1 para a estudante universit\u00e1ria Dyennyffer Shtteffanny Santiago, o pioneirismo de Josi Nunes como a primeira prefeita mulher da hist\u00f3ria de Gurupi \u00e9 um diferencial e motivo de muito orgulho.&nbsp;<em>\u201cEla j\u00e1 fez tanto no primeiro mandato, mostrou que tem compet\u00eancia e for\u00e7a para continuar\u201d,<\/em>&nbsp;declarou.<\/p>\n\n\n\n<figure class=\"wp-block-image size-full\"><img loading=\"lazy\" decoding=\"async\" width=\"843\" height=\"251\" src=\"https:\/\/focotocantinense.com.br\/wp-content\/uploads\/2024\/08\/VINI_181_282-1-5.jpg\" alt=\"\" class=\"wp-image-8293\" srcset=\"https:\/\/focotocantinense.com.br\/wp-content\/uploads\/2024\/08\/VINI_181_282-1-5.jpg 843w, https:\/\/focotocantinense.com.br\/wp-content\/uploads\/2024\/08\/VINI_181_282-1-5-300x89.jpg 300w, https:\/\/focotocantinense.com.br\/wp-content\/uploads\/2024\/08\/VINI_181_282-1-5-768x229.jpg 768w\" sizes=\"auto, (max-width: 843px) 100vw, 843px\" \/><\/figure>\n","protected":false},"excerpt":{"rendered":"<p>Um adesiva\u00e7o que mobilizou a popula\u00e7\u00e3o de Gurupi na noite desta sexta-feira, 16, marcou o in\u00edcio oficial da campanha \u00e0 reelei\u00e7\u00e3o da prefeita Josi Nunes (UB), ao lado do candidato a vice-prefeito Adailton Fonseca (PL), pela coliga\u00e7\u00e3o \u2018Gurupi Est\u00e1 em Boas M\u00e3os\u2019. &nbsp;O evento come\u00e7ou com uma reuni\u00e3o no comit\u00ea da campanha, onde todos os &hellip;<\/p>\n","protected":false},"author":5,"featured_media":8294,"comment_status":"open","ping_status":"open","sticky":false,"template":"","format":"standard","meta":{"footnotes":""},"categories":[38,1],"tags":[],"class_list":["post-8292","post","type-post","status-publish","format-standard","has-post-thumbnail","","category-gurupi","category-sem-categoria"],"_links":{"self":[{"href":"https:\/\/focotocantinense.com.br\/index.php?rest_route=\/wp\/v2\/posts\/8292","targetHints":{"allow":["GET"]}}],"collection":[{"href":"https:\/\/focotocantinense.com.br\/index.php?rest_route=\/wp\/v2\/posts"}],"about":[{"href":"https:\/\/focotocantinense.com.br\/index.php?rest_route=\/wp\/v2\/types\/post"}],"author":[{"embeddable":true,"href":"https:\/\/focotocantinense.com.br\/index.php?rest_route=\/wp\/v2\/users\/5"}],"replies":[{"embeddable":true,"href":"https:\/\/focotocantinense.com.br\/index.php?rest_route=%2Fwp%2Fv2%2Fcomments&post=8292"}],"version-history":[{"count":2,"href":"https:\/\/focotocantinense.com.br\/index.php?rest_route=\/wp\/v2\/posts\/8292\/revisions"}],"predecessor-version":[{"id":8297,"href":"https:\/\/focotocantinense.com.br\/index.php?rest_route=\/wp\/v2\/posts\/8292\/revisions\/8297"}],"wp:featuredmedia":[{"embeddable":true,"href":"https:\/\/focotocantinense.com.br\/index.php?rest_route=\/wp\/v2\/media\/8294"}],"wp:attachment":[{"href":"https:\/\/focotocantinense.com.br\/index.php?rest_route=%2Fwp%2Fv2%2Fmedia&parent=8292"}],"wp:term":[{"taxonomy":"category","embeddable":true,"href":"https:\/\/focotocantinense.com.br\/index.php?rest_route=%2Fwp%2Fv2%2Fcategories&post=8292"},{"taxonomy":"post_tag","embeddable":true,"href":"https:\/\/focotocantinense.com.br\/index.php?rest_route=%2Fwp%2Fv2%2Ftags&post=8292"}],"curies":[{"name":"wp","href":"https:\/\/api.w.org\/{rel}","templated":true}]}}