{"id":8286,"date":"2024-08-17T10:19:42","date_gmt":"2024-08-17T13:19:42","guid":{"rendered":"https:\/\/focotocantinense.com.br\/?p=8286"},"modified":"2024-08-17T10:19:43","modified_gmt":"2024-08-17T13:19:43","slug":"morre-silvio-santos-dono-do-sbt-aos-93-anos","status":"publish","type":"post","link":"https:\/\/focotocantinense.com.br\/?p=8286","title":{"rendered":"Morre Silvio Santos, dono do SBT, aos 93 anos"},"content":{"rendered":"\n<p>Silvio Santos, um dos maiores nomes da hist\u00f3ria da TV brasileira, morreu aos 93 anos, na madrugada deste s\u00e1bado (17\/8), ap\u00f3s ser internado no Hospital Albert Einstein, em S\u00e3o Paulo.<\/p>\n\n\n\n<figure class=\"wp-block-image size-full is-resized\"><img loading=\"lazy\" decoding=\"async\" width=\"984\" height=\"453\" src=\"https:\/\/focotocantinense.com.br\/wp-content\/uploads\/2024\/08\/silvio-lourival-ribeiro-sbt2.avif\" alt=\"\" class=\"wp-image-8287\" style=\"width:353px;height:auto\"\/><\/figure>\n\n\n\n<p>O empres\u00e1rio e apresentador Silvio Santos morreu aos 93 anos neste s\u00e1bado (17). A informa\u00e7\u00e3o foi confirmada pelo SBT nas redes sociais. Silvio estava internado em um hospital particular na capital desde o in\u00edcio do m\u00eas.<\/p>\n\n\n\n<p>O apresentador foi um dos maiores nomes da televis\u00e3o brasileira, em especial \u00e0 frente do Programa Silvio Santos, que comandava desde 1963, e do Sistema Brasileiro de Televis\u00e3o, o SBT, que entrou no ar em 1981.<\/p>\n\n\n\n<p>Em 18 de julho de 2024, o comunicador foi internado no Hospital Albert Einstein, na capital paulista, para se recuperar de H1N1. Teve alta dois dias depois. Em 1\u00ba de agosto do mesmo ano, voltou a ser hospitalizado, segundo a assessoria de imprensa da emissora, para passar por exames de imagem.<\/p>\n\n\n\n<p>Silvio Santos nasceu com o nome de batismo Senor Abravanel, em 12 de dezembro de 1930, no bairro da Lapa, no Rio de Janeiro. Seus pais, Alberto e Rebeca, eram imigrantes de origem judia, e ele foi o mais velho de cinco irm\u00e3os.<\/p>\n\n\n\n<figure class=\"wp-block-image size-full is-resized\"><img loading=\"lazy\" decoding=\"async\" width=\"400\" height=\"600\" src=\"https:\/\/focotocantinense.com.br\/wp-content\/uploads\/2024\/08\/silvio-santos.webp\" alt=\"\" class=\"wp-image-8288\" style=\"width:356px;height:auto\" srcset=\"https:\/\/focotocantinense.com.br\/wp-content\/uploads\/2024\/08\/silvio-santos.webp 400w, https:\/\/focotocantinense.com.br\/wp-content\/uploads\/2024\/08\/silvio-santos-200x300.webp 200w\" sizes=\"auto, (max-width: 400px) 100vw, 400px\" \/><\/figure>\n\n\n\n<p>Estudou contabilidade e, no tempo livre, trabalhava como camel\u00f4 nas ruas do Rio de Janeiro, vendendo canetas e capas de pl\u00e1stico para t\u00edtulos de eleitor nas elei\u00e7\u00f5es de 1946. Na mesma \u00e9poca, come\u00e7ou a fazer pequenos trabalhos de locu\u00e7\u00e3o de r\u00e1dio.<\/p>\n\n\n\n<p>Aos 18 anos, em 1948, serviu o Ex\u00e9rcito na Escola de Paraquedistas. Aos domingos, trabalhava para uma r\u00e1dio no Rio. Ap\u00f3s sair do ex\u00e9rcito, continuou como locutor, entre outros trabalhos, como a venda de an\u00fancios em caixa de som na barca Rio-Niter\u00f3i.<\/p>\n\n\n\n<p>Em 1954, Silvio assinou o primeiro contrato fixo como locutor, na R\u00e1dio Nacional de S\u00e3o Paulo. Depois, foi chamado pelo empres\u00e1rio Manuel de N\u00f3brega para ser animador de seu programa na R\u00e1dio Nacional.<\/p>\n\n\n\n<p>Ele assumiu em 1958 a empresa Ba\u00fa da Felicidade, que era antes de Manuel de N\u00f3brega. No ano seguinte, passou a fazer shows em circos para vender os carn\u00eas da empresa.<\/p>\n\n\n\n<p>No mesmo ano, no dia 7 de fevereiro, ele estreou seu primeiro programa televisivo, o \u201cHit Parade\u201d, na TV Paulista.<\/p>\n\n\n\n<p>Em 1962, passou a ser apresentador do \u201cVamos brincar de forca\u201d, na TV Paulista (canal 5, que no ano seguinte foi comprado pela TV Globo). Em seguida, come\u00e7ou a ser exibido o seu Programa Silvio Santos, na TV Globo.<\/p>\n\n\n\n<figure class=\"wp-block-image size-full is-resized\"><img loading=\"lazy\" decoding=\"async\" width=\"700\" height=\"400\" src=\"https:\/\/focotocantinense.com.br\/wp-content\/uploads\/2024\/08\/silvio-santos-Q.jpg\" alt=\"\" class=\"wp-image-8289\" style=\"width:841px;height:auto\" srcset=\"https:\/\/focotocantinense.com.br\/wp-content\/uploads\/2024\/08\/silvio-santos-Q.jpg 700w, https:\/\/focotocantinense.com.br\/wp-content\/uploads\/2024\/08\/silvio-santos-Q-300x171.jpg 300w\" sizes=\"auto, (max-width: 700px) 100vw, 700px\" \/><\/figure>\n\n\n\n<p>Em 1965, ele passou a ser apresentador tamb\u00e9m na TV Tupi. Os programas tiveram v\u00e1rios nomes: \u201cFesta dos Sinos&#8221;, &#8220;Sua Majestade: o Ibope&#8221;, &#8220;Cidade contra Cidade&#8221; e &#8220;Silvio Santos Diferente&#8221;.<\/p>\n\n\n\n<p>Em 1975 ele venceu a concorr\u00eancia para adquirir o Canal 11, do Rio de Janeiro, e no ano seguinte, inaugurou a TVS. Em 1976, ele saiu da TV Globo. Seu programa passou a ser transmitido nas TVs Tupi e TVS do Rio.<\/p>\n\n\n\n<p>Silvio ganhou outras concess\u00f5es e, em 1981, entrou no ar o SBT, uma das v\u00e1rias empresas do seu grupo, onde o Programa Silvio Santos viraria a principal atra\u00e7\u00e3o, com quadros inesquec\u00edveis como \u201cDomingo no parque\u201d, \u201cQual \u00e9 a m\u00fasica\u201d, \u201cShow de calouros\u201d e \u201cPorta da esperan\u00e7a\u201d.<\/p>\n\n\n\n<p>A capacidade de segurar o p\u00fablico no programa de variedades que chegou a durar mais de dez horas, o dom\u00ednio da plateia e da audi\u00eancia com bord\u00f5es como \u201cVem pra c\u00e1, vem pra c\u00e1\u201d e \u201cQuem quer dinheiro?\u201d atestavam o carisma do apresentador.<\/p>\n\n\n\n<p>Silvio tamb\u00e9m fez sucesso cantando marchinhas de carnaval, como \u201cCora\u00e7\u00e3o Corintiano\u201d e \u201cA pipa do vov\u00f4\u201d, registradas em \u00e1lbuns entre os anos 70 e 90.<\/p>\n\n\n\n<p>Em 1989, Silvio Santos anunciou que seria candidato a Presidente do Brasil duas semanas antes do primeiro turno da elei\u00e7\u00e3o, mas a candidatura foi indeferida pelo TSE uma semana depois.<\/p>\n\n\n\n<p>Em fevereiro 2001, Silvio Santos foi homenageado no Carnaval do Rio pela escola de samba Tradi\u00e7\u00e3o.<\/p>\n\n\n\n<p>Em agosto do mesmo ano, sua filha Patr\u00edcia foi sequestrada por sete dias. Depois que ela foi solta, o sequestrador invadiu a casa de Silvio em S\u00e3o Paulo e o fez como ref\u00e9m por sete horas. O governador de SP na \u00e9poca, Geraldo Alckmin, foi at\u00e9 o local, conversou com o sequestrador, e ele se entregou.<\/p>\n\n\n\n<p>Em 2010, foi descoberto um rombo bilion\u00e1rio em uma das empresas do Grupo Silvio Santos, o Banco Panamericano &#8211; mais tarde, em 2018 sete ex-diretores foram condenados pela fraude. Em 2011, S\u00edlvio Santos vendeu o Panamericano para o BTG Pactual.<\/p>\n\n\n\n<p>Em dezembro de 2020, Silvio Santos comemorou 90 anos sem celebra\u00e7\u00f5es p\u00fablicas, isolado por conta da pandemia, ao lado das filhas.<\/p>\n\n\n\n<p>No dia 1\u00ba agosto de 2021, j\u00e1 vacinado com duas doses, Silvio voltou a apresentar seu programa pela primeira vez desde 2019.<\/p>\n\n\n\n<figure class=\"wp-block-image size-large\"><img loading=\"lazy\" decoding=\"async\" width=\"1024\" height=\"490\" src=\"https:\/\/focotocantinense.com.br\/wp-content\/uploads\/2024\/08\/Silvio90-1140x545-1-1024x490.jpg\" alt=\"\" class=\"wp-image-8290\" srcset=\"https:\/\/focotocantinense.com.br\/wp-content\/uploads\/2024\/08\/Silvio90-1140x545-1-1024x490.jpg 1024w, https:\/\/focotocantinense.com.br\/wp-content\/uploads\/2024\/08\/Silvio90-1140x545-1-300x143.jpg 300w, https:\/\/focotocantinense.com.br\/wp-content\/uploads\/2024\/08\/Silvio90-1140x545-1-768x367.jpg 768w, https:\/\/focotocantinense.com.br\/wp-content\/uploads\/2024\/08\/Silvio90-1140x545-1.jpg 1140w\" sizes=\"auto, (max-width: 1024px) 100vw, 1024px\" \/><\/figure>\n\n\n\n<p>Semanas depois deste retorno, ele contraiu Covid-19 e foi internado. Ele se recuperou e voltou a gravar o seu programa, mas n\u00e3o no ritmo de antes.<\/p>\n\n\n\n<p>Ao som da m\u00fasica de abertura, \u201cS\u00edlvio Santos vem a\u00ed\u201d, ele entrou alegre e dizendo \u201cPara tudo, j\u00e1 estou aqui. J\u00e1 cheguei!&#8221;. Foi a primeira brincadeira de muitas para divertir o p\u00fablico no seu \u00faltimo programa.<\/p>\n\n\n\n<p>Silvio Santos deixa a vi\u00fava \u00cdris Abravanel, com quem era casado desde 1978 e teve as filhas Daniela Patr\u00edcia, Rebeca e Renata. Tamb\u00e9m deixa as filhas C\u00edntia e Silvia, do primeiro casamento, com Cidinha, que morreu em 1977.<\/p>\n","protected":false},"excerpt":{"rendered":"<p>Silvio Santos, um dos maiores nomes da hist\u00f3ria da TV brasileira, morreu aos 93 anos, na madrugada deste s\u00e1bado (17\/8), ap\u00f3s ser internado no Hospital Albert Einstein, em S\u00e3o Paulo. O empres\u00e1rio e apresentador Silvio Santos morreu aos 93 anos neste s\u00e1bado (17). A informa\u00e7\u00e3o foi confirmada pelo SBT nas redes sociais. Silvio estava internado &hellip;<\/p>\n","protected":false},"author":5,"featured_media":8287,"comment_status":"open","ping_status":"open","sticky":false,"template":"","format":"standard","meta":{"footnotes":""},"categories":[1],"tags":[],"class_list":["post-8286","post","type-post","status-publish","format-standard","has-post-thumbnail","","category-sem-categoria"],"_links":{"self":[{"href":"https:\/\/focotocantinense.com.br\/index.php?rest_route=\/wp\/v2\/posts\/8286","targetHints":{"allow":["GET"]}}],"collection":[{"href":"https:\/\/focotocantinense.com.br\/index.php?rest_route=\/wp\/v2\/posts"}],"about":[{"href":"https:\/\/focotocantinense.com.br\/index.php?rest_route=\/wp\/v2\/types\/post"}],"author":[{"embeddable":true,"href":"https:\/\/focotocantinense.com.br\/index.php?rest_route=\/wp\/v2\/users\/5"}],"replies":[{"embeddable":true,"href":"https:\/\/focotocantinense.com.br\/index.php?rest_route=%2Fwp%2Fv2%2Fcomments&post=8286"}],"version-history":[{"count":1,"href":"https:\/\/focotocantinense.com.br\/index.php?rest_route=\/wp\/v2\/posts\/8286\/revisions"}],"predecessor-version":[{"id":8291,"href":"https:\/\/focotocantinense.com.br\/index.php?rest_route=\/wp\/v2\/posts\/8286\/revisions\/8291"}],"wp:featuredmedia":[{"embeddable":true,"href":"https:\/\/focotocantinense.com.br\/index.php?rest_route=\/wp\/v2\/media\/8287"}],"wp:attachment":[{"href":"https:\/\/focotocantinense.com.br\/index.php?rest_route=%2Fwp%2Fv2%2Fmedia&parent=8286"}],"wp:term":[{"taxonomy":"category","embeddable":true,"href":"https:\/\/focotocantinense.com.br\/index.php?rest_route=%2Fwp%2Fv2%2Fcategories&post=8286"},{"taxonomy":"post_tag","embeddable":true,"href":"https:\/\/focotocantinense.com.br\/index.php?rest_route=%2Fwp%2Fv2%2Ftags&post=8286"}],"curies":[{"name":"wp","href":"https:\/\/api.w.org\/{rel}","templated":true}]}}