{"id":8278,"date":"2024-08-16T19:40:58","date_gmt":"2024-08-16T22:40:58","guid":{"rendered":"https:\/\/focotocantinense.com.br\/?p=8278"},"modified":"2024-08-16T19:44:30","modified_gmt":"2024-08-16T22:44:30","slug":"comunicador-rogerio-rodrigues-e-homenageado-na-camara-municipal-com-titulo-de-cidadao-gurupiense","status":"publish","type":"post","link":"https:\/\/focotocantinense.com.br\/?p=8278","title":{"rendered":"Comunicador Rogerio Rodrigues \u00e9 homenageado na C\u00e2mara Municipal com T\u00edtulo de Cidad\u00e3o Gurupiense"},"content":{"rendered":"\n<p>Como forma de homenagear os servi\u00e7os prestados para a popula\u00e7\u00e3o do Tocantins, no \u00e2mbito da comunica\u00e7\u00e3o social, o comunicador e diretor do Portal RR10 Not\u00edcias, Rogerio Rodrigues, foi homenageado com o t\u00edtulo de Cidad\u00e3o Guripiense em uma cerim\u00f4nia realizada na C\u00e2mara de Vereadores de Gurupi.<\/p>\n\n\n\n<p>A cerim\u00f4nia ocorreu nesta quarta-feira, 14, e o t\u00edtulo foi proposto pelo vereador Matheus Monteiro, que enalteceu a dedica\u00e7\u00e3o de Rog\u00e9rio ao longo dos anos em prol da comunica\u00e7\u00e3o.<\/p>\n\n\n\n<p><\/p>\n\n\n\n<p><\/p>\n\n\n\n<figure class=\"wp-block-image size-large is-resized\"><img loading=\"lazy\" decoding=\"async\" width=\"1024\" height=\"682\" src=\"https:\/\/focotocantinense.com.br\/wp-content\/uploads\/2024\/08\/bbbb-1024x682.jpg\" alt=\"\" class=\"wp-image-8280\" style=\"width:354px;height:auto\" srcset=\"https:\/\/focotocantinense.com.br\/wp-content\/uploads\/2024\/08\/bbbb-1024x682.jpg 1024w, https:\/\/focotocantinense.com.br\/wp-content\/uploads\/2024\/08\/bbbb-300x200.jpg 300w, https:\/\/focotocantinense.com.br\/wp-content\/uploads\/2024\/08\/bbbb-768x512.jpg 768w, https:\/\/focotocantinense.com.br\/wp-content\/uploads\/2024\/08\/bbbb-310x205.jpg 310w, https:\/\/focotocantinense.com.br\/wp-content\/uploads\/2024\/08\/bbbb.jpg 1536w\" sizes=\"auto, (max-width: 1024px) 100vw, 1024px\" \/><\/figure>\n\n\n\n<h3 class=\"wp-block-heading\"><em>A homenagem foi de autoria do vereador Matheus Monteiro<\/em><\/h3>\n\n\n\n<p>O vereador Matheus Monteiro destacou a trajet\u00f3ria de Rogerio Rodrigues no r\u00e1dio, na TV, e mais recentemente, \u00e0 frente de seu site e canal de informa\u00e7\u00f5es, al\u00e9m de atuar na comunica\u00e7\u00e3o esportiva do Estado.<\/p>\n\n\n\n<p>Acompanhado de sua fam\u00edlia, Rogerio Rodrigues expressou sua gratid\u00e3o pelo reconhecimento da C\u00e2mara de Vereadores, relembrando sua jornada desde a chegada em Gurupi. Ele fez quest\u00e3o de ressaltar o apoio que recebeu ao longo de sua trajet\u00f3ria, o que lhe permitiu desenvolver seu trabalho com amor e dedica\u00e7\u00e3o. \u201cA palavra que tenho \u00e9 gratid\u00e3o, \u00e0 Deus, \u00e0 fam\u00edlia Maanaim, aos familiares e amigos. Hoje me sinto verdadeiramente um gurupiense, amo esta cidade onde pude construir minha fam\u00edlia, amizades e trabalhar com o que mais amo: a comunica\u00e7\u00e3o\u201d, afirmou Rogerio.<\/p>\n\n\n\n<figure class=\"wp-block-image size-large\"><img loading=\"lazy\" decoding=\"async\" width=\"1024\" height=\"682\" src=\"https:\/\/focotocantinense.com.br\/wp-content\/uploads\/2024\/08\/aaaaa-1024x682.jpg\" alt=\"\" class=\"wp-image-8284\" srcset=\"https:\/\/focotocantinense.com.br\/wp-content\/uploads\/2024\/08\/aaaaa-1024x682.jpg 1024w, https:\/\/focotocantinense.com.br\/wp-content\/uploads\/2024\/08\/aaaaa-300x200.jpg 300w, https:\/\/focotocantinense.com.br\/wp-content\/uploads\/2024\/08\/aaaaa-768x512.jpg 768w, https:\/\/focotocantinense.com.br\/wp-content\/uploads\/2024\/08\/aaaaa-1536x1023.jpg 1536w, https:\/\/focotocantinense.com.br\/wp-content\/uploads\/2024\/08\/aaaaa-310x205.jpg 310w, https:\/\/focotocantinense.com.br\/wp-content\/uploads\/2024\/08\/aaaaa.jpg 1600w\" sizes=\"auto, (max-width: 1024px) 100vw, 1024px\" \/><\/figure>\n\n\n\n<h2 class=\"wp-block-heading\">Rogerio Rodrigues<\/h2>\n\n\n\n<p>Rogerio Rodrigues Avelino, natural de Porto Nacional, \u00e9 filho de Martiliano Avelino Dias, conhecido como Martins da Garapa (in memoriam) e Gerc\u00edlia Rodrigues Pereira Dias e tem cinco irm\u00e3os. \u00c9 casado h\u00e1 13 anos com Raylaine de Sousa Rodrigues, com quem tem dois filhos, Rayson Rodrigues de Sousa Avelino e Roger Rodrigues de Sousa Avelino.<\/p>\n\n\n\n<p>Em 2004, influenciado pelo pai, Rogerio iniciou sua carreira na R\u00e1dio Comunit\u00e1ria Porto Real FM. Tr\u00eas anos depois, ele se transferiu para a R\u00e1dio Tocantins AM. Em 2007, mudou-se para Gurupi para cursar Jornalismo na Universidade de Gurupi \u2013 UnirG. Logo que chegou a Gurupi, come\u00e7ou a estagiar na Sil TV, desempenhando fun\u00e7\u00f5es como operador comercial, cinegrafista, editor e rep\u00f3rter, al\u00e9m de apresentar o programa esportivo da emissora de 2008 a 2011.<\/p>\n\n\n\n<p>Rogerio trabalhou no SBT de 2011 a 2016 e, durante esse per\u00edodo, tamb\u00e9m atuou como narrador esportivo na r\u00e1dio Nova FM de 2011 a 2014. Ap\u00f3s sua sa\u00edda do SBT, passou a prestar servi\u00e7os de assessoria de imprensa para v\u00e1rios munic\u00edpios do Tocantins.<\/p>\n\n\n\n<p>Desde 2005, Rog\u00e9rio acompanha o futebol profissional. Em 2010 passou a integrar a equipe de comunica\u00e7\u00e3o da LETA (liga esportiva Tocantins Araguaia) e do Gurupi Esporte Clube.<\/p>\n\n\n\n<p>Em 2020, durante a pandemia, pioneiramente, transmitiu por imagens o campeonato Tocantinense d<\/p>\n\n\n\n<p>a S\u00e9rie B pelo YouTube, atrav\u00e9s do canal RR10, criado em 2010.<\/p>\n\n\n\n<p>Em 2021, Rogerio lan\u00e7ou o portal RR10 Not\u00edcias, um site de variedades e pol\u00edtica. Em 2022 se destacou pela cobertura das elei\u00e7\u00f5es, tornando-se uma das fontes de not\u00edcias mais acessadas do estado e frequentemente citada por pol\u00edticos e outros ve\u00edculos.<\/p>\n\n\n\n<p>Com 20 anos de experi\u00eancia na Comunica\u00e7\u00e3o, Rogerio acumulou fun\u00e7\u00f5es como rep\u00f3rter, locutor esportivo, editor e cinegrafista. Atualmente, ele possui o canal no YouTube RR10 Tocantins, com mais de 11 mil inscritos, um perfil no Instagram com mais de 14 mil seguidores e gerencia a RR10 Filmes e uma produtora de transmiss\u00e3o esportiva e eventos.<\/p>\n\n\n\n<figure class=\"wp-block-image size-full\"><img loading=\"lazy\" decoding=\"async\" width=\"843\" height=\"251\" src=\"https:\/\/focotocantinense.com.br\/wp-content\/uploads\/2024\/08\/VINI_181_282-1-4.jpg\" alt=\"\" class=\"wp-image-8279\" srcset=\"https:\/\/focotocantinense.com.br\/wp-content\/uploads\/2024\/08\/VINI_181_282-1-4.jpg 843w, https:\/\/focotocantinense.com.br\/wp-content\/uploads\/2024\/08\/VINI_181_282-1-4-300x89.jpg 300w, https:\/\/focotocantinense.com.br\/wp-content\/uploads\/2024\/08\/VINI_181_282-1-4-768x229.jpg 768w\" sizes=\"auto, (max-width: 843px) 100vw, 843px\" \/><\/figure>\n","protected":false},"excerpt":{"rendered":"<p>Como forma de homenagear os servi\u00e7os prestados para a popula\u00e7\u00e3o do Tocantins, no \u00e2mbito da comunica\u00e7\u00e3o social, o comunicador e diretor do Portal RR10 Not\u00edcias, Rogerio Rodrigues, foi homenageado com o t\u00edtulo de Cidad\u00e3o Guripiense em uma cerim\u00f4nia realizada na C\u00e2mara de Vereadores de Gurupi. A cerim\u00f4nia ocorreu nesta quarta-feira, 14, e o t\u00edtulo foi &hellip;<\/p>\n","protected":false},"author":5,"featured_media":8284,"comment_status":"open","ping_status":"open","sticky":false,"template":"","format":"standard","meta":{"footnotes":""},"categories":[1],"tags":[],"class_list":["post-8278","post","type-post","status-publish","format-standard","has-post-thumbnail","","category-sem-categoria"],"_links":{"self":[{"href":"https:\/\/focotocantinense.com.br\/index.php?rest_route=\/wp\/v2\/posts\/8278","targetHints":{"allow":["GET"]}}],"collection":[{"href":"https:\/\/focotocantinense.com.br\/index.php?rest_route=\/wp\/v2\/posts"}],"about":[{"href":"https:\/\/focotocantinense.com.br\/index.php?rest_route=\/wp\/v2\/types\/post"}],"author":[{"embeddable":true,"href":"https:\/\/focotocantinense.com.br\/index.php?rest_route=\/wp\/v2\/users\/5"}],"replies":[{"embeddable":true,"href":"https:\/\/focotocantinense.com.br\/index.php?rest_route=%2Fwp%2Fv2%2Fcomments&post=8278"}],"version-history":[{"count":4,"href":"https:\/\/focotocantinense.com.br\/index.php?rest_route=\/wp\/v2\/posts\/8278\/revisions"}],"predecessor-version":[{"id":8285,"href":"https:\/\/focotocantinense.com.br\/index.php?rest_route=\/wp\/v2\/posts\/8278\/revisions\/8285"}],"wp:featuredmedia":[{"embeddable":true,"href":"https:\/\/focotocantinense.com.br\/index.php?rest_route=\/wp\/v2\/media\/8284"}],"wp:attachment":[{"href":"https:\/\/focotocantinense.com.br\/index.php?rest_route=%2Fwp%2Fv2%2Fmedia&parent=8278"}],"wp:term":[{"taxonomy":"category","embeddable":true,"href":"https:\/\/focotocantinense.com.br\/index.php?rest_route=%2Fwp%2Fv2%2Fcategories&post=8278"},{"taxonomy":"post_tag","embeddable":true,"href":"https:\/\/focotocantinense.com.br\/index.php?rest_route=%2Fwp%2Fv2%2Ftags&post=8278"}],"curies":[{"name":"wp","href":"https:\/\/api.w.org\/{rel}","templated":true}]}}