{"id":8266,"date":"2024-08-15T08:57:59","date_gmt":"2024-08-15T11:57:59","guid":{"rendered":"https:\/\/focotocantinense.com.br\/?p=8266"},"modified":"2024-08-15T09:10:09","modified_gmt":"2024-08-15T12:10:09","slug":"pesquisa-em-pugmil-aponta-angelo-mario-com-678-das-intencoes-de-voto-dayane-do-vale-tem-27","status":"publish","type":"post","link":"https:\/\/focotocantinense.com.br\/?p=8266","title":{"rendered":"Pesquisa em Pugmil aponta \u00c2ngelo M\u00e1rio com 67,8% das inten\u00e7\u00f5es de voto; Dayane do Vale tem 27%"},"content":{"rendered":"\n<p><\/p>\n\n\n\n<p><strong><em>Na corrida sucess\u00f3ria de Pugmil, o vice-prefeito e pr\u00e9-candidato do UNI\u00c3O BRASIL, aparece na lideran\u00e7a das inten\u00e7\u00f5es de voto para as elei\u00e7\u00f5es de 2024, conforme pesquisa realizada pelo INSTITUTO SETA DE PESQUISA e divulgada nesta quarta-feira (14 de agosto).<\/em><\/strong><\/p>\n\n\n\n<figure class=\"wp-block-image size-full\"><img loading=\"lazy\" decoding=\"async\" width=\"368\" height=\"425\" src=\"https:\/\/focotocantinense.com.br\/wp-content\/uploads\/2024\/08\/aaaaaaaaaaaaaaaaa.jpg\" alt=\"\" class=\"wp-image-8267\" srcset=\"https:\/\/focotocantinense.com.br\/wp-content\/uploads\/2024\/08\/aaaaaaaaaaaaaaaaa.jpg 368w, https:\/\/focotocantinense.com.br\/wp-content\/uploads\/2024\/08\/aaaaaaaaaaaaaaaaa-260x300.jpg 260w\" sizes=\"auto, (max-width: 368px) 100vw, 368px\" \/><\/figure>\n\n\n\n<p><\/p>\n\n\n\n<p>De acordo com o levantamento, se as elei\u00e7\u00f5es fossem hoje, no cen\u00e1rio estimulado o atual vice-prefeito \u00c2ngelo M\u00e1rio (Uni\u00e3o Brasil) seria eleito com 67,8% dos votos, contra 27% da atual vereadora Dayane do Vale (DC). N\u00e3o sabem ou n\u00e3o responderam 5,2%.<\/p>\n\n\n\n<p>Na pesquisa espont\u00e2nea, \u00c2ngelo M\u00e1rio tem a prefer\u00eancia de 66,7 % dos eleitores entrevistados, em face de 26,3 % de Dayane do Vale. Os eleitores que n\u00e3o sabem ou n\u00e3o responderam somaram 7%.<\/p>\n\n\n\n<figure class=\"wp-block-image size-full is-resized\"><img loading=\"lazy\" decoding=\"async\" width=\"1000\" height=\"707\" src=\"https:\/\/focotocantinense.com.br\/wp-content\/uploads\/2024\/08\/bbb.webp\" alt=\"\" class=\"wp-image-8272\" style=\"width:840px;height:auto\" srcset=\"https:\/\/focotocantinense.com.br\/wp-content\/uploads\/2024\/08\/bbb.webp 1000w, https:\/\/focotocantinense.com.br\/wp-content\/uploads\/2024\/08\/bbb-300x212.webp 300w, https:\/\/focotocantinense.com.br\/wp-content\/uploads\/2024\/08\/bbb-768x543.webp 768w\" sizes=\"auto, (max-width: 1000px) 100vw, 1000px\" \/><\/figure>\n\n\n\n<p><strong>REJEI\u00c7\u00c3O<\/strong><\/p>\n\n\n\n<p>O Instituto Seta de Pesquisa tamb\u00e9m analisou a rejei\u00e7\u00e3o dos dois pr\u00e9-candidatos. 33 % dos entrevistados responderam que n\u00e3o votariam na vereadora Dayane do Vale, enquanto o vice-prefeito \u00c2ngelo M\u00e1rio foi citado por 16,7 %. Outros 9,3% manifestaram que n\u00e3o rejeitam ningu\u00e9m, nulo ou branco. 41,1% n\u00e3o sabem ou n\u00e3o responderam.<\/p>\n\n\n\n<figure class=\"wp-block-image size-full\"><img loading=\"lazy\" decoding=\"async\" width=\"1000\" height=\"710\" src=\"https:\/\/focotocantinense.com.br\/wp-content\/uploads\/2024\/08\/ccc.webp\" alt=\"\" class=\"wp-image-8273\" srcset=\"https:\/\/focotocantinense.com.br\/wp-content\/uploads\/2024\/08\/ccc.webp 1000w, https:\/\/focotocantinense.com.br\/wp-content\/uploads\/2024\/08\/ccc-300x213.webp 300w, https:\/\/focotocantinense.com.br\/wp-content\/uploads\/2024\/08\/ccc-768x545.webp 768w\" sizes=\"auto, (max-width: 1000px) 100vw, 1000px\" \/><\/figure>\n\n\n\n<p><strong>AVALIA\u00c7\u00c3O DO PREFEITO E DO GOVERNADOR<\/strong><\/p>\n\n\n\n<p>A sondagem tamb\u00e9m avaliou a aprova\u00e7\u00e3o do Prefeito Dircineu Bolina e do Governador Wanderlei Barbosa.<\/p>\n\n\n\n<p>Quando perguntados se aprovam ou reprovam a gest\u00e3o do atual Prefeito, 87% manifestaram pela aprova\u00e7\u00e3o e 12% desaprovaram. N\u00e3o sabem ou n\u00e3o responderam somaram 1%.<\/p>\n\n\n\n<p>J\u00e1 a aprova\u00e7\u00e3o do Governador Wanderlei Barbosa foi de 86% e 14% n\u00e3o aprovaram.<\/p>\n\n\n\n<p>A pesquisa foi realizada no dia 13 de agosto de 2024 e entrevistou 270 eleitores (as). O munic\u00edpio tem 2.193 habitantes, segundo o Censo 2022 do IBGE. O grau de confian\u00e7a dos n\u00fameros \u00e9 de 95% com uma margem de erro de 5,0 pontos percentuais para mais ou para menos. O registro no Tribunal Regional Eleitoral do Tocantins \u00e9 TO-09309\/2024. O contratante \u00e9 o pr\u00f3prio instituto.<\/p>\n\n\n\n<figure class=\"wp-block-image size-full\"><img loading=\"lazy\" decoding=\"async\" width=\"1000\" height=\"712\" src=\"https:\/\/focotocantinense.com.br\/wp-content\/uploads\/2024\/08\/dd.webp\" alt=\"\" class=\"wp-image-8274\" srcset=\"https:\/\/focotocantinense.com.br\/wp-content\/uploads\/2024\/08\/dd.webp 1000w, https:\/\/focotocantinense.com.br\/wp-content\/uploads\/2024\/08\/dd-300x214.webp 300w, https:\/\/focotocantinense.com.br\/wp-content\/uploads\/2024\/08\/dd-768x547.webp 768w\" sizes=\"auto, (max-width: 1000px) 100vw, 1000px\" \/><\/figure>\n\n\n\n<p><\/p>\n\n\n\n<figure class=\"wp-block-image size-full\"><img loading=\"lazy\" decoding=\"async\" width=\"843\" height=\"251\" src=\"https:\/\/focotocantinense.com.br\/wp-content\/uploads\/2024\/08\/VINI_181_282-1-3.jpg\" alt=\"\" class=\"wp-image-8269\" srcset=\"https:\/\/focotocantinense.com.br\/wp-content\/uploads\/2024\/08\/VINI_181_282-1-3.jpg 843w, https:\/\/focotocantinense.com.br\/wp-content\/uploads\/2024\/08\/VINI_181_282-1-3-300x89.jpg 300w, https:\/\/focotocantinense.com.br\/wp-content\/uploads\/2024\/08\/VINI_181_282-1-3-768x229.jpg 768w\" sizes=\"auto, (max-width: 843px) 100vw, 843px\" \/><\/figure>\n","protected":false},"excerpt":{"rendered":"<p>Na corrida sucess\u00f3ria de Pugmil, o vice-prefeito e pr\u00e9-candidato do UNI\u00c3O BRASIL, aparece na lideran\u00e7a das inten\u00e7\u00f5es de voto para as elei\u00e7\u00f5es de 2024, conforme pesquisa realizada pelo INSTITUTO SETA DE PESQUISA e divulgada nesta quarta-feira (14 de agosto). De acordo com o levantamento, se as elei\u00e7\u00f5es fossem hoje, no cen\u00e1rio estimulado o atual vice-prefeito &hellip;<\/p>\n","protected":false},"author":5,"featured_media":8267,"comment_status":"open","ping_status":"open","sticky":false,"template":"","format":"standard","meta":{"footnotes":""},"categories":[40,1],"tags":[],"class_list":["post-8266","post","type-post","status-publish","format-standard","has-post-thumbnail","","category-politica","category-sem-categoria"],"_links":{"self":[{"href":"https:\/\/focotocantinense.com.br\/index.php?rest_route=\/wp\/v2\/posts\/8266","targetHints":{"allow":["GET"]}}],"collection":[{"href":"https:\/\/focotocantinense.com.br\/index.php?rest_route=\/wp\/v2\/posts"}],"about":[{"href":"https:\/\/focotocantinense.com.br\/index.php?rest_route=\/wp\/v2\/types\/post"}],"author":[{"embeddable":true,"href":"https:\/\/focotocantinense.com.br\/index.php?rest_route=\/wp\/v2\/users\/5"}],"replies":[{"embeddable":true,"href":"https:\/\/focotocantinense.com.br\/index.php?rest_route=%2Fwp%2Fv2%2Fcomments&post=8266"}],"version-history":[{"count":4,"href":"https:\/\/focotocantinense.com.br\/index.php?rest_route=\/wp\/v2\/posts\/8266\/revisions"}],"predecessor-version":[{"id":8276,"href":"https:\/\/focotocantinense.com.br\/index.php?rest_route=\/wp\/v2\/posts\/8266\/revisions\/8276"}],"wp:featuredmedia":[{"embeddable":true,"href":"https:\/\/focotocantinense.com.br\/index.php?rest_route=\/wp\/v2\/media\/8267"}],"wp:attachment":[{"href":"https:\/\/focotocantinense.com.br\/index.php?rest_route=%2Fwp%2Fv2%2Fmedia&parent=8266"}],"wp:term":[{"taxonomy":"category","embeddable":true,"href":"https:\/\/focotocantinense.com.br\/index.php?rest_route=%2Fwp%2Fv2%2Fcategories&post=8266"},{"taxonomy":"post_tag","embeddable":true,"href":"https:\/\/focotocantinense.com.br\/index.php?rest_route=%2Fwp%2Fv2%2Ftags&post=8266"}],"curies":[{"name":"wp","href":"https:\/\/api.w.org\/{rel}","templated":true}]}}