{"id":8254,"date":"2024-08-14T16:17:18","date_gmt":"2024-08-14T19:17:18","guid":{"rendered":"https:\/\/focotocantinense.com.br\/?p=8254"},"modified":"2024-08-14T16:20:18","modified_gmt":"2024-08-14T19:20:18","slug":"alunos-da-rede-municipal-de-educacao-em-tocantinia-sao-medalhistas-de-ouro-no-fase-regional-dos-jets","status":"publish","type":"post","link":"https:\/\/focotocantinense.com.br\/?p=8254","title":{"rendered":"Alunos da rede municipal de educa\u00e7\u00e3o em Tocant\u00ednia s\u00e3o medalhistas de ouro no fase regional dos JET&#8217;S"},"content":{"rendered":"\n<p><strong>Zacarias Martins<\/strong><\/p>\n\n\n\n<p>Nesta segunda-feira, dia 12, na cidade de Miracema do Tocantins ocorreu abertura da fase regional dos Jogos Estudantis do Estado do Tocantins \u2013 JET\u2019S, cujo os alunos da rede municipal de Tocant\u00ednia participaram representados pelas Escolas Ana Alves de Brito e Benvindo Sousa Luz.<\/p>\n\n\n\n<figure class=\"wp-block-image size-large is-resized\"><img loading=\"lazy\" decoding=\"async\" width=\"1024\" height=\"810\" src=\"https:\/\/focotocantinense.com.br\/wp-content\/uploads\/2024\/08\/5-jets-1024x810.jpg\" alt=\"\" class=\"wp-image-8260\" style=\"width:374px;height:auto\" srcset=\"https:\/\/focotocantinense.com.br\/wp-content\/uploads\/2024\/08\/5-jets-1024x810.jpg 1024w, https:\/\/focotocantinense.com.br\/wp-content\/uploads\/2024\/08\/5-jets-300x237.jpg 300w, https:\/\/focotocantinense.com.br\/wp-content\/uploads\/2024\/08\/5-jets-768x607.jpg 768w, https:\/\/focotocantinense.com.br\/wp-content\/uploads\/2024\/08\/5-jets.jpg 1280w\" sizes=\"auto, (max-width: 1024px) 100vw, 1024px\" \/><\/figure>\n\n\n\n<p><\/p>\n\n\n\n<p>Tocant\u00ednia foi o \u00fanico munic\u00edpio a enviar alunos atletas para a supracitada competi\u00e7\u00e3o regional que aconteceu de 12 a 14 de agosto.<\/p>\n\n\n\n<p>Os atletas da rede municipal de educa\u00e7\u00e3o de Tocant\u00ednia &nbsp;participaram dos jogos concorrendo nas seguintes modalidades: atletismo, xadrez e t\u00eanis de mesa. Os atletas foram orientados em seus treinamentos e na competi\u00e7\u00e3o pela professora de Educa\u00e7\u00e3o F\u00edsica Railane Nonata dos Santos e o professor auxiliar t\u00e9cnico Leilton Pereira Campos.<\/p>\n\n\n\n<p>Foi a primeira vez que os alunos da rede municipal de Educa\u00e7\u00e3o participaram &nbsp;dos JET&#8217;S \u2013 fase regional que \u00e9 uma a\u00e7\u00e3o que faz parte do plano de trabalho da Assessoria de Educa\u00e7\u00e3o F\u00edsica da Secretaria Municipal de Educa\u00e7\u00e3o de Tocant\u00ednia e das atividades de Jornada Ampliada das Escolas Municipais, inclusive, &nbsp;as referidas neste evento.<\/p>\n\n\n\n<figure class=\"wp-block-image size-large is-resized\"><img loading=\"lazy\" decoding=\"async\" width=\"1024\" height=\"768\" src=\"https:\/\/focotocantinense.com.br\/wp-content\/uploads\/2024\/08\/1-jJETS-TOCANTINIA-1024x768.jpg\" alt=\"\" class=\"wp-image-8258\" style=\"width:840px;height:auto\" srcset=\"https:\/\/focotocantinense.com.br\/wp-content\/uploads\/2024\/08\/1-jJETS-TOCANTINIA-1024x768.jpg 1024w, https:\/\/focotocantinense.com.br\/wp-content\/uploads\/2024\/08\/1-jJETS-TOCANTINIA-300x225.jpg 300w, https:\/\/focotocantinense.com.br\/wp-content\/uploads\/2024\/08\/1-jJETS-TOCANTINIA-768x576.jpg 768w, https:\/\/focotocantinense.com.br\/wp-content\/uploads\/2024\/08\/1-jJETS-TOCANTINIA.jpg 1280w\" sizes=\"auto, (max-width: 1024px) 100vw, 1024px\" \/><\/figure>\n\n\n\n<p><\/p>\n\n\n\n<p>Ao concluir a participa\u00e7\u00e3o nos JETS&nbsp; os atletas de Tocant\u00ednia &nbsp;sagraram-se campe\u00f5es pela Escola Municipal Ana Alves de Brito Michael Douglas Barbosa &#8211; ouro no t\u00eanis de mesa, Anderson Ferreira &#8211; ouro nos 2.000 metros, Davi Martins &#8211; prata nos 150 metros, Josiel Moura &#8211; bronze nos 800 metros, Marcos R\u00f4mulo Marinho &#8211; prata no xadrez. Os alunos atletas das modalidades de atletismo 2000 metros, T\u00eanis de Mesa e Xadrez foram classificados para a fase estadual dos JETS. \u201c<\/p>\n\n\n\n<p>O aluno Maicon Douglas Barbosa Ribeiro do 9\u00ba ano da Escola Municipal &nbsp;Ana Alves de Brito, sagrou-se Medalhista de Ouro e &nbsp;conduziu a Tocha Ol\u00edmpica na cerim\u00f4nia de abertura,&nbsp; classificando-se assim, &nbsp;para a fase estadual.<\/p>\n\n\n\n<figure class=\"wp-block-image size-full is-resized\"><img loading=\"lazy\" decoding=\"async\" width=\"664\" height=\"455\" src=\"https:\/\/focotocantinense.com.br\/wp-content\/uploads\/2024\/08\/1-JETS-TOCANTINIA.jpg\" alt=\"\" class=\"wp-image-8256\" style=\"width:837px;height:auto\" srcset=\"https:\/\/focotocantinense.com.br\/wp-content\/uploads\/2024\/08\/1-JETS-TOCANTINIA.jpg 664w, https:\/\/focotocantinense.com.br\/wp-content\/uploads\/2024\/08\/1-JETS-TOCANTINIA-300x206.jpg 300w, https:\/\/focotocantinense.com.br\/wp-content\/uploads\/2024\/08\/1-JETS-TOCANTINIA-110x75.jpg 110w\" sizes=\"auto, (max-width: 664px) 100vw, 664px\" \/><\/figure>\n\n\n\n<p><\/p>\n\n\n\n<p>\u201cFoi muito boa a nossa participa\u00e7\u00e3o nos jogos, estou muito feliz com os resultados. Ser classificado para a fase estadual, ent\u00e3o, &nbsp;foi sensacional. Essa \u00e9 uma experi\u00eancia \u00fanica principalmente, porque foi a primeira da minha vida. E a primeira medalha de ouro a gente nunca esquece,\u201d declarou o atleta.<\/p>\n\n\n\n<p>Com esses resultados positivos, a treinadora Railane Nonata dos Santos, que &nbsp;acompanhou os alunos da Escola Municipal Ana Alves de Brito, localizada na zona rural de Tocant\u00ednia, diz, com orgulho, que esta foi !uma experi\u00eancia maravilhosa, desde o evento de abertura, alojamento e as competi\u00e7\u00f5es. Seis alunos competiram, cinco foram medalhistas e tr\u00eas classificados para a fase Estadual. S\u00f3 tenho a agradecer todos envolvidos para fazer esse momento acontecer, foi uma experi\u00eancia incr\u00edvel para mim e para os atletas\u201d, finalizou a treinadora.<\/p>\n\n\n\n<figure class=\"wp-block-image size-large\"><img loading=\"lazy\" decoding=\"async\" width=\"768\" height=\"1024\" src=\"https:\/\/focotocantinense.com.br\/wp-content\/uploads\/2024\/08\/4-JETS-768x1024.jpg\" alt=\"\" class=\"wp-image-8255\" srcset=\"https:\/\/focotocantinense.com.br\/wp-content\/uploads\/2024\/08\/4-JETS-768x1024.jpg 768w, https:\/\/focotocantinense.com.br\/wp-content\/uploads\/2024\/08\/4-JETS-225x300.jpg 225w, https:\/\/focotocantinense.com.br\/wp-content\/uploads\/2024\/08\/4-JETS.jpg 960w\" sizes=\"auto, (max-width: 768px) 100vw, 768px\" \/><\/figure>\n\n\n\n<p><\/p>\n\n\n\n<figure class=\"wp-block-image size-full\"><img loading=\"lazy\" decoding=\"async\" width=\"843\" height=\"251\" src=\"https:\/\/focotocantinense.com.br\/wp-content\/uploads\/2024\/08\/VINI_181_282-1-2.jpg\" alt=\"\" class=\"wp-image-8241\" srcset=\"https:\/\/focotocantinense.com.br\/wp-content\/uploads\/2024\/08\/VINI_181_282-1-2.jpg 843w, https:\/\/focotocantinense.com.br\/wp-content\/uploads\/2024\/08\/VINI_181_282-1-2-300x89.jpg 300w, https:\/\/focotocantinense.com.br\/wp-content\/uploads\/2024\/08\/VINI_181_282-1-2-768x229.jpg 768w\" sizes=\"auto, (max-width: 843px) 100vw, 843px\" \/><\/figure>\n","protected":false},"excerpt":{"rendered":"<p>Zacarias Martins Nesta segunda-feira, dia 12, na cidade de Miracema do Tocantins ocorreu abertura da fase regional dos Jogos Estudantis do Estado do Tocantins \u2013 JET\u2019S, cujo os alunos da rede municipal de Tocant\u00ednia participaram representados pelas Escolas Ana Alves de Brito e Benvindo Sousa Luz. Tocant\u00ednia foi o \u00fanico munic\u00edpio a enviar alunos atletas &hellip;<\/p>\n","protected":false},"author":5,"featured_media":8260,"comment_status":"open","ping_status":"open","sticky":false,"template":"","format":"standard","meta":{"footnotes":""},"categories":[1,78],"tags":[],"class_list":["post-8254","post","type-post","status-publish","format-standard","has-post-thumbnail","","category-sem-categoria","category-tocantinia"],"_links":{"self":[{"href":"https:\/\/focotocantinense.com.br\/index.php?rest_route=\/wp\/v2\/posts\/8254","targetHints":{"allow":["GET"]}}],"collection":[{"href":"https:\/\/focotocantinense.com.br\/index.php?rest_route=\/wp\/v2\/posts"}],"about":[{"href":"https:\/\/focotocantinense.com.br\/index.php?rest_route=\/wp\/v2\/types\/post"}],"author":[{"embeddable":true,"href":"https:\/\/focotocantinense.com.br\/index.php?rest_route=\/wp\/v2\/users\/5"}],"replies":[{"embeddable":true,"href":"https:\/\/focotocantinense.com.br\/index.php?rest_route=%2Fwp%2Fv2%2Fcomments&post=8254"}],"version-history":[{"count":4,"href":"https:\/\/focotocantinense.com.br\/index.php?rest_route=\/wp\/v2\/posts\/8254\/revisions"}],"predecessor-version":[{"id":8263,"href":"https:\/\/focotocantinense.com.br\/index.php?rest_route=\/wp\/v2\/posts\/8254\/revisions\/8263"}],"wp:featuredmedia":[{"embeddable":true,"href":"https:\/\/focotocantinense.com.br\/index.php?rest_route=\/wp\/v2\/media\/8260"}],"wp:attachment":[{"href":"https:\/\/focotocantinense.com.br\/index.php?rest_route=%2Fwp%2Fv2%2Fmedia&parent=8254"}],"wp:term":[{"taxonomy":"category","embeddable":true,"href":"https:\/\/focotocantinense.com.br\/index.php?rest_route=%2Fwp%2Fv2%2Fcategories&post=8254"},{"taxonomy":"post_tag","embeddable":true,"href":"https:\/\/focotocantinense.com.br\/index.php?rest_route=%2Fwp%2Fv2%2Ftags&post=8254"}],"curies":[{"name":"wp","href":"https:\/\/api.w.org\/{rel}","templated":true}]}}